{"id":369828,"date":"2026-03-10T13:51:55","date_gmt":"2026-03-10T12:51:55","guid":{"rendered":"https:\/\/radiociutat.com\/programes-podcast\/tarragona-daily-tarragona-une-patrimonio-y-danza-en-un-proyecto-de-videodanza\/"},"modified":"2026-03-10T13:51:55","modified_gmt":"2026-03-10T12:51:55","slug":"tarragona-daily-tarragona-une-patrimonio-y-danza-en-un-proyecto-de-videodanza","status":"publish","type":"post","link":"https:\/\/radiociutat.com\/es\/tarragona-daily-radio-ciutat-de-tarragona\/tarragona-daily-tarragona-une-patrimonio-y-danza-en-un-proyecto-de-videodanza\/","title":{"rendered":"Tarragona Daily | Tarragona une patrimonio y danza en un proyecto de videodanza"},"content":{"rendered":"\n<p><a href=\"https:\/\/radiociutat.com\/ultimes-noticies-tarragona\/croniques-actualitat\/tarragona-uneix-patrimoni-i-dansa-en-un-projecte-de-videodansa-per-promocionar-la-ciutat\/\">Tarragona une patrimonio y danza en un proyecto de videodanza para promocionar la ciudad<\/a><\/p>\n\n\n\n<p><strong>El Patronato Municipal de Turismo y la Tarragona Film Office han presentado \u201cEl cuerpo contempor\u00e1neo en la Tarragona eterna\u201d, un proyecto de videodanza creado con la bailarina Arantxa Sagardoy y el core\u00f3grafo Alfredo Bravo para promocionar la ciudad desde una mirada cultural.<\/strong><\/p>\n\n\n\n<p>&nbsp;La iniciativa combina patrimonio hist\u00f3rico y danza contempor\u00e1nea para mostrar espacios emblem\u00e1ticos de Tarragona a trav\u00e9s del movimiento. El proyecto incluye cinco piezas de videodanza que representan cinco etapas de la vida y se han grabado en escenarios como el Pont del Diable, el Pretorio, el Circo romano, el Anfiteatro y las Murallas. El objetivo es acercar el patrimonio a las nuevas generaciones y reivindicar la memoria como un elemento vivo.<\/p>\n\n\n\n<p><a href=\"https:\/\/radiociutat.com\/ultimes-noticies-tarragona\/croniques-actualitat\/erc-proposa-destinar-10-milions-del-romanent-municipal-a-habitatge-assequible\/\">ERC propone destinar 10 millones del remanente municipal a vivienda asequible<\/a><\/p>\n\n\n\n<p><strong>El Grupo Municipal de ERC en el Ayuntamiento de Tarragona ha propuesto invertir 10 millones de euros del remanente municipal en pol\u00edticas de vivienda con el objetivo de ampliar el parque p\u00fablico de alquiler asequible. Seg\u00fan los republicanos, esta inversi\u00f3n permitir\u00eda adquirir cerca de 200 viviendas e impulsar ayudas para rehabilitar pisos vac\u00edos e incorporarlos al mercado de alquiler accesible.<\/strong><\/p>\n\n\n\n<p>La propuesta tambi\u00e9n incluye 5 millones de euros para climatizar escuelas y mejorar las condiciones de los centros educativos ante el cambio clim\u00e1tico. Adem\u00e1s, ERC plantea 2,1 millones para aceras y 2 millones para asfaltado, especialmente en Entrevies, Riuclar y el entorno del Francol\u00ed. Los republicanos recuerdan que el remanente municipal supera los 19 millones de euros.<\/p>\n\n\n\n<p><a href=\"https:\/\/radiociutat.com\/ultimes-noticies-tarragona\/tres-persones-ateses-per-un-incendi-en-un-pis-a-la-rambla-de-ponent\/\">Tres personas atendidas por un incendio en un piso en la Rambla de Ponent<\/a><\/p>\n\n\n\n<p><strong>El Sistema de Emergencias M\u00e9dicas (SEM) ha atendido esta madrugada de martes a tres personas por un incendio en una vivienda en la Rambla de Ponent de Tarragona, tras ser evacuadas por los Bomberos.<\/strong><\/p>\n\n\n\n<p>Se trata de dos hombres que han tenido afectaciones leves y han sido dados de alta en el lugar, y una mujer en estado menos grave que ha sido trasladada al Hospital Joan XXIII. El fuego ha quemado totalmente un piso de la primera planta y la escalera comunitaria estaba llena de humo. Los vecinos se han confinado en los pisos y balcones y los Bomberos los han asistido hasta que la zona ha quedado asegurada y ventilada.<\/p>\n\n\n\n<p><a href=\"https:\/\/radiociutat.com\/provincia-de-tarragona\/demarcacio-tarragona\/camp-de-tarragona-demarcacio-tarragona\/tarragones\/tarragona-municipis\/el-port-de-tarragona-ampliara-el-calat-del-moll-de-castella-per-acollir-vaixells-de-gran-capacitat\/\">El Puerto ampliar\u00e1 el muelle de Castilla para acoger barcos de gran capacidad<\/a><\/p>\n\n\n\n<p><strong>La Autoridad Portuaria de Tarragona ha iniciado una actuaci\u00f3n en el muelle de Castilla para aumentar su calado hasta m\u00e1s de 15 metros, con el objetivo de permitir la llegada de barcos de mayor capacidad y mejorar la competitividad del puerto.<\/strong><\/p>\n\n\n\n<p>Para ello, se utiliza la tecnolog\u00eda jet-grouting, que refuerza el terreno bajo los cimientos del muelle y permite realizar un dragado profundo con seguridad, sin comprometer la estabilidad de la estructura.<\/p>\n\n\n\n<p>El proyecto ha comenzado con un banco de pruebas de tres meses y cuenta con una inversi\u00f3n inicial de unos 660.000 euros. Esta fase servir\u00e1 para validar la soluci\u00f3n t\u00e9cnica antes de aplicarla al resto del muelle.<\/p>\n","protected":false},"excerpt":{"rendered":"<p>Tarragona une patrimonio y danza en un proyecto de videodanza para promocionar la ciudad El Patronato Municipal de Turismo y la Tarragona Film Office han presentado \u201cEl cuerpo contempor\u00e1neo en la Tarragona eterna\u201d, un proyecto de videodanza creado con la bailarina Arantxa Sagardoy y el core\u00f3grafo Alfredo Bravo para promocionar la ciudad desde una mirada [&hellip;]<\/p>\n","protected":false},"author":84,"featured_media":368691,"comment_status":"closed","ping_status":"closed","sticky":false,"template":"","format":"standard","meta":{"footnotes":""},"categories":[13686],"tags":[],"class_list":["post-369828","post","type-post","status-publish","format-standard","has-post-thumbnail","hentry","category-tarragona-daily-radio-ciutat-de-tarragona"],"yoast_head":"<!-- This site is optimized with the Yoast SEO Premium plugin v27.4 (Yoast SEO v27.5) - https:\/\/yoast.com\/product\/yoast-seo-premium-wordpress\/ -->\n<title>Tarragona Daily | Tarragona une patrimonio y danza en un proyecto de videodanza - R\u00e0dio Ciutat de Tarragona<\/title>\n<meta name=\"robots\" content=\"index, follow, max-snippet:-1, max-image-preview:large, max-video-preview:-1\" \/>\n<link rel=\"canonical\" href=\"https:\/\/radiociutat.com\/es\/tarragona-daily-radio-ciutat-de-tarragona\/tarragona-daily-tarragona-une-patrimonio-y-danza-en-un-proyecto-de-videodanza\/\" \/>\n<meta property=\"og:locale\" content=\"es_ES\" \/>\n<meta property=\"og:type\" content=\"article\" \/>\n<meta property=\"og:title\" content=\"Tarragona Daily | Tarragona une patrimonio y danza en un proyecto de videodanza\" \/>\n<meta property=\"og:description\" content=\"Tarragona une patrimonio y danza en un proyecto de videodanza para promocionar la ciudad El Patronato Municipal de Turismo y la Tarragona Film Office han presentado \u201cEl cuerpo contempor\u00e1neo en la Tarragona eterna\u201d, un proyecto de videodanza creado con la bailarina Arantxa Sagardoy y el core\u00f3grafo Alfredo Bravo para promocionar la ciudad desde una mirada [&hellip;]\" \/>\n<meta property=\"og:url\" content=\"https:\/\/radiociutat.com\/es\/tarragona-daily-radio-ciutat-de-tarragona\/tarragona-daily-tarragona-une-patrimonio-y-danza-en-un-proyecto-de-videodanza\/\" \/>\n<meta property=\"og:site_name\" content=\"R\u00e0dio Ciutat de Tarragona\" \/>\n<meta property=\"article:publisher\" content=\"https:\/\/www.facebook.com\/rctgn\" \/>\n<meta property=\"article:published_time\" content=\"2026-03-10T12:51:55+00:00\" \/>\n<meta property=\"og:image\" content=\"https:\/\/files.radiociutat.com\/rctgn\/wp-content\/uploads\/2021\/03\/LOGO-RCTGN-RADIO-CIUTAT-DE-TARRAGONA-TRANSPARENTE-TARRAGONA-2020-3000X3000-Redes1-copia.png\" \/>\n\t<meta property=\"og:image:width\" content=\"3000\" \/>\n\t<meta property=\"og:image:height\" content=\"3000\" \/>\n\t<meta property=\"og:image:type\" content=\"image\/png\" \/>\n<meta name=\"author\" content=\"Adri\u00e0 Duch\" \/>\n<meta name=\"twitter:card\" content=\"summary_large_image\" \/>\n<meta name=\"twitter:creator\" content=\"@RCTgn\" \/>\n<meta name=\"twitter:site\" content=\"@RCTgn\" \/>\n<meta name=\"twitter:label1\" content=\"Escrito por\" \/>\n\t<meta name=\"twitter:data1\" content=\"Adri\u00e0 Duch\" \/>\n\t<meta name=\"twitter:label2\" content=\"Tiempo de lectura\" \/>\n\t<meta name=\"twitter:data2\" content=\"3 minutos\" \/>\n<script type=\"application\/ld+json\" class=\"yoast-schema-graph\">{\"@context\":\"https:\\\/\\\/schema.org\",\"@graph\":[{\"@type\":\"Article\",\"@id\":\"https:\\\/\\\/radiociutat.com\\\/es\\\/tarragona-daily-radio-ciutat-de-tarragona\\\/tarragona-daily-tarragona-une-patrimonio-y-danza-en-un-proyecto-de-videodanza\\\/#article\",\"isPartOf\":{\"@id\":\"https:\\\/\\\/radiociutat.com\\\/es\\\/tarragona-daily-radio-ciutat-de-tarragona\\\/tarragona-daily-tarragona-une-patrimonio-y-danza-en-un-proyecto-de-videodanza\\\/\"},\"author\":{\"name\":\"Adri\u00e0 Duch\",\"@id\":\"https:\\\/\\\/radiociutat.com\\\/es\\\/#\\\/schema\\\/person\\\/daeecbc4942e3432e8d8b8663bf7d714\"},\"headline\":\"Tarragona Daily | Tarragona une patrimonio y danza en un proyecto de videodanza\",\"datePublished\":\"2026-03-10T12:51:55+00:00\",\"mainEntityOfPage\":{\"@id\":\"https:\\\/\\\/radiociutat.com\\\/es\\\/tarragona-daily-radio-ciutat-de-tarragona\\\/tarragona-daily-tarragona-une-patrimonio-y-danza-en-un-proyecto-de-videodanza\\\/\"},\"wordCount\":529,\"image\":{\"@id\":\"https:\\\/\\\/radiociutat.com\\\/es\\\/tarragona-daily-radio-ciutat-de-tarragona\\\/tarragona-daily-tarragona-une-patrimonio-y-danza-en-un-proyecto-de-videodanza\\\/#primaryimage\"},\"thumbnailUrl\":\"https:\\\/\\\/files.radiociutat.com\\\/rctgn\\\/wp-content\\\/uploads\\\/2026\\\/03\\\/filmoffice-2.jpg\",\"articleSection\":[\"Tarragona Daily - R\u00e0dio Ciutat de Tarragona\"],\"inLanguage\":\"es\"},{\"@type\":\"WebPage\",\"@id\":\"https:\\\/\\\/radiociutat.com\\\/es\\\/tarragona-daily-radio-ciutat-de-tarragona\\\/tarragona-daily-tarragona-une-patrimonio-y-danza-en-un-proyecto-de-videodanza\\\/\",\"url\":\"https:\\\/\\\/radiociutat.com\\\/es\\\/tarragona-daily-radio-ciutat-de-tarragona\\\/tarragona-daily-tarragona-une-patrimonio-y-danza-en-un-proyecto-de-videodanza\\\/\",\"name\":\"Tarragona Daily | Tarragona une patrimonio y danza en un proyecto de videodanza - R\u00e0dio Ciutat de Tarragona\",\"isPartOf\":{\"@id\":\"https:\\\/\\\/radiociutat.com\\\/es\\\/#website\"},\"primaryImageOfPage\":{\"@id\":\"https:\\\/\\\/radiociutat.com\\\/es\\\/tarragona-daily-radio-ciutat-de-tarragona\\\/tarragona-daily-tarragona-une-patrimonio-y-danza-en-un-proyecto-de-videodanza\\\/#primaryimage\"},\"image\":{\"@id\":\"https:\\\/\\\/radiociutat.com\\\/es\\\/tarragona-daily-radio-ciutat-de-tarragona\\\/tarragona-daily-tarragona-une-patrimonio-y-danza-en-un-proyecto-de-videodanza\\\/#primaryimage\"},\"thumbnailUrl\":\"https:\\\/\\\/files.radiociutat.com\\\/rctgn\\\/wp-content\\\/uploads\\\/2026\\\/03\\\/filmoffice-2.jpg\",\"datePublished\":\"2026-03-10T12:51:55+00:00\",\"author\":{\"@id\":\"https:\\\/\\\/radiociutat.com\\\/es\\\/#\\\/schema\\\/person\\\/daeecbc4942e3432e8d8b8663bf7d714\"},\"breadcrumb\":{\"@id\":\"https:\\\/\\\/radiociutat.com\\\/es\\\/tarragona-daily-radio-ciutat-de-tarragona\\\/tarragona-daily-tarragona-une-patrimonio-y-danza-en-un-proyecto-de-videodanza\\\/#breadcrumb\"},\"inLanguage\":\"es\",\"potentialAction\":[{\"@type\":\"ReadAction\",\"target\":[\"https:\\\/\\\/radiociutat.com\\\/es\\\/tarragona-daily-radio-ciutat-de-tarragona\\\/tarragona-daily-tarragona-une-patrimonio-y-danza-en-un-proyecto-de-videodanza\\\/\"]}]},{\"@type\":\"ImageObject\",\"inLanguage\":\"es\",\"@id\":\"https:\\\/\\\/radiociutat.com\\\/es\\\/tarragona-daily-radio-ciutat-de-tarragona\\\/tarragona-daily-tarragona-une-patrimonio-y-danza-en-un-proyecto-de-videodanza\\\/#primaryimage\",\"url\":\"https:\\\/\\\/files.radiociutat.com\\\/rctgn\\\/wp-content\\\/uploads\\\/2026\\\/03\\\/filmoffice-2.jpg\",\"contentUrl\":\"https:\\\/\\\/files.radiociutat.com\\\/rctgn\\\/wp-content\\\/uploads\\\/2026\\\/03\\\/filmoffice-2.jpg\",\"width\":2000,\"height\":1333},{\"@type\":\"BreadcrumbList\",\"@id\":\"https:\\\/\\\/radiociutat.com\\\/es\\\/tarragona-daily-radio-ciutat-de-tarragona\\\/tarragona-daily-tarragona-une-patrimonio-y-danza-en-un-proyecto-de-videodanza\\\/#breadcrumb\",\"itemListElement\":[{\"@type\":\"ListItem\",\"position\":1,\"name\":\"Inici\",\"item\":\"https:\\\/\\\/radiociutat.com\\\/es\\\/\"},{\"@type\":\"ListItem\",\"position\":2,\"name\":\"Tarragona Daily | Tarragona une patrimonio y danza en un proyecto de videodanza\"}]},{\"@type\":\"WebSite\",\"@id\":\"https:\\\/\\\/radiociutat.com\\\/es\\\/#website\",\"url\":\"https:\\\/\\\/radiociutat.com\\\/es\\\/\",\"name\":\"R\u00e0dio Ciutat de Tarragona\",\"description\":\"R\u00e0dio Ciutat de Tarragona - RCTgn.cat R\u00e0dio Online\",\"potentialAction\":[{\"@type\":\"SearchAction\",\"target\":{\"@type\":\"EntryPoint\",\"urlTemplate\":\"https:\\\/\\\/radiociutat.com\\\/es\\\/?s={search_term_string}\"},\"query-input\":{\"@type\":\"PropertyValueSpecification\",\"valueRequired\":true,\"valueName\":\"search_term_string\"}}],\"inLanguage\":\"es\"},{\"@type\":\"Person\",\"@id\":\"https:\\\/\\\/radiociutat.com\\\/es\\\/#\\\/schema\\\/person\\\/daeecbc4942e3432e8d8b8663bf7d714\",\"name\":\"Adri\u00e0 Duch\",\"sameAs\":[\"https:\\\/\\\/radiociutat.com\\\/wp-content\\\/uploads\\\/2024\\\/02\\\/ADRIA-DUCH.png\"],\"url\":\"https:\\\/\\\/radiociutat.com\\\/es\\\/author\\\/adria-duch\\\/\"}]}<\/script>\n<!-- \/ Yoast SEO Premium plugin. -->","yoast_head_json":{"title":"Tarragona Daily | Tarragona une patrimonio y danza en un proyecto de videodanza - R\u00e0dio Ciutat de Tarragona","robots":{"index":"index","follow":"follow","max-snippet":"max-snippet:-1","max-image-preview":"max-image-preview:large","max-video-preview":"max-video-preview:-1"},"canonical":"https:\/\/radiociutat.com\/es\/tarragona-daily-radio-ciutat-de-tarragona\/tarragona-daily-tarragona-une-patrimonio-y-danza-en-un-proyecto-de-videodanza\/","og_locale":"es_ES","og_type":"article","og_title":"Tarragona Daily | Tarragona une patrimonio y danza en un proyecto de videodanza","og_description":"Tarragona une patrimonio y danza en un proyecto de videodanza para promocionar la ciudad El Patronato Municipal de Turismo y la Tarragona Film Office han presentado \u201cEl cuerpo contempor\u00e1neo en la Tarragona eterna\u201d, un proyecto de videodanza creado con la bailarina Arantxa Sagardoy y el core\u00f3grafo Alfredo Bravo para promocionar la ciudad desde una mirada [&hellip;]","og_url":"https:\/\/radiociutat.com\/es\/tarragona-daily-radio-ciutat-de-tarragona\/tarragona-daily-tarragona-une-patrimonio-y-danza-en-un-proyecto-de-videodanza\/","og_site_name":"R\u00e0dio Ciutat de Tarragona","article_publisher":"https:\/\/www.facebook.com\/rctgn","article_published_time":"2026-03-10T12:51:55+00:00","og_image":[{"width":3000,"height":3000,"url":"https:\/\/files.radiociutat.com\/rctgn\/wp-content\/uploads\/2021\/03\/LOGO-RCTGN-RADIO-CIUTAT-DE-TARRAGONA-TRANSPARENTE-TARRAGONA-2020-3000X3000-Redes1-copia.png","type":"image\/png"}],"author":"Adri\u00e0 Duch","twitter_card":"summary_large_image","twitter_creator":"@RCTgn","twitter_site":"@RCTgn","twitter_misc":{"Escrito por":"Adri\u00e0 Duch","Tiempo de lectura":"3 minutos"},"schema":{"@context":"https:\/\/schema.org","@graph":[{"@type":"Article","@id":"https:\/\/radiociutat.com\/es\/tarragona-daily-radio-ciutat-de-tarragona\/tarragona-daily-tarragona-une-patrimonio-y-danza-en-un-proyecto-de-videodanza\/#article","isPartOf":{"@id":"https:\/\/radiociutat.com\/es\/tarragona-daily-radio-ciutat-de-tarragona\/tarragona-daily-tarragona-une-patrimonio-y-danza-en-un-proyecto-de-videodanza\/"},"author":{"name":"Adri\u00e0 Duch","@id":"https:\/\/radiociutat.com\/es\/#\/schema\/person\/daeecbc4942e3432e8d8b8663bf7d714"},"headline":"Tarragona Daily | Tarragona une patrimonio y danza en un proyecto de videodanza","datePublished":"2026-03-10T12:51:55+00:00","mainEntityOfPage":{"@id":"https:\/\/radiociutat.com\/es\/tarragona-daily-radio-ciutat-de-tarragona\/tarragona-daily-tarragona-une-patrimonio-y-danza-en-un-proyecto-de-videodanza\/"},"wordCount":529,"image":{"@id":"https:\/\/radiociutat.com\/es\/tarragona-daily-radio-ciutat-de-tarragona\/tarragona-daily-tarragona-une-patrimonio-y-danza-en-un-proyecto-de-videodanza\/#primaryimage"},"thumbnailUrl":"https:\/\/files.radiociutat.com\/rctgn\/wp-content\/uploads\/2026\/03\/filmoffice-2.jpg","articleSection":["Tarragona Daily - R\u00e0dio Ciutat de Tarragona"],"inLanguage":"es"},{"@type":"WebPage","@id":"https:\/\/radiociutat.com\/es\/tarragona-daily-radio-ciutat-de-tarragona\/tarragona-daily-tarragona-une-patrimonio-y-danza-en-un-proyecto-de-videodanza\/","url":"https:\/\/radiociutat.com\/es\/tarragona-daily-radio-ciutat-de-tarragona\/tarragona-daily-tarragona-une-patrimonio-y-danza-en-un-proyecto-de-videodanza\/","name":"Tarragona Daily | Tarragona une patrimonio y danza en un proyecto de videodanza - R\u00e0dio Ciutat de Tarragona","isPartOf":{"@id":"https:\/\/radiociutat.com\/es\/#website"},"primaryImageOfPage":{"@id":"https:\/\/radiociutat.com\/es\/tarragona-daily-radio-ciutat-de-tarragona\/tarragona-daily-tarragona-une-patrimonio-y-danza-en-un-proyecto-de-videodanza\/#primaryimage"},"image":{"@id":"https:\/\/radiociutat.com\/es\/tarragona-daily-radio-ciutat-de-tarragona\/tarragona-daily-tarragona-une-patrimonio-y-danza-en-un-proyecto-de-videodanza\/#primaryimage"},"thumbnailUrl":"https:\/\/files.radiociutat.com\/rctgn\/wp-content\/uploads\/2026\/03\/filmoffice-2.jpg","datePublished":"2026-03-10T12:51:55+00:00","author":{"@id":"https:\/\/radiociutat.com\/es\/#\/schema\/person\/daeecbc4942e3432e8d8b8663bf7d714"},"breadcrumb":{"@id":"https:\/\/radiociutat.com\/es\/tarragona-daily-radio-ciutat-de-tarragona\/tarragona-daily-tarragona-une-patrimonio-y-danza-en-un-proyecto-de-videodanza\/#breadcrumb"},"inLanguage":"es","potentialAction":[{"@type":"ReadAction","target":["https:\/\/radiociutat.com\/es\/tarragona-daily-radio-ciutat-de-tarragona\/tarragona-daily-tarragona-une-patrimonio-y-danza-en-un-proyecto-de-videodanza\/"]}]},{"@type":"ImageObject","inLanguage":"es","@id":"https:\/\/radiociutat.com\/es\/tarragona-daily-radio-ciutat-de-tarragona\/tarragona-daily-tarragona-une-patrimonio-y-danza-en-un-proyecto-de-videodanza\/#primaryimage","url":"https:\/\/files.radiociutat.com\/rctgn\/wp-content\/uploads\/2026\/03\/filmoffice-2.jpg","contentUrl":"https:\/\/files.radiociutat.com\/rctgn\/wp-content\/uploads\/2026\/03\/filmoffice-2.jpg","width":2000,"height":1333},{"@type":"BreadcrumbList","@id":"https:\/\/radiociutat.com\/es\/tarragona-daily-radio-ciutat-de-tarragona\/tarragona-daily-tarragona-une-patrimonio-y-danza-en-un-proyecto-de-videodanza\/#breadcrumb","itemListElement":[{"@type":"ListItem","position":1,"name":"Inici","item":"https:\/\/radiociutat.com\/es\/"},{"@type":"ListItem","position":2,"name":"Tarragona Daily | Tarragona une patrimonio y danza en un proyecto de videodanza"}]},{"@type":"WebSite","@id":"https:\/\/radiociutat.com\/es\/#website","url":"https:\/\/radiociutat.com\/es\/","name":"R\u00e0dio Ciutat de Tarragona","description":"R\u00e0dio Ciutat de Tarragona - RCTgn.cat R\u00e0dio Online","potentialAction":[{"@type":"SearchAction","target":{"@type":"EntryPoint","urlTemplate":"https:\/\/radiociutat.com\/es\/?s={search_term_string}"},"query-input":{"@type":"PropertyValueSpecification","valueRequired":true,"valueName":"search_term_string"}}],"inLanguage":"es"},{"@type":"Person","@id":"https:\/\/radiociutat.com\/es\/#\/schema\/person\/daeecbc4942e3432e8d8b8663bf7d714","name":"Adri\u00e0 Duch","sameAs":["https:\/\/radiociutat.com\/wp-content\/uploads\/2024\/02\/ADRIA-DUCH.png"],"url":"https:\/\/radiociutat.com\/es\/author\/adria-duch\/"}]}},"_links":{"self":[{"href":"https:\/\/radiociutat.com\/es\/wp-json\/wp\/v2\/posts\/369828","targetHints":{"allow":["GET"]}}],"collection":[{"href":"https:\/\/radiociutat.com\/es\/wp-json\/wp\/v2\/posts"}],"about":[{"href":"https:\/\/radiociutat.com\/es\/wp-json\/wp\/v2\/types\/post"}],"author":[{"embeddable":true,"href":"https:\/\/radiociutat.com\/es\/wp-json\/wp\/v2\/users\/84"}],"replies":[{"embeddable":true,"href":"https:\/\/radiociutat.com\/es\/wp-json\/wp\/v2\/comments?post=369828"}],"version-history":[{"count":0,"href":"https:\/\/radiociutat.com\/es\/wp-json\/wp\/v2\/posts\/369828\/revisions"}],"wp:featuredmedia":[{"embeddable":true,"href":"https:\/\/radiociutat.com\/es\/wp-json\/wp\/v2\/media\/368691"}],"wp:attachment":[{"href":"https:\/\/radiociutat.com\/es\/wp-json\/wp\/v2\/media?parent=369828"}],"wp:term":[{"taxonomy":"category","embeddable":true,"href":"https:\/\/radiociutat.com\/es\/wp-json\/wp\/v2\/categories?post=369828"},{"taxonomy":"post_tag","embeddable":true,"href":"https:\/\/radiociutat.com\/es\/wp-json\/wp\/v2\/tags?post=369828"}],"curies":[{"name":"wp","href":"https:\/\/api.w.org\/{rel}","templated":true}]}}