{"id":369796,"date":"2026-03-09T13:59:53","date_gmt":"2026-03-09T12:59:53","guid":{"rendered":"https:\/\/radiociutat.com\/programes-podcast\/la-furgo-quinto-campeonato-de-patatas-bravas-en-mont-roig-y-miami-platja\/"},"modified":"2026-03-09T13:59:53","modified_gmt":"2026-03-09T12:59:53","slug":"la-furgo-quinto-campeonato-de-patatas-bravas-en-mont-roig-y-miami-platja","status":"publish","type":"post","link":"https:\/\/radiociutat.com\/es\/carrer-major-tarragona-secciones\/carrermajor-la-furgo\/la-furgo-quinto-campeonato-de-patatas-bravas-en-mont-roig-y-miami-platja\/","title":{"rendered":"La Furgo | Quinto Campeonato de Patatas Bravas en Mont-Roig y Miami Platja"},"content":{"rendered":"\n<p><strong>Hoy en La Furgo de #CarrerMajor<\/strong> hablamos de gastronom\u00eda y de una cita que ya se ha convertido en un cl\u00e1sico del calendario local: el <strong>quinto Campeonato de Patatas Bravas de Mont-Roig del Camp y Miami Platja<\/strong>. Para conocer todos los detalles, hemos contado con la presencia de <strong>Yolanda P\u00e9rez<\/strong>, concejala de Turismo y Comercio, que nos ha explicado c\u00f3mo funciona esta iniciativa que combina competencia, sabor y participaci\u00f3n ciudadana.<\/p>\n\n\n\n<p>Seg\u00fan P\u00e9rez, el concurso naci\u00f3 hace cinco a\u00f1os para poner en valor un plato muy querido, presente en todas las cocinas del municipio, y tambi\u00e9n para generar una <strong>rivalidad sana entre establecimientos<\/strong>. Cada cliente puede votar sus bravas favoritas directamente en el establecimiento, con un sistema controlado que ha registrado hasta <strong>5.000 votaciones en la edici\u00f3n pasada<\/strong>. El objetivo principal es que la gente conozca los establecimientos, probando las bravas pero tambi\u00e9n otras propuestas gastron\u00f3micas, todo a un precio asequible.<\/p>\n\n\n\n<p>En esta edici\u00f3n participan <strong>13 establecimientos<\/strong>, cada uno con su propia receta, ya sea por el tipo de fritura o la salsa, lo que garantiza una gran <strong>diversidad e innovaci\u00f3n<\/strong>. El campeonato se celebra del <strong>6 al 22 de marzo<\/strong>, buscando dinamizar el comercio local en una \u00e9poca de menos afluencia tur\u00edstica y aprovechando el evento para promocionar Mont-Roig y Miami Platja como destinos gastron\u00f3micos.<\/p>\n\n\n\n<p>P\u00e9rez destaca que el \u00e9xito del campeonato se nota tanto con visitantes de fuera como con residentes, con establecimientos que incluso abren puertas antes de la temporada alta gracias al impulso que supone el evento. Todo ello, asegura, hace que el concurso sea una experiencia divertida, participativa y de calidad.<\/p>\n","protected":false},"excerpt":{"rendered":"<p>Hoy en La Furgo de #CarrerMajor hablamos de gastronom\u00eda y de una cita que ya se ha convertido en un cl\u00e1sico del calendario local: el quinto Campeonato de Patatas Bravas de Mont-Roig del Camp y Miami Platja. Para conocer todos los detalles, hemos contado con la presencia de Yolanda P\u00e9rez, concejala de Turismo y Comercio, [&hellip;]<\/p>\n","protected":false},"author":84,"featured_media":368466,"comment_status":"closed","ping_status":"closed","sticky":false,"template":"","format":"standard","meta":{"footnotes":""},"categories":[13711],"tags":[13712,19],"class_list":["post-369796","post","type-post","status-publish","format-standard","has-post-thumbnail","hentry","category-carrermajor-la-furgo","tag-la-furgo-2","tag-tarragona"],"yoast_head":"<!-- This site is optimized with the Yoast SEO Premium plugin v27.4 (Yoast SEO v27.5) - https:\/\/yoast.com\/product\/yoast-seo-premium-wordpress\/ -->\n<title>La Furgo | Quinto Campeonato de Patatas Bravas en Mont-Roig y Miami Platja - R\u00e0dio Ciutat de Tarragona<\/title>\n<meta name=\"robots\" content=\"index, follow, max-snippet:-1, max-image-preview:large, max-video-preview:-1\" \/>\n<link rel=\"canonical\" href=\"https:\/\/radiociutat.com\/es\/carrer-major-tarragona-secciones\/carrermajor-la-furgo\/la-furgo-quinto-campeonato-de-patatas-bravas-en-mont-roig-y-miami-platja\/\" \/>\n<meta property=\"og:locale\" content=\"es_ES\" \/>\n<meta property=\"og:type\" content=\"article\" \/>\n<meta property=\"og:title\" content=\"La Furgo | Quinto Campeonato de Patatas Bravas en Mont-Roig y Miami Platja\" \/>\n<meta property=\"og:description\" content=\"Hoy en La Furgo de #CarrerMajor hablamos de gastronom\u00eda y de una cita que ya se ha convertido en un cl\u00e1sico del calendario local: el quinto Campeonato de Patatas Bravas de Mont-Roig del Camp y Miami Platja. Para conocer todos los detalles, hemos contado con la presencia de Yolanda P\u00e9rez, concejala de Turismo y Comercio, [&hellip;]\" \/>\n<meta property=\"og:url\" content=\"https:\/\/radiociutat.com\/es\/carrer-major-tarragona-secciones\/carrermajor-la-furgo\/la-furgo-quinto-campeonato-de-patatas-bravas-en-mont-roig-y-miami-platja\/\" \/>\n<meta property=\"og:site_name\" content=\"R\u00e0dio Ciutat de Tarragona\" \/>\n<meta property=\"article:publisher\" content=\"https:\/\/www.facebook.com\/rctgn\" \/>\n<meta property=\"article:published_time\" content=\"2026-03-09T12:59:53+00:00\" \/>\n<meta property=\"og:image\" content=\"https:\/\/files.radiociutat.com\/rctgn\/wp-content\/uploads\/2021\/03\/LOGO-RCTGN-RADIO-CIUTAT-DE-TARRAGONA-TRANSPARENTE-TARRAGONA-2020-3000X3000-Redes1-copia.png\" \/>\n\t<meta property=\"og:image:width\" content=\"3000\" \/>\n\t<meta property=\"og:image:height\" content=\"3000\" \/>\n\t<meta property=\"og:image:type\" content=\"image\/png\" \/>\n<meta name=\"author\" content=\"Adri\u00e0 Duch\" \/>\n<meta name=\"twitter:card\" content=\"summary_large_image\" \/>\n<meta name=\"twitter:creator\" content=\"@RCTgn\" \/>\n<meta name=\"twitter:site\" content=\"@RCTgn\" \/>\n<meta name=\"twitter:label1\" content=\"Escrito por\" \/>\n\t<meta name=\"twitter:data1\" content=\"Adri\u00e0 Duch\" \/>\n\t<meta name=\"twitter:label2\" content=\"Tiempo de lectura\" \/>\n\t<meta name=\"twitter:data2\" content=\"1 minuto\" \/>\n<script type=\"application\/ld+json\" class=\"yoast-schema-graph\">{\"@context\":\"https:\\\/\\\/schema.org\",\"@graph\":[{\"@type\":\"Article\",\"@id\":\"https:\\\/\\\/radiociutat.com\\\/es\\\/carrer-major-tarragona-secciones\\\/carrermajor-la-furgo\\\/la-furgo-quinto-campeonato-de-patatas-bravas-en-mont-roig-y-miami-platja\\\/#article\",\"isPartOf\":{\"@id\":\"https:\\\/\\\/radiociutat.com\\\/es\\\/carrer-major-tarragona-secciones\\\/carrermajor-la-furgo\\\/la-furgo-quinto-campeonato-de-patatas-bravas-en-mont-roig-y-miami-platja\\\/\"},\"author\":{\"name\":\"Adri\u00e0 Duch\",\"@id\":\"https:\\\/\\\/radiociutat.com\\\/es\\\/#\\\/schema\\\/person\\\/daeecbc4942e3432e8d8b8663bf7d714\"},\"headline\":\"La Furgo | Quinto Campeonato de Patatas Bravas en Mont-Roig y Miami Platja\",\"datePublished\":\"2026-03-09T12:59:53+00:00\",\"mainEntityOfPage\":{\"@id\":\"https:\\\/\\\/radiociutat.com\\\/es\\\/carrer-major-tarragona-secciones\\\/carrermajor-la-furgo\\\/la-furgo-quinto-campeonato-de-patatas-bravas-en-mont-roig-y-miami-platja\\\/\"},\"wordCount\":290,\"image\":{\"@id\":\"https:\\\/\\\/radiociutat.com\\\/es\\\/carrer-major-tarragona-secciones\\\/carrermajor-la-furgo\\\/la-furgo-quinto-campeonato-de-patatas-bravas-en-mont-roig-y-miami-platja\\\/#primaryimage\"},\"thumbnailUrl\":\"https:\\\/\\\/files.radiociutat.com\\\/rctgn\\\/wp-content\\\/uploads\\\/2026\\\/03\\\/IMG_5706.jpeg\",\"keywords\":[\"La Furgo\",\"Tarragona\"],\"articleSection\":[\"#CarrerMajor La Furgo\"],\"inLanguage\":\"es\"},{\"@type\":\"WebPage\",\"@id\":\"https:\\\/\\\/radiociutat.com\\\/es\\\/carrer-major-tarragona-secciones\\\/carrermajor-la-furgo\\\/la-furgo-quinto-campeonato-de-patatas-bravas-en-mont-roig-y-miami-platja\\\/\",\"url\":\"https:\\\/\\\/radiociutat.com\\\/es\\\/carrer-major-tarragona-secciones\\\/carrermajor-la-furgo\\\/la-furgo-quinto-campeonato-de-patatas-bravas-en-mont-roig-y-miami-platja\\\/\",\"name\":\"La Furgo | Quinto Campeonato de Patatas Bravas en Mont-Roig y Miami Platja - R\u00e0dio Ciutat de Tarragona\",\"isPartOf\":{\"@id\":\"https:\\\/\\\/radiociutat.com\\\/es\\\/#website\"},\"primaryImageOfPage\":{\"@id\":\"https:\\\/\\\/radiociutat.com\\\/es\\\/carrer-major-tarragona-secciones\\\/carrermajor-la-furgo\\\/la-furgo-quinto-campeonato-de-patatas-bravas-en-mont-roig-y-miami-platja\\\/#primaryimage\"},\"image\":{\"@id\":\"https:\\\/\\\/radiociutat.com\\\/es\\\/carrer-major-tarragona-secciones\\\/carrermajor-la-furgo\\\/la-furgo-quinto-campeonato-de-patatas-bravas-en-mont-roig-y-miami-platja\\\/#primaryimage\"},\"thumbnailUrl\":\"https:\\\/\\\/files.radiociutat.com\\\/rctgn\\\/wp-content\\\/uploads\\\/2026\\\/03\\\/IMG_5706.jpeg\",\"datePublished\":\"2026-03-09T12:59:53+00:00\",\"author\":{\"@id\":\"https:\\\/\\\/radiociutat.com\\\/es\\\/#\\\/schema\\\/person\\\/daeecbc4942e3432e8d8b8663bf7d714\"},\"breadcrumb\":{\"@id\":\"https:\\\/\\\/radiociutat.com\\\/es\\\/carrer-major-tarragona-secciones\\\/carrermajor-la-furgo\\\/la-furgo-quinto-campeonato-de-patatas-bravas-en-mont-roig-y-miami-platja\\\/#breadcrumb\"},\"inLanguage\":\"es\",\"potentialAction\":[{\"@type\":\"ReadAction\",\"target\":[\"https:\\\/\\\/radiociutat.com\\\/es\\\/carrer-major-tarragona-secciones\\\/carrermajor-la-furgo\\\/la-furgo-quinto-campeonato-de-patatas-bravas-en-mont-roig-y-miami-platja\\\/\"]}]},{\"@type\":\"ImageObject\",\"inLanguage\":\"es\",\"@id\":\"https:\\\/\\\/radiociutat.com\\\/es\\\/carrer-major-tarragona-secciones\\\/carrermajor-la-furgo\\\/la-furgo-quinto-campeonato-de-patatas-bravas-en-mont-roig-y-miami-platja\\\/#primaryimage\",\"url\":\"https:\\\/\\\/files.radiociutat.com\\\/rctgn\\\/wp-content\\\/uploads\\\/2026\\\/03\\\/IMG_5706.jpeg\",\"contentUrl\":\"https:\\\/\\\/files.radiociutat.com\\\/rctgn\\\/wp-content\\\/uploads\\\/2026\\\/03\\\/IMG_5706.jpeg\",\"width\":2073,\"height\":1170,\"caption\":\"Screenshot\"},{\"@type\":\"BreadcrumbList\",\"@id\":\"https:\\\/\\\/radiociutat.com\\\/es\\\/carrer-major-tarragona-secciones\\\/carrermajor-la-furgo\\\/la-furgo-quinto-campeonato-de-patatas-bravas-en-mont-roig-y-miami-platja\\\/#breadcrumb\",\"itemListElement\":[{\"@type\":\"ListItem\",\"position\":1,\"name\":\"Inici\",\"item\":\"https:\\\/\\\/radiociutat.com\\\/es\\\/\"},{\"@type\":\"ListItem\",\"position\":2,\"name\":\"La Furgo | Quinto Campeonato de Patatas Bravas en Mont-Roig y Miami Platja\"}]},{\"@type\":\"WebSite\",\"@id\":\"https:\\\/\\\/radiociutat.com\\\/es\\\/#website\",\"url\":\"https:\\\/\\\/radiociutat.com\\\/es\\\/\",\"name\":\"R\u00e0dio Ciutat de Tarragona\",\"description\":\"R\u00e0dio Ciutat de Tarragona - RCTgn.cat R\u00e0dio Online\",\"potentialAction\":[{\"@type\":\"SearchAction\",\"target\":{\"@type\":\"EntryPoint\",\"urlTemplate\":\"https:\\\/\\\/radiociutat.com\\\/es\\\/?s={search_term_string}\"},\"query-input\":{\"@type\":\"PropertyValueSpecification\",\"valueRequired\":true,\"valueName\":\"search_term_string\"}}],\"inLanguage\":\"es\"},{\"@type\":\"Person\",\"@id\":\"https:\\\/\\\/radiociutat.com\\\/es\\\/#\\\/schema\\\/person\\\/daeecbc4942e3432e8d8b8663bf7d714\",\"name\":\"Adri\u00e0 Duch\",\"sameAs\":[\"https:\\\/\\\/radiociutat.com\\\/wp-content\\\/uploads\\\/2024\\\/02\\\/ADRIA-DUCH.png\"],\"url\":\"https:\\\/\\\/radiociutat.com\\\/es\\\/author\\\/adria-duch\\\/\"}]}<\/script>\n<!-- \/ Yoast SEO Premium plugin. -->","yoast_head_json":{"title":"La Furgo | Quinto Campeonato de Patatas Bravas en Mont-Roig y Miami Platja - R\u00e0dio Ciutat de Tarragona","robots":{"index":"index","follow":"follow","max-snippet":"max-snippet:-1","max-image-preview":"max-image-preview:large","max-video-preview":"max-video-preview:-1"},"canonical":"https:\/\/radiociutat.com\/es\/carrer-major-tarragona-secciones\/carrermajor-la-furgo\/la-furgo-quinto-campeonato-de-patatas-bravas-en-mont-roig-y-miami-platja\/","og_locale":"es_ES","og_type":"article","og_title":"La Furgo | Quinto Campeonato de Patatas Bravas en Mont-Roig y Miami Platja","og_description":"Hoy en La Furgo de #CarrerMajor hablamos de gastronom\u00eda y de una cita que ya se ha convertido en un cl\u00e1sico del calendario local: el quinto Campeonato de Patatas Bravas de Mont-Roig del Camp y Miami Platja. Para conocer todos los detalles, hemos contado con la presencia de Yolanda P\u00e9rez, concejala de Turismo y Comercio, [&hellip;]","og_url":"https:\/\/radiociutat.com\/es\/carrer-major-tarragona-secciones\/carrermajor-la-furgo\/la-furgo-quinto-campeonato-de-patatas-bravas-en-mont-roig-y-miami-platja\/","og_site_name":"R\u00e0dio Ciutat de Tarragona","article_publisher":"https:\/\/www.facebook.com\/rctgn","article_published_time":"2026-03-09T12:59:53+00:00","og_image":[{"width":3000,"height":3000,"url":"https:\/\/files.radiociutat.com\/rctgn\/wp-content\/uploads\/2021\/03\/LOGO-RCTGN-RADIO-CIUTAT-DE-TARRAGONA-TRANSPARENTE-TARRAGONA-2020-3000X3000-Redes1-copia.png","type":"image\/png"}],"author":"Adri\u00e0 Duch","twitter_card":"summary_large_image","twitter_creator":"@RCTgn","twitter_site":"@RCTgn","twitter_misc":{"Escrito por":"Adri\u00e0 Duch","Tiempo de lectura":"1 minuto"},"schema":{"@context":"https:\/\/schema.org","@graph":[{"@type":"Article","@id":"https:\/\/radiociutat.com\/es\/carrer-major-tarragona-secciones\/carrermajor-la-furgo\/la-furgo-quinto-campeonato-de-patatas-bravas-en-mont-roig-y-miami-platja\/#article","isPartOf":{"@id":"https:\/\/radiociutat.com\/es\/carrer-major-tarragona-secciones\/carrermajor-la-furgo\/la-furgo-quinto-campeonato-de-patatas-bravas-en-mont-roig-y-miami-platja\/"},"author":{"name":"Adri\u00e0 Duch","@id":"https:\/\/radiociutat.com\/es\/#\/schema\/person\/daeecbc4942e3432e8d8b8663bf7d714"},"headline":"La Furgo | Quinto Campeonato de Patatas Bravas en Mont-Roig y Miami Platja","datePublished":"2026-03-09T12:59:53+00:00","mainEntityOfPage":{"@id":"https:\/\/radiociutat.com\/es\/carrer-major-tarragona-secciones\/carrermajor-la-furgo\/la-furgo-quinto-campeonato-de-patatas-bravas-en-mont-roig-y-miami-platja\/"},"wordCount":290,"image":{"@id":"https:\/\/radiociutat.com\/es\/carrer-major-tarragona-secciones\/carrermajor-la-furgo\/la-furgo-quinto-campeonato-de-patatas-bravas-en-mont-roig-y-miami-platja\/#primaryimage"},"thumbnailUrl":"https:\/\/files.radiociutat.com\/rctgn\/wp-content\/uploads\/2026\/03\/IMG_5706.jpeg","keywords":["La Furgo","Tarragona"],"articleSection":["#CarrerMajor La Furgo"],"inLanguage":"es"},{"@type":"WebPage","@id":"https:\/\/radiociutat.com\/es\/carrer-major-tarragona-secciones\/carrermajor-la-furgo\/la-furgo-quinto-campeonato-de-patatas-bravas-en-mont-roig-y-miami-platja\/","url":"https:\/\/radiociutat.com\/es\/carrer-major-tarragona-secciones\/carrermajor-la-furgo\/la-furgo-quinto-campeonato-de-patatas-bravas-en-mont-roig-y-miami-platja\/","name":"La Furgo | Quinto Campeonato de Patatas Bravas en Mont-Roig y Miami Platja - R\u00e0dio Ciutat de Tarragona","isPartOf":{"@id":"https:\/\/radiociutat.com\/es\/#website"},"primaryImageOfPage":{"@id":"https:\/\/radiociutat.com\/es\/carrer-major-tarragona-secciones\/carrermajor-la-furgo\/la-furgo-quinto-campeonato-de-patatas-bravas-en-mont-roig-y-miami-platja\/#primaryimage"},"image":{"@id":"https:\/\/radiociutat.com\/es\/carrer-major-tarragona-secciones\/carrermajor-la-furgo\/la-furgo-quinto-campeonato-de-patatas-bravas-en-mont-roig-y-miami-platja\/#primaryimage"},"thumbnailUrl":"https:\/\/files.radiociutat.com\/rctgn\/wp-content\/uploads\/2026\/03\/IMG_5706.jpeg","datePublished":"2026-03-09T12:59:53+00:00","author":{"@id":"https:\/\/radiociutat.com\/es\/#\/schema\/person\/daeecbc4942e3432e8d8b8663bf7d714"},"breadcrumb":{"@id":"https:\/\/radiociutat.com\/es\/carrer-major-tarragona-secciones\/carrermajor-la-furgo\/la-furgo-quinto-campeonato-de-patatas-bravas-en-mont-roig-y-miami-platja\/#breadcrumb"},"inLanguage":"es","potentialAction":[{"@type":"ReadAction","target":["https:\/\/radiociutat.com\/es\/carrer-major-tarragona-secciones\/carrermajor-la-furgo\/la-furgo-quinto-campeonato-de-patatas-bravas-en-mont-roig-y-miami-platja\/"]}]},{"@type":"ImageObject","inLanguage":"es","@id":"https:\/\/radiociutat.com\/es\/carrer-major-tarragona-secciones\/carrermajor-la-furgo\/la-furgo-quinto-campeonato-de-patatas-bravas-en-mont-roig-y-miami-platja\/#primaryimage","url":"https:\/\/files.radiociutat.com\/rctgn\/wp-content\/uploads\/2026\/03\/IMG_5706.jpeg","contentUrl":"https:\/\/files.radiociutat.com\/rctgn\/wp-content\/uploads\/2026\/03\/IMG_5706.jpeg","width":2073,"height":1170,"caption":"Screenshot"},{"@type":"BreadcrumbList","@id":"https:\/\/radiociutat.com\/es\/carrer-major-tarragona-secciones\/carrermajor-la-furgo\/la-furgo-quinto-campeonato-de-patatas-bravas-en-mont-roig-y-miami-platja\/#breadcrumb","itemListElement":[{"@type":"ListItem","position":1,"name":"Inici","item":"https:\/\/radiociutat.com\/es\/"},{"@type":"ListItem","position":2,"name":"La Furgo | Quinto Campeonato de Patatas Bravas en Mont-Roig y Miami Platja"}]},{"@type":"WebSite","@id":"https:\/\/radiociutat.com\/es\/#website","url":"https:\/\/radiociutat.com\/es\/","name":"R\u00e0dio Ciutat de Tarragona","description":"R\u00e0dio Ciutat de Tarragona - RCTgn.cat R\u00e0dio Online","potentialAction":[{"@type":"SearchAction","target":{"@type":"EntryPoint","urlTemplate":"https:\/\/radiociutat.com\/es\/?s={search_term_string}"},"query-input":{"@type":"PropertyValueSpecification","valueRequired":true,"valueName":"search_term_string"}}],"inLanguage":"es"},{"@type":"Person","@id":"https:\/\/radiociutat.com\/es\/#\/schema\/person\/daeecbc4942e3432e8d8b8663bf7d714","name":"Adri\u00e0 Duch","sameAs":["https:\/\/radiociutat.com\/wp-content\/uploads\/2024\/02\/ADRIA-DUCH.png"],"url":"https:\/\/radiociutat.com\/es\/author\/adria-duch\/"}]}},"_links":{"self":[{"href":"https:\/\/radiociutat.com\/es\/wp-json\/wp\/v2\/posts\/369796","targetHints":{"allow":["GET"]}}],"collection":[{"href":"https:\/\/radiociutat.com\/es\/wp-json\/wp\/v2\/posts"}],"about":[{"href":"https:\/\/radiociutat.com\/es\/wp-json\/wp\/v2\/types\/post"}],"author":[{"embeddable":true,"href":"https:\/\/radiociutat.com\/es\/wp-json\/wp\/v2\/users\/84"}],"replies":[{"embeddable":true,"href":"https:\/\/radiociutat.com\/es\/wp-json\/wp\/v2\/comments?post=369796"}],"version-history":[{"count":0,"href":"https:\/\/radiociutat.com\/es\/wp-json\/wp\/v2\/posts\/369796\/revisions"}],"wp:featuredmedia":[{"embeddable":true,"href":"https:\/\/radiociutat.com\/es\/wp-json\/wp\/v2\/media\/368466"}],"wp:attachment":[{"href":"https:\/\/radiociutat.com\/es\/wp-json\/wp\/v2\/media?parent=369796"}],"wp:term":[{"taxonomy":"category","embeddable":true,"href":"https:\/\/radiociutat.com\/es\/wp-json\/wp\/v2\/categories?post=369796"},{"taxonomy":"post_tag","embeddable":true,"href":"https:\/\/radiociutat.com\/es\/wp-json\/wp\/v2\/tags?post=369796"}],"curies":[{"name":"wp","href":"https:\/\/api.w.org\/{rel}","templated":true}]}}