{"id":369790,"date":"2026-03-09T11:34:34","date_gmt":"2026-03-09T10:34:34","guid":{"rendered":"https:\/\/radiociutat.com\/programes-podcast\/carrer-major-la-inteligencia-artificial-acelera-el-cambio-tecnologico-con-el-criminologo-jordi-palau\/"},"modified":"2026-03-09T11:34:34","modified_gmt":"2026-03-09T10:34:34","slug":"carrer-major-la-inteligencia-artificial-acelera-el-cambio-tecnologico-con-el-criminologo-jordi-palau","status":"publish","type":"post","link":"https:\/\/radiociutat.com\/es\/carrer-major-tarragona-secciones\/carrer-major-la-inteligencia-artificial-acelera-el-cambio-tecnologico-con-el-criminologo-jordi-palau\/","title":{"rendered":"Carrer Major | La inteligencia artificial acelera el cambio tecnol\u00f3gico, con el crimin\u00f3logo Jordi Palau"},"content":{"rendered":"\n<p>La inteligencia artificial se ha consolidado como una de las grandes protagonistas del <strong>Mobile World Congress de Barcelona<\/strong>, donde cada vez tienen m\u00e1s peso las soluciones basadas en esta tecnolog\u00eda. El crimin\u00f3logo <strong>Jordi Palau<\/strong> ha explicado en &#8216;Carrer Major&#8217; que nos encontramos ante una revoluci\u00f3n tecnol\u00f3gica comparable a la llegada de internet.<\/p>\n\n\n\n<p>Seg\u00fan Palau, la IA transformar\u00e1 profundamente el mercado laboral y podr\u00eda provocar que <strong>entre el 80% y el 90% de los trabajos actuales cambien o desaparezcan<\/strong>, aunque tambi\u00e9n se crear\u00e1n nuevas profesiones vinculadas a la gesti\u00f3n de esta tecnolog\u00eda.<\/p>\n\n\n\n<p>El crimin\u00f3logo tambi\u00e9n alerta de los riesgos de un mal uso, especialmente con <strong>contenidos falsos o manipulados que pueden facilitar situaciones de ciberacoso<\/strong>. Sin embargo, recuerda que la inteligencia artificial <strong>no toma decisiones por s\u00ed sola<\/strong>, sino que act\u00faa seg\u00fan las instrucciones que le dan las personas.<\/p>\n\n\n\n<p>Palau destaca especialmente el potencial de la IA en campos como <strong>la salud y la educaci\u00f3n<\/strong>, donde puede ayudar a detectar enfermedades con antelaci\u00f3n o facilitar el acceso al conocimiento. A pesar de los avances, subraya que su impacto depender\u00e1 del uso responsable que haga de ella la sociedad.<\/p>\n","protected":false},"excerpt":{"rendered":"<p>La inteligencia artificial se ha consolidado como una de las grandes protagonistas del Mobile World Congress de Barcelona, donde cada vez tienen m\u00e1s peso las soluciones basadas en esta tecnolog\u00eda. El crimin\u00f3logo Jordi Palau ha explicado en &#8216;Carrer Major&#8217; que nos encontramos ante una revoluci\u00f3n tecnol\u00f3gica comparable a la llegada de internet. Seg\u00fan Palau, la [&hellip;]<\/p>\n","protected":false},"author":1,"featured_media":364613,"comment_status":"closed","ping_status":"closed","sticky":false,"template":"","format":"standard","meta":{"footnotes":""},"categories":[13680],"tags":[128,13683,13308,10733,13084,260,19,218],"class_list":["post-369790","post","type-post","status-publish","format-standard","has-post-thumbnail","hentry","category-carrer-major-tarragona-secciones","tag-actualitat","tag-calle-mayor","tag-criminoleg","tag-ia","tag-jordi-palau","tag-noticies","tag-tarragona","tag-tgn"],"yoast_head":"<!-- This site is optimized with the Yoast SEO Premium plugin v27.4 (Yoast SEO v27.5) - https:\/\/yoast.com\/product\/yoast-seo-premium-wordpress\/ -->\n<title>Carrer Major | La inteligencia artificial acelera el cambio tecnol\u00f3gico, con el crimin\u00f3logo Jordi Palau - R\u00e0dio Ciutat de Tarragona<\/title>\n<meta name=\"robots\" content=\"index, follow, max-snippet:-1, max-image-preview:large, max-video-preview:-1\" \/>\n<link rel=\"canonical\" href=\"https:\/\/radiociutat.com\/es\/carrer-major-tarragona-secciones\/carrer-major-la-inteligencia-artificial-acelera-el-cambio-tecnologico-con-el-criminologo-jordi-palau\/\" \/>\n<meta property=\"og:locale\" content=\"es_ES\" \/>\n<meta property=\"og:type\" content=\"article\" \/>\n<meta property=\"og:title\" content=\"Carrer Major | La inteligencia artificial acelera el cambio tecnol\u00f3gico, con el crimin\u00f3logo Jordi Palau\" \/>\n<meta property=\"og:description\" content=\"La inteligencia artificial se ha consolidado como una de las grandes protagonistas del Mobile World Congress de Barcelona, donde cada vez tienen m\u00e1s peso las soluciones basadas en esta tecnolog\u00eda. El crimin\u00f3logo Jordi Palau ha explicado en &#8216;Carrer Major&#8217; que nos encontramos ante una revoluci\u00f3n tecnol\u00f3gica comparable a la llegada de internet. Seg\u00fan Palau, la [&hellip;]\" \/>\n<meta property=\"og:url\" content=\"https:\/\/radiociutat.com\/es\/carrer-major-tarragona-secciones\/carrer-major-la-inteligencia-artificial-acelera-el-cambio-tecnologico-con-el-criminologo-jordi-palau\/\" \/>\n<meta property=\"og:site_name\" content=\"R\u00e0dio Ciutat de Tarragona\" \/>\n<meta property=\"article:publisher\" content=\"https:\/\/www.facebook.com\/rctgn\" \/>\n<meta property=\"article:published_time\" content=\"2026-03-09T10:34:34+00:00\" \/>\n<meta property=\"og:image\" content=\"https:\/\/files.radiociutat.com\/rctgn\/wp-content\/uploads\/2021\/03\/LOGO-RCTGN-RADIO-CIUTAT-DE-TARRAGONA-TRANSPARENTE-TARRAGONA-2020-3000X3000-Redes1-copia.png\" \/>\n\t<meta property=\"og:image:width\" content=\"3000\" \/>\n\t<meta property=\"og:image:height\" content=\"3000\" \/>\n\t<meta property=\"og:image:type\" content=\"image\/png\" \/>\n<meta name=\"author\" content=\"Redacci\u00f3\" \/>\n<meta name=\"twitter:card\" content=\"summary_large_image\" \/>\n<meta name=\"twitter:creator\" content=\"@RCTgn\" \/>\n<meta name=\"twitter:site\" content=\"@RCTgn\" \/>\n<meta name=\"twitter:label1\" content=\"Escrito por\" \/>\n\t<meta name=\"twitter:data1\" content=\"Redacci\u00f3\" \/>\n\t<meta name=\"twitter:label2\" content=\"Tiempo de lectura\" \/>\n\t<meta name=\"twitter:data2\" content=\"1 minuto\" \/>\n<script type=\"application\/ld+json\" class=\"yoast-schema-graph\">{\"@context\":\"https:\\\/\\\/schema.org\",\"@graph\":[{\"@type\":\"Article\",\"@id\":\"https:\\\/\\\/radiociutat.com\\\/es\\\/carrer-major-tarragona-secciones\\\/carrer-major-la-inteligencia-artificial-acelera-el-cambio-tecnologico-con-el-criminologo-jordi-palau\\\/#article\",\"isPartOf\":{\"@id\":\"https:\\\/\\\/radiociutat.com\\\/es\\\/carrer-major-tarragona-secciones\\\/carrer-major-la-inteligencia-artificial-acelera-el-cambio-tecnologico-con-el-criminologo-jordi-palau\\\/\"},\"author\":{\"name\":\"Redacci\u00f3\",\"@id\":\"https:\\\/\\\/radiociutat.com\\\/es\\\/#\\\/schema\\\/person\\\/04b6638f9d2a9ea77408db76c5d8f0b5\"},\"headline\":\"Carrer Major | La inteligencia artificial acelera el cambio tecnol\u00f3gico, con el crimin\u00f3logo Jordi Palau\",\"datePublished\":\"2026-03-09T10:34:34+00:00\",\"mainEntityOfPage\":{\"@id\":\"https:\\\/\\\/radiociutat.com\\\/es\\\/carrer-major-tarragona-secciones\\\/carrer-major-la-inteligencia-artificial-acelera-el-cambio-tecnologico-con-el-criminologo-jordi-palau\\\/\"},\"wordCount\":218,\"image\":{\"@id\":\"https:\\\/\\\/radiociutat.com\\\/es\\\/carrer-major-tarragona-secciones\\\/carrer-major-la-inteligencia-artificial-acelera-el-cambio-tecnologico-con-el-criminologo-jordi-palau\\\/#primaryimage\"},\"thumbnailUrl\":\"https:\\\/\\\/files.radiociutat.com\\\/rctgn\\\/wp-content\\\/uploads\\\/2026\\\/01\\\/WhatsApp-Image-2026-01-12-at-09.50.25-e1768207873412.jpeg\",\"keywords\":[\"Actualitat\",\"calle mayor\",\"Crimin\u00f2leg\",\"IA\",\"Jordi Palau\",\"not\u00edcies\",\"Tarragona\",\"TGN\"],\"articleSection\":[\"Carrer Major Tarragona | Secciones\"],\"inLanguage\":\"es\"},{\"@type\":\"WebPage\",\"@id\":\"https:\\\/\\\/radiociutat.com\\\/es\\\/carrer-major-tarragona-secciones\\\/carrer-major-la-inteligencia-artificial-acelera-el-cambio-tecnologico-con-el-criminologo-jordi-palau\\\/\",\"url\":\"https:\\\/\\\/radiociutat.com\\\/es\\\/carrer-major-tarragona-secciones\\\/carrer-major-la-inteligencia-artificial-acelera-el-cambio-tecnologico-con-el-criminologo-jordi-palau\\\/\",\"name\":\"Carrer Major | La inteligencia artificial acelera el cambio tecnol\u00f3gico, con el crimin\u00f3logo Jordi Palau - R\u00e0dio Ciutat de Tarragona\",\"isPartOf\":{\"@id\":\"https:\\\/\\\/radiociutat.com\\\/es\\\/#website\"},\"primaryImageOfPage\":{\"@id\":\"https:\\\/\\\/radiociutat.com\\\/es\\\/carrer-major-tarragona-secciones\\\/carrer-major-la-inteligencia-artificial-acelera-el-cambio-tecnologico-con-el-criminologo-jordi-palau\\\/#primaryimage\"},\"image\":{\"@id\":\"https:\\\/\\\/radiociutat.com\\\/es\\\/carrer-major-tarragona-secciones\\\/carrer-major-la-inteligencia-artificial-acelera-el-cambio-tecnologico-con-el-criminologo-jordi-palau\\\/#primaryimage\"},\"thumbnailUrl\":\"https:\\\/\\\/files.radiociutat.com\\\/rctgn\\\/wp-content\\\/uploads\\\/2026\\\/01\\\/WhatsApp-Image-2026-01-12-at-09.50.25-e1768207873412.jpeg\",\"datePublished\":\"2026-03-09T10:34:34+00:00\",\"author\":{\"@id\":\"https:\\\/\\\/radiociutat.com\\\/es\\\/#\\\/schema\\\/person\\\/04b6638f9d2a9ea77408db76c5d8f0b5\"},\"breadcrumb\":{\"@id\":\"https:\\\/\\\/radiociutat.com\\\/es\\\/carrer-major-tarragona-secciones\\\/carrer-major-la-inteligencia-artificial-acelera-el-cambio-tecnologico-con-el-criminologo-jordi-palau\\\/#breadcrumb\"},\"inLanguage\":\"es\",\"potentialAction\":[{\"@type\":\"ReadAction\",\"target\":[\"https:\\\/\\\/radiociutat.com\\\/es\\\/carrer-major-tarragona-secciones\\\/carrer-major-la-inteligencia-artificial-acelera-el-cambio-tecnologico-con-el-criminologo-jordi-palau\\\/\"]}]},{\"@type\":\"ImageObject\",\"inLanguage\":\"es\",\"@id\":\"https:\\\/\\\/radiociutat.com\\\/es\\\/carrer-major-tarragona-secciones\\\/carrer-major-la-inteligencia-artificial-acelera-el-cambio-tecnologico-con-el-criminologo-jordi-palau\\\/#primaryimage\",\"url\":\"https:\\\/\\\/files.radiociutat.com\\\/rctgn\\\/wp-content\\\/uploads\\\/2026\\\/01\\\/WhatsApp-Image-2026-01-12-at-09.50.25-e1768207873412.jpeg\",\"contentUrl\":\"https:\\\/\\\/files.radiociutat.com\\\/rctgn\\\/wp-content\\\/uploads\\\/2026\\\/01\\\/WhatsApp-Image-2026-01-12-at-09.50.25-e1768207873412.jpeg\",\"width\":600,\"height\":450},{\"@type\":\"BreadcrumbList\",\"@id\":\"https:\\\/\\\/radiociutat.com\\\/es\\\/carrer-major-tarragona-secciones\\\/carrer-major-la-inteligencia-artificial-acelera-el-cambio-tecnologico-con-el-criminologo-jordi-palau\\\/#breadcrumb\",\"itemListElement\":[{\"@type\":\"ListItem\",\"position\":1,\"name\":\"Inici\",\"item\":\"https:\\\/\\\/radiociutat.com\\\/es\\\/\"},{\"@type\":\"ListItem\",\"position\":2,\"name\":\"Carrer Major | La inteligencia artificial acelera el cambio tecnol\u00f3gico, con el crimin\u00f3logo Jordi Palau\"}]},{\"@type\":\"WebSite\",\"@id\":\"https:\\\/\\\/radiociutat.com\\\/es\\\/#website\",\"url\":\"https:\\\/\\\/radiociutat.com\\\/es\\\/\",\"name\":\"R\u00e0dio Ciutat de Tarragona\",\"description\":\"R\u00e0dio Ciutat de Tarragona - RCTgn.cat R\u00e0dio Online\",\"potentialAction\":[{\"@type\":\"SearchAction\",\"target\":{\"@type\":\"EntryPoint\",\"urlTemplate\":\"https:\\\/\\\/radiociutat.com\\\/es\\\/?s={search_term_string}\"},\"query-input\":{\"@type\":\"PropertyValueSpecification\",\"valueRequired\":true,\"valueName\":\"search_term_string\"}}],\"inLanguage\":\"es\"},{\"@type\":\"Person\",\"@id\":\"https:\\\/\\\/radiociutat.com\\\/es\\\/#\\\/schema\\\/person\\\/04b6638f9d2a9ea77408db76c5d8f0b5\",\"name\":\"Redacci\u00f3\",\"sameAs\":[\"https:\\\/\\\/radiociutat.com\\\/wp-content\\\/uploads\\\/2023\\\/09\\\/LOGO-RCTGN-CUADRAT.png\"],\"url\":\"https:\\\/\\\/radiociutat.com\\\/es\\\/author\\\/jespinosa\\\/\"}]}<\/script>\n<!-- \/ Yoast SEO Premium plugin. -->","yoast_head_json":{"title":"Carrer Major | La inteligencia artificial acelera el cambio tecnol\u00f3gico, con el crimin\u00f3logo Jordi Palau - R\u00e0dio Ciutat de Tarragona","robots":{"index":"index","follow":"follow","max-snippet":"max-snippet:-1","max-image-preview":"max-image-preview:large","max-video-preview":"max-video-preview:-1"},"canonical":"https:\/\/radiociutat.com\/es\/carrer-major-tarragona-secciones\/carrer-major-la-inteligencia-artificial-acelera-el-cambio-tecnologico-con-el-criminologo-jordi-palau\/","og_locale":"es_ES","og_type":"article","og_title":"Carrer Major | La inteligencia artificial acelera el cambio tecnol\u00f3gico, con el crimin\u00f3logo Jordi Palau","og_description":"La inteligencia artificial se ha consolidado como una de las grandes protagonistas del Mobile World Congress de Barcelona, donde cada vez tienen m\u00e1s peso las soluciones basadas en esta tecnolog\u00eda. El crimin\u00f3logo Jordi Palau ha explicado en &#8216;Carrer Major&#8217; que nos encontramos ante una revoluci\u00f3n tecnol\u00f3gica comparable a la llegada de internet. Seg\u00fan Palau, la [&hellip;]","og_url":"https:\/\/radiociutat.com\/es\/carrer-major-tarragona-secciones\/carrer-major-la-inteligencia-artificial-acelera-el-cambio-tecnologico-con-el-criminologo-jordi-palau\/","og_site_name":"R\u00e0dio Ciutat de Tarragona","article_publisher":"https:\/\/www.facebook.com\/rctgn","article_published_time":"2026-03-09T10:34:34+00:00","og_image":[{"width":3000,"height":3000,"url":"https:\/\/files.radiociutat.com\/rctgn\/wp-content\/uploads\/2021\/03\/LOGO-RCTGN-RADIO-CIUTAT-DE-TARRAGONA-TRANSPARENTE-TARRAGONA-2020-3000X3000-Redes1-copia.png","type":"image\/png"}],"author":"Redacci\u00f3","twitter_card":"summary_large_image","twitter_creator":"@RCTgn","twitter_site":"@RCTgn","twitter_misc":{"Escrito por":"Redacci\u00f3","Tiempo de lectura":"1 minuto"},"schema":{"@context":"https:\/\/schema.org","@graph":[{"@type":"Article","@id":"https:\/\/radiociutat.com\/es\/carrer-major-tarragona-secciones\/carrer-major-la-inteligencia-artificial-acelera-el-cambio-tecnologico-con-el-criminologo-jordi-palau\/#article","isPartOf":{"@id":"https:\/\/radiociutat.com\/es\/carrer-major-tarragona-secciones\/carrer-major-la-inteligencia-artificial-acelera-el-cambio-tecnologico-con-el-criminologo-jordi-palau\/"},"author":{"name":"Redacci\u00f3","@id":"https:\/\/radiociutat.com\/es\/#\/schema\/person\/04b6638f9d2a9ea77408db76c5d8f0b5"},"headline":"Carrer Major | La inteligencia artificial acelera el cambio tecnol\u00f3gico, con el crimin\u00f3logo Jordi Palau","datePublished":"2026-03-09T10:34:34+00:00","mainEntityOfPage":{"@id":"https:\/\/radiociutat.com\/es\/carrer-major-tarragona-secciones\/carrer-major-la-inteligencia-artificial-acelera-el-cambio-tecnologico-con-el-criminologo-jordi-palau\/"},"wordCount":218,"image":{"@id":"https:\/\/radiociutat.com\/es\/carrer-major-tarragona-secciones\/carrer-major-la-inteligencia-artificial-acelera-el-cambio-tecnologico-con-el-criminologo-jordi-palau\/#primaryimage"},"thumbnailUrl":"https:\/\/files.radiociutat.com\/rctgn\/wp-content\/uploads\/2026\/01\/WhatsApp-Image-2026-01-12-at-09.50.25-e1768207873412.jpeg","keywords":["Actualitat","calle mayor","Crimin\u00f2leg","IA","Jordi Palau","not\u00edcies","Tarragona","TGN"],"articleSection":["Carrer Major Tarragona | Secciones"],"inLanguage":"es"},{"@type":"WebPage","@id":"https:\/\/radiociutat.com\/es\/carrer-major-tarragona-secciones\/carrer-major-la-inteligencia-artificial-acelera-el-cambio-tecnologico-con-el-criminologo-jordi-palau\/","url":"https:\/\/radiociutat.com\/es\/carrer-major-tarragona-secciones\/carrer-major-la-inteligencia-artificial-acelera-el-cambio-tecnologico-con-el-criminologo-jordi-palau\/","name":"Carrer Major | La inteligencia artificial acelera el cambio tecnol\u00f3gico, con el crimin\u00f3logo Jordi Palau - R\u00e0dio Ciutat de Tarragona","isPartOf":{"@id":"https:\/\/radiociutat.com\/es\/#website"},"primaryImageOfPage":{"@id":"https:\/\/radiociutat.com\/es\/carrer-major-tarragona-secciones\/carrer-major-la-inteligencia-artificial-acelera-el-cambio-tecnologico-con-el-criminologo-jordi-palau\/#primaryimage"},"image":{"@id":"https:\/\/radiociutat.com\/es\/carrer-major-tarragona-secciones\/carrer-major-la-inteligencia-artificial-acelera-el-cambio-tecnologico-con-el-criminologo-jordi-palau\/#primaryimage"},"thumbnailUrl":"https:\/\/files.radiociutat.com\/rctgn\/wp-content\/uploads\/2026\/01\/WhatsApp-Image-2026-01-12-at-09.50.25-e1768207873412.jpeg","datePublished":"2026-03-09T10:34:34+00:00","author":{"@id":"https:\/\/radiociutat.com\/es\/#\/schema\/person\/04b6638f9d2a9ea77408db76c5d8f0b5"},"breadcrumb":{"@id":"https:\/\/radiociutat.com\/es\/carrer-major-tarragona-secciones\/carrer-major-la-inteligencia-artificial-acelera-el-cambio-tecnologico-con-el-criminologo-jordi-palau\/#breadcrumb"},"inLanguage":"es","potentialAction":[{"@type":"ReadAction","target":["https:\/\/radiociutat.com\/es\/carrer-major-tarragona-secciones\/carrer-major-la-inteligencia-artificial-acelera-el-cambio-tecnologico-con-el-criminologo-jordi-palau\/"]}]},{"@type":"ImageObject","inLanguage":"es","@id":"https:\/\/radiociutat.com\/es\/carrer-major-tarragona-secciones\/carrer-major-la-inteligencia-artificial-acelera-el-cambio-tecnologico-con-el-criminologo-jordi-palau\/#primaryimage","url":"https:\/\/files.radiociutat.com\/rctgn\/wp-content\/uploads\/2026\/01\/WhatsApp-Image-2026-01-12-at-09.50.25-e1768207873412.jpeg","contentUrl":"https:\/\/files.radiociutat.com\/rctgn\/wp-content\/uploads\/2026\/01\/WhatsApp-Image-2026-01-12-at-09.50.25-e1768207873412.jpeg","width":600,"height":450},{"@type":"BreadcrumbList","@id":"https:\/\/radiociutat.com\/es\/carrer-major-tarragona-secciones\/carrer-major-la-inteligencia-artificial-acelera-el-cambio-tecnologico-con-el-criminologo-jordi-palau\/#breadcrumb","itemListElement":[{"@type":"ListItem","position":1,"name":"Inici","item":"https:\/\/radiociutat.com\/es\/"},{"@type":"ListItem","position":2,"name":"Carrer Major | La inteligencia artificial acelera el cambio tecnol\u00f3gico, con el crimin\u00f3logo Jordi Palau"}]},{"@type":"WebSite","@id":"https:\/\/radiociutat.com\/es\/#website","url":"https:\/\/radiociutat.com\/es\/","name":"R\u00e0dio Ciutat de Tarragona","description":"R\u00e0dio Ciutat de Tarragona - RCTgn.cat R\u00e0dio Online","potentialAction":[{"@type":"SearchAction","target":{"@type":"EntryPoint","urlTemplate":"https:\/\/radiociutat.com\/es\/?s={search_term_string}"},"query-input":{"@type":"PropertyValueSpecification","valueRequired":true,"valueName":"search_term_string"}}],"inLanguage":"es"},{"@type":"Person","@id":"https:\/\/radiociutat.com\/es\/#\/schema\/person\/04b6638f9d2a9ea77408db76c5d8f0b5","name":"Redacci\u00f3","sameAs":["https:\/\/radiociutat.com\/wp-content\/uploads\/2023\/09\/LOGO-RCTGN-CUADRAT.png"],"url":"https:\/\/radiociutat.com\/es\/author\/jespinosa\/"}]}},"_links":{"self":[{"href":"https:\/\/radiociutat.com\/es\/wp-json\/wp\/v2\/posts\/369790","targetHints":{"allow":["GET"]}}],"collection":[{"href":"https:\/\/radiociutat.com\/es\/wp-json\/wp\/v2\/posts"}],"about":[{"href":"https:\/\/radiociutat.com\/es\/wp-json\/wp\/v2\/types\/post"}],"author":[{"embeddable":true,"href":"https:\/\/radiociutat.com\/es\/wp-json\/wp\/v2\/users\/1"}],"replies":[{"embeddable":true,"href":"https:\/\/radiociutat.com\/es\/wp-json\/wp\/v2\/comments?post=369790"}],"version-history":[{"count":0,"href":"https:\/\/radiociutat.com\/es\/wp-json\/wp\/v2\/posts\/369790\/revisions"}],"wp:featuredmedia":[{"embeddable":true,"href":"https:\/\/radiociutat.com\/es\/wp-json\/wp\/v2\/media\/364613"}],"wp:attachment":[{"href":"https:\/\/radiociutat.com\/es\/wp-json\/wp\/v2\/media?parent=369790"}],"wp:term":[{"taxonomy":"category","embeddable":true,"href":"https:\/\/radiociutat.com\/es\/wp-json\/wp\/v2\/categories?post=369790"},{"taxonomy":"post_tag","embeddable":true,"href":"https:\/\/radiociutat.com\/es\/wp-json\/wp\/v2\/tags?post=369790"}],"curies":[{"name":"wp","href":"https:\/\/api.w.org\/{rel}","templated":true}]}}