{"id":369747,"date":"2026-03-06T16:24:30","date_gmt":"2026-03-06T15:24:30","guid":{"rendered":"https:\/\/radiociutat.com\/programes-podcast\/la-furgo-reconocimiento-a-las-mujeres-gitanas-de-tarragona-en-el-marco-del-8m\/"},"modified":"2026-03-06T16:24:30","modified_gmt":"2026-03-06T15:24:30","slug":"la-furgo-reconocimiento-a-las-mujeres-gitanas-de-tarragona-en-el-marco-del-8m","status":"publish","type":"post","link":"https:\/\/radiociutat.com\/es\/carrer-major-tarragona-secciones\/carrermajor-la-furgo\/la-furgo-reconocimiento-a-las-mujeres-gitanas-de-tarragona-en-el-marco-del-8m\/","title":{"rendered":"La Furgo | Reconocimiento a las mujeres gitanas de Tarragona en el marco del 8M"},"content":{"rendered":"\n<p>Hoy en La Furgo de #CarrerMajor nos hemos desplazado hasta el Ayuntamiento de Tarragona para participar en el acto de reconocimiento a las mujeres gitanas, dentro de los actos conmemorativos del 8 de marzo. Tenemos el placer de conversar con Trini Torres, presidenta de la Asociaci\u00f3n de Mujeres Gitanas de Tarragona, y Carin Baix, quien nos explica los or\u00edgenes y objetivos de esta iniciativa tan importante para la comunidad.<\/p>\n\n\n\n<p>Carin Baix, que en roman\u00ed significa \u201cmirando al futuro\u201d, naci\u00f3 con la voluntad de apoyar a las j\u00f3venes gitanas y ofrecerles oportunidades de formaci\u00f3n y desarrollo personal. Seg\u00fan Trini, la asociaci\u00f3n trabaja con empat\u00eda, creando v\u00ednculos fuertes y fomentando la educaci\u00f3n como herramienta de superaci\u00f3n, para asegurar que las ni\u00f1as y j\u00f3venes tengan opciones reales de construir su futuro.<\/p>\n\n\n\n<p>La presidenta comparte su experiencia personal como mujer gitana que se form\u00f3 m\u00e1s tarde en la vida, demostrando que nunca es tarde para perseguir los propios objetivos. Destaca la importancia de romper estigmas y demostrar que las mujeres pueden combinar responsabilidades familiares y profesionales, y que pueden asumir papeles relevantes en pol\u00edtica, educaci\u00f3n y econom\u00eda.<\/p>\n\n\n\n<p>La Asociaci\u00f3n de Mujeres Gitanas est\u00e1 abierta a todas las mujeres, independientemente de su perfil, e incluso ofrece apoyo a los hombres que buscan formaci\u00f3n y orientaci\u00f3n. El mensaje central de Trini es claro: no dejar nunca de perseguir los propios sue\u00f1os y objetivos, y contar con el apoyo de una comunidad que acompa\u00f1a e impulsa.<\/p>\n\n\n\n<p><\/p>\n","protected":false},"excerpt":{"rendered":"<p>Hoy en La Furgo de #CarrerMajor nos hemos desplazado hasta el Ayuntamiento de Tarragona para participar en el acto de reconocimiento a las mujeres gitanas, dentro de los actos conmemorativos del 8 de marzo. Tenemos el placer de conversar con Trini Torres, presidenta de la Asociaci\u00f3n de Mujeres Gitanas de Tarragona, y Carin Baix, quien [&hellip;]<\/p>\n","protected":false},"author":84,"featured_media":368203,"comment_status":"closed","ping_status":"closed","sticky":false,"template":"","format":"standard","meta":{"footnotes":""},"categories":[13711],"tags":[13712,19],"class_list":["post-369747","post","type-post","status-publish","format-standard","has-post-thumbnail","hentry","category-carrermajor-la-furgo","tag-la-furgo-2","tag-tarragona"],"yoast_head":"<!-- This site is optimized with the Yoast SEO Premium plugin v27.4 (Yoast SEO v27.5) - https:\/\/yoast.com\/product\/yoast-seo-premium-wordpress\/ -->\n<title>La Furgo | Reconocimiento a las mujeres gitanas de Tarragona en el marco del 8M - R\u00e0dio Ciutat de Tarragona<\/title>\n<meta name=\"robots\" content=\"index, follow, max-snippet:-1, max-image-preview:large, max-video-preview:-1\" \/>\n<link rel=\"canonical\" href=\"https:\/\/radiociutat.com\/es\/carrer-major-tarragona-secciones\/carrermajor-la-furgo\/la-furgo-reconocimiento-a-las-mujeres-gitanas-de-tarragona-en-el-marco-del-8m\/\" \/>\n<meta property=\"og:locale\" content=\"es_ES\" \/>\n<meta property=\"og:type\" content=\"article\" \/>\n<meta property=\"og:title\" content=\"La Furgo | Reconocimiento a las mujeres gitanas de Tarragona en el marco del 8M\" \/>\n<meta property=\"og:description\" content=\"Hoy en La Furgo de #CarrerMajor nos hemos desplazado hasta el Ayuntamiento de Tarragona para participar en el acto de reconocimiento a las mujeres gitanas, dentro de los actos conmemorativos del 8 de marzo. Tenemos el placer de conversar con Trini Torres, presidenta de la Asociaci\u00f3n de Mujeres Gitanas de Tarragona, y Carin Baix, quien [&hellip;]\" \/>\n<meta property=\"og:url\" content=\"https:\/\/radiociutat.com\/es\/carrer-major-tarragona-secciones\/carrermajor-la-furgo\/la-furgo-reconocimiento-a-las-mujeres-gitanas-de-tarragona-en-el-marco-del-8m\/\" \/>\n<meta property=\"og:site_name\" content=\"R\u00e0dio Ciutat de Tarragona\" \/>\n<meta property=\"article:publisher\" content=\"https:\/\/www.facebook.com\/rctgn\" \/>\n<meta property=\"article:published_time\" content=\"2026-03-06T15:24:30+00:00\" \/>\n<meta property=\"og:image\" content=\"https:\/\/files.radiociutat.com\/rctgn\/wp-content\/uploads\/2021\/03\/LOGO-RCTGN-RADIO-CIUTAT-DE-TARRAGONA-TRANSPARENTE-TARRAGONA-2020-3000X3000-Redes1-copia.png\" \/>\n\t<meta property=\"og:image:width\" content=\"3000\" \/>\n\t<meta property=\"og:image:height\" content=\"3000\" \/>\n\t<meta property=\"og:image:type\" content=\"image\/png\" \/>\n<meta name=\"author\" content=\"Adri\u00e0 Duch\" \/>\n<meta name=\"twitter:card\" content=\"summary_large_image\" \/>\n<meta name=\"twitter:creator\" content=\"@RCTgn\" \/>\n<meta name=\"twitter:site\" content=\"@RCTgn\" \/>\n<meta name=\"twitter:label1\" content=\"Escrito por\" \/>\n\t<meta name=\"twitter:data1\" content=\"Adri\u00e0 Duch\" \/>\n\t<meta name=\"twitter:label2\" content=\"Tiempo de lectura\" \/>\n\t<meta name=\"twitter:data2\" content=\"1 minuto\" \/>\n<script type=\"application\/ld+json\" class=\"yoast-schema-graph\">{\"@context\":\"https:\\\/\\\/schema.org\",\"@graph\":[{\"@type\":\"Article\",\"@id\":\"https:\\\/\\\/radiociutat.com\\\/es\\\/carrer-major-tarragona-secciones\\\/carrermajor-la-furgo\\\/la-furgo-reconocimiento-a-las-mujeres-gitanas-de-tarragona-en-el-marco-del-8m\\\/#article\",\"isPartOf\":{\"@id\":\"https:\\\/\\\/radiociutat.com\\\/es\\\/carrer-major-tarragona-secciones\\\/carrermajor-la-furgo\\\/la-furgo-reconocimiento-a-las-mujeres-gitanas-de-tarragona-en-el-marco-del-8m\\\/\"},\"author\":{\"name\":\"Adri\u00e0 Duch\",\"@id\":\"https:\\\/\\\/radiociutat.com\\\/es\\\/#\\\/schema\\\/person\\\/daeecbc4942e3432e8d8b8663bf7d714\"},\"headline\":\"La Furgo | Reconocimiento a las mujeres gitanas de Tarragona en el marco del 8M\",\"datePublished\":\"2026-03-06T15:24:30+00:00\",\"mainEntityOfPage\":{\"@id\":\"https:\\\/\\\/radiociutat.com\\\/es\\\/carrer-major-tarragona-secciones\\\/carrermajor-la-furgo\\\/la-furgo-reconocimiento-a-las-mujeres-gitanas-de-tarragona-en-el-marco-del-8m\\\/\"},\"wordCount\":273,\"image\":{\"@id\":\"https:\\\/\\\/radiociutat.com\\\/es\\\/carrer-major-tarragona-secciones\\\/carrermajor-la-furgo\\\/la-furgo-reconocimiento-a-las-mujeres-gitanas-de-tarragona-en-el-marco-del-8m\\\/#primaryimage\"},\"thumbnailUrl\":\"https:\\\/\\\/files.radiociutat.com\\\/rctgn\\\/wp-content\\\/uploads\\\/2026\\\/03\\\/IMG_5692.jpeg\",\"keywords\":[\"La Furgo\",\"Tarragona\"],\"articleSection\":[\"#CarrerMajor La Furgo\"],\"inLanguage\":\"es\"},{\"@type\":\"WebPage\",\"@id\":\"https:\\\/\\\/radiociutat.com\\\/es\\\/carrer-major-tarragona-secciones\\\/carrermajor-la-furgo\\\/la-furgo-reconocimiento-a-las-mujeres-gitanas-de-tarragona-en-el-marco-del-8m\\\/\",\"url\":\"https:\\\/\\\/radiociutat.com\\\/es\\\/carrer-major-tarragona-secciones\\\/carrermajor-la-furgo\\\/la-furgo-reconocimiento-a-las-mujeres-gitanas-de-tarragona-en-el-marco-del-8m\\\/\",\"name\":\"La Furgo | Reconocimiento a las mujeres gitanas de Tarragona en el marco del 8M - R\u00e0dio Ciutat de Tarragona\",\"isPartOf\":{\"@id\":\"https:\\\/\\\/radiociutat.com\\\/es\\\/#website\"},\"primaryImageOfPage\":{\"@id\":\"https:\\\/\\\/radiociutat.com\\\/es\\\/carrer-major-tarragona-secciones\\\/carrermajor-la-furgo\\\/la-furgo-reconocimiento-a-las-mujeres-gitanas-de-tarragona-en-el-marco-del-8m\\\/#primaryimage\"},\"image\":{\"@id\":\"https:\\\/\\\/radiociutat.com\\\/es\\\/carrer-major-tarragona-secciones\\\/carrermajor-la-furgo\\\/la-furgo-reconocimiento-a-las-mujeres-gitanas-de-tarragona-en-el-marco-del-8m\\\/#primaryimage\"},\"thumbnailUrl\":\"https:\\\/\\\/files.radiociutat.com\\\/rctgn\\\/wp-content\\\/uploads\\\/2026\\\/03\\\/IMG_5692.jpeg\",\"datePublished\":\"2026-03-06T15:24:30+00:00\",\"author\":{\"@id\":\"https:\\\/\\\/radiociutat.com\\\/es\\\/#\\\/schema\\\/person\\\/daeecbc4942e3432e8d8b8663bf7d714\"},\"breadcrumb\":{\"@id\":\"https:\\\/\\\/radiociutat.com\\\/es\\\/carrer-major-tarragona-secciones\\\/carrermajor-la-furgo\\\/la-furgo-reconocimiento-a-las-mujeres-gitanas-de-tarragona-en-el-marco-del-8m\\\/#breadcrumb\"},\"inLanguage\":\"es\",\"potentialAction\":[{\"@type\":\"ReadAction\",\"target\":[\"https:\\\/\\\/radiociutat.com\\\/es\\\/carrer-major-tarragona-secciones\\\/carrermajor-la-furgo\\\/la-furgo-reconocimiento-a-las-mujeres-gitanas-de-tarragona-en-el-marco-del-8m\\\/\"]}]},{\"@type\":\"ImageObject\",\"inLanguage\":\"es\",\"@id\":\"https:\\\/\\\/radiociutat.com\\\/es\\\/carrer-major-tarragona-secciones\\\/carrermajor-la-furgo\\\/la-furgo-reconocimiento-a-las-mujeres-gitanas-de-tarragona-en-el-marco-del-8m\\\/#primaryimage\",\"url\":\"https:\\\/\\\/files.radiociutat.com\\\/rctgn\\\/wp-content\\\/uploads\\\/2026\\\/03\\\/IMG_5692.jpeg\",\"contentUrl\":\"https:\\\/\\\/files.radiociutat.com\\\/rctgn\\\/wp-content\\\/uploads\\\/2026\\\/03\\\/IMG_5692.jpeg\",\"width\":2060,\"height\":1170,\"caption\":\"Screenshot\"},{\"@type\":\"BreadcrumbList\",\"@id\":\"https:\\\/\\\/radiociutat.com\\\/es\\\/carrer-major-tarragona-secciones\\\/carrermajor-la-furgo\\\/la-furgo-reconocimiento-a-las-mujeres-gitanas-de-tarragona-en-el-marco-del-8m\\\/#breadcrumb\",\"itemListElement\":[{\"@type\":\"ListItem\",\"position\":1,\"name\":\"Inici\",\"item\":\"https:\\\/\\\/radiociutat.com\\\/es\\\/\"},{\"@type\":\"ListItem\",\"position\":2,\"name\":\"La Furgo | Reconocimiento a las mujeres gitanas de Tarragona en el marco del 8M\"}]},{\"@type\":\"WebSite\",\"@id\":\"https:\\\/\\\/radiociutat.com\\\/es\\\/#website\",\"url\":\"https:\\\/\\\/radiociutat.com\\\/es\\\/\",\"name\":\"R\u00e0dio Ciutat de Tarragona\",\"description\":\"R\u00e0dio Ciutat de Tarragona - RCTgn.cat R\u00e0dio Online\",\"potentialAction\":[{\"@type\":\"SearchAction\",\"target\":{\"@type\":\"EntryPoint\",\"urlTemplate\":\"https:\\\/\\\/radiociutat.com\\\/es\\\/?s={search_term_string}\"},\"query-input\":{\"@type\":\"PropertyValueSpecification\",\"valueRequired\":true,\"valueName\":\"search_term_string\"}}],\"inLanguage\":\"es\"},{\"@type\":\"Person\",\"@id\":\"https:\\\/\\\/radiociutat.com\\\/es\\\/#\\\/schema\\\/person\\\/daeecbc4942e3432e8d8b8663bf7d714\",\"name\":\"Adri\u00e0 Duch\",\"sameAs\":[\"https:\\\/\\\/radiociutat.com\\\/wp-content\\\/uploads\\\/2024\\\/02\\\/ADRIA-DUCH.png\"],\"url\":\"https:\\\/\\\/radiociutat.com\\\/es\\\/author\\\/adria-duch\\\/\"}]}<\/script>\n<!-- \/ Yoast SEO Premium plugin. -->","yoast_head_json":{"title":"La Furgo | Reconocimiento a las mujeres gitanas de Tarragona en el marco del 8M - R\u00e0dio Ciutat de Tarragona","robots":{"index":"index","follow":"follow","max-snippet":"max-snippet:-1","max-image-preview":"max-image-preview:large","max-video-preview":"max-video-preview:-1"},"canonical":"https:\/\/radiociutat.com\/es\/carrer-major-tarragona-secciones\/carrermajor-la-furgo\/la-furgo-reconocimiento-a-las-mujeres-gitanas-de-tarragona-en-el-marco-del-8m\/","og_locale":"es_ES","og_type":"article","og_title":"La Furgo | Reconocimiento a las mujeres gitanas de Tarragona en el marco del 8M","og_description":"Hoy en La Furgo de #CarrerMajor nos hemos desplazado hasta el Ayuntamiento de Tarragona para participar en el acto de reconocimiento a las mujeres gitanas, dentro de los actos conmemorativos del 8 de marzo. Tenemos el placer de conversar con Trini Torres, presidenta de la Asociaci\u00f3n de Mujeres Gitanas de Tarragona, y Carin Baix, quien [&hellip;]","og_url":"https:\/\/radiociutat.com\/es\/carrer-major-tarragona-secciones\/carrermajor-la-furgo\/la-furgo-reconocimiento-a-las-mujeres-gitanas-de-tarragona-en-el-marco-del-8m\/","og_site_name":"R\u00e0dio Ciutat de Tarragona","article_publisher":"https:\/\/www.facebook.com\/rctgn","article_published_time":"2026-03-06T15:24:30+00:00","og_image":[{"width":3000,"height":3000,"url":"https:\/\/files.radiociutat.com\/rctgn\/wp-content\/uploads\/2021\/03\/LOGO-RCTGN-RADIO-CIUTAT-DE-TARRAGONA-TRANSPARENTE-TARRAGONA-2020-3000X3000-Redes1-copia.png","type":"image\/png"}],"author":"Adri\u00e0 Duch","twitter_card":"summary_large_image","twitter_creator":"@RCTgn","twitter_site":"@RCTgn","twitter_misc":{"Escrito por":"Adri\u00e0 Duch","Tiempo de lectura":"1 minuto"},"schema":{"@context":"https:\/\/schema.org","@graph":[{"@type":"Article","@id":"https:\/\/radiociutat.com\/es\/carrer-major-tarragona-secciones\/carrermajor-la-furgo\/la-furgo-reconocimiento-a-las-mujeres-gitanas-de-tarragona-en-el-marco-del-8m\/#article","isPartOf":{"@id":"https:\/\/radiociutat.com\/es\/carrer-major-tarragona-secciones\/carrermajor-la-furgo\/la-furgo-reconocimiento-a-las-mujeres-gitanas-de-tarragona-en-el-marco-del-8m\/"},"author":{"name":"Adri\u00e0 Duch","@id":"https:\/\/radiociutat.com\/es\/#\/schema\/person\/daeecbc4942e3432e8d8b8663bf7d714"},"headline":"La Furgo | Reconocimiento a las mujeres gitanas de Tarragona en el marco del 8M","datePublished":"2026-03-06T15:24:30+00:00","mainEntityOfPage":{"@id":"https:\/\/radiociutat.com\/es\/carrer-major-tarragona-secciones\/carrermajor-la-furgo\/la-furgo-reconocimiento-a-las-mujeres-gitanas-de-tarragona-en-el-marco-del-8m\/"},"wordCount":273,"image":{"@id":"https:\/\/radiociutat.com\/es\/carrer-major-tarragona-secciones\/carrermajor-la-furgo\/la-furgo-reconocimiento-a-las-mujeres-gitanas-de-tarragona-en-el-marco-del-8m\/#primaryimage"},"thumbnailUrl":"https:\/\/files.radiociutat.com\/rctgn\/wp-content\/uploads\/2026\/03\/IMG_5692.jpeg","keywords":["La Furgo","Tarragona"],"articleSection":["#CarrerMajor La Furgo"],"inLanguage":"es"},{"@type":"WebPage","@id":"https:\/\/radiociutat.com\/es\/carrer-major-tarragona-secciones\/carrermajor-la-furgo\/la-furgo-reconocimiento-a-las-mujeres-gitanas-de-tarragona-en-el-marco-del-8m\/","url":"https:\/\/radiociutat.com\/es\/carrer-major-tarragona-secciones\/carrermajor-la-furgo\/la-furgo-reconocimiento-a-las-mujeres-gitanas-de-tarragona-en-el-marco-del-8m\/","name":"La Furgo | Reconocimiento a las mujeres gitanas de Tarragona en el marco del 8M - R\u00e0dio Ciutat de Tarragona","isPartOf":{"@id":"https:\/\/radiociutat.com\/es\/#website"},"primaryImageOfPage":{"@id":"https:\/\/radiociutat.com\/es\/carrer-major-tarragona-secciones\/carrermajor-la-furgo\/la-furgo-reconocimiento-a-las-mujeres-gitanas-de-tarragona-en-el-marco-del-8m\/#primaryimage"},"image":{"@id":"https:\/\/radiociutat.com\/es\/carrer-major-tarragona-secciones\/carrermajor-la-furgo\/la-furgo-reconocimiento-a-las-mujeres-gitanas-de-tarragona-en-el-marco-del-8m\/#primaryimage"},"thumbnailUrl":"https:\/\/files.radiociutat.com\/rctgn\/wp-content\/uploads\/2026\/03\/IMG_5692.jpeg","datePublished":"2026-03-06T15:24:30+00:00","author":{"@id":"https:\/\/radiociutat.com\/es\/#\/schema\/person\/daeecbc4942e3432e8d8b8663bf7d714"},"breadcrumb":{"@id":"https:\/\/radiociutat.com\/es\/carrer-major-tarragona-secciones\/carrermajor-la-furgo\/la-furgo-reconocimiento-a-las-mujeres-gitanas-de-tarragona-en-el-marco-del-8m\/#breadcrumb"},"inLanguage":"es","potentialAction":[{"@type":"ReadAction","target":["https:\/\/radiociutat.com\/es\/carrer-major-tarragona-secciones\/carrermajor-la-furgo\/la-furgo-reconocimiento-a-las-mujeres-gitanas-de-tarragona-en-el-marco-del-8m\/"]}]},{"@type":"ImageObject","inLanguage":"es","@id":"https:\/\/radiociutat.com\/es\/carrer-major-tarragona-secciones\/carrermajor-la-furgo\/la-furgo-reconocimiento-a-las-mujeres-gitanas-de-tarragona-en-el-marco-del-8m\/#primaryimage","url":"https:\/\/files.radiociutat.com\/rctgn\/wp-content\/uploads\/2026\/03\/IMG_5692.jpeg","contentUrl":"https:\/\/files.radiociutat.com\/rctgn\/wp-content\/uploads\/2026\/03\/IMG_5692.jpeg","width":2060,"height":1170,"caption":"Screenshot"},{"@type":"BreadcrumbList","@id":"https:\/\/radiociutat.com\/es\/carrer-major-tarragona-secciones\/carrermajor-la-furgo\/la-furgo-reconocimiento-a-las-mujeres-gitanas-de-tarragona-en-el-marco-del-8m\/#breadcrumb","itemListElement":[{"@type":"ListItem","position":1,"name":"Inici","item":"https:\/\/radiociutat.com\/es\/"},{"@type":"ListItem","position":2,"name":"La Furgo | Reconocimiento a las mujeres gitanas de Tarragona en el marco del 8M"}]},{"@type":"WebSite","@id":"https:\/\/radiociutat.com\/es\/#website","url":"https:\/\/radiociutat.com\/es\/","name":"R\u00e0dio Ciutat de Tarragona","description":"R\u00e0dio Ciutat de Tarragona - RCTgn.cat R\u00e0dio Online","potentialAction":[{"@type":"SearchAction","target":{"@type":"EntryPoint","urlTemplate":"https:\/\/radiociutat.com\/es\/?s={search_term_string}"},"query-input":{"@type":"PropertyValueSpecification","valueRequired":true,"valueName":"search_term_string"}}],"inLanguage":"es"},{"@type":"Person","@id":"https:\/\/radiociutat.com\/es\/#\/schema\/person\/daeecbc4942e3432e8d8b8663bf7d714","name":"Adri\u00e0 Duch","sameAs":["https:\/\/radiociutat.com\/wp-content\/uploads\/2024\/02\/ADRIA-DUCH.png"],"url":"https:\/\/radiociutat.com\/es\/author\/adria-duch\/"}]}},"_links":{"self":[{"href":"https:\/\/radiociutat.com\/es\/wp-json\/wp\/v2\/posts\/369747","targetHints":{"allow":["GET"]}}],"collection":[{"href":"https:\/\/radiociutat.com\/es\/wp-json\/wp\/v2\/posts"}],"about":[{"href":"https:\/\/radiociutat.com\/es\/wp-json\/wp\/v2\/types\/post"}],"author":[{"embeddable":true,"href":"https:\/\/radiociutat.com\/es\/wp-json\/wp\/v2\/users\/84"}],"replies":[{"embeddable":true,"href":"https:\/\/radiociutat.com\/es\/wp-json\/wp\/v2\/comments?post=369747"}],"version-history":[{"count":0,"href":"https:\/\/radiociutat.com\/es\/wp-json\/wp\/v2\/posts\/369747\/revisions"}],"wp:featuredmedia":[{"embeddable":true,"href":"https:\/\/radiociutat.com\/es\/wp-json\/wp\/v2\/media\/368203"}],"wp:attachment":[{"href":"https:\/\/radiociutat.com\/es\/wp-json\/wp\/v2\/media?parent=369747"}],"wp:term":[{"taxonomy":"category","embeddable":true,"href":"https:\/\/radiociutat.com\/es\/wp-json\/wp\/v2\/categories?post=369747"},{"taxonomy":"post_tag","embeddable":true,"href":"https:\/\/radiociutat.com\/es\/wp-json\/wp\/v2\/tags?post=369747"}],"curies":[{"name":"wp","href":"https:\/\/api.w.org\/{rel}","templated":true}]}}