{"id":369715,"date":"2026-03-04T16:52:44","date_gmt":"2026-03-04T15:52:44","guid":{"rendered":"https:\/\/radiociutat.com\/programes-podcast\/carrer-major-consulta-integral-de-obesidad-en-el-hospital-joan-xxiii-de-tarragona\/"},"modified":"2026-03-04T16:52:44","modified_gmt":"2026-03-04T15:52:44","slug":"carrer-major-consulta-integral-de-obesidad-en-el-hospital-joan-xxiii-de-tarragona","status":"publish","type":"post","link":"https:\/\/radiociutat.com\/es\/carrer-major-tarragona-secciones\/carrer-major-consulta-integral-de-obesidad-en-el-hospital-joan-xxiii-de-tarragona\/","title":{"rendered":"Carrer Major | Consulta integral de obesidad en el Hospital Joan XXIII de Tarragona"},"content":{"rendered":"\n<p>Este mi\u00e9rcoles en #CarrerMajor hemos hablado sobre la obesidad en el marco del <strong>D\u00eda Mundial de la Obesidad<\/strong> con la doctora <strong>Cristina Franco<\/strong>, endocrina especialista del Hospital Universitari <strong>Joan XXIII de Tarragona<\/strong>. La obesidad es reconocida como una <strong>enfermedad cr\u00f3nica y compleja<\/strong>, que va m\u00e1s all\u00e1 del peso o del \u00edndice de masa corporal, y tiene repercusiones sobre la salud cardiovascular, la diabetes, la fertilidad y muchas otras patolog\u00edas.<\/p>\n\n\n\n<p>La doctora Franco ha explicado que la nueva <strong>consulta integral de obesidad<\/strong> del Hospital Joan XXIII ofrece un abordaje <strong>multidisciplinario<\/strong>, valorando factores gen\u00e9ticos, hormonales, psicol\u00f3gicos y sociales, as\u00ed como h\u00e1bitos de vida y calidad de sue\u00f1o. El objetivo es no solo reducir el peso, sino <strong>mejorar la salud global y el bienestar emocional<\/strong> del paciente.<\/p>\n\n\n\n<p>Tambi\u00e9n se ha hablado de la importancia de huir de dietas milagrosas y ponerse en manos de profesionales, as\u00ed como del papel de los f\u00e1rmacos y la cirug\u00eda bari\u00e1trica como complementos de un <strong>cambio de h\u00e1bitos sostenible<\/strong>. La doctora ha destacado que una visi\u00f3n integral y personalizada es clave para conseguir resultados a largo plazo.<\/p>\n\n\n\n<p>La entrevista subraya que la obesidad es <strong>mucho m\u00e1s que una cuesti\u00f3n est\u00e9tica<\/strong>: es un problema de salud complejo que requiere informaci\u00f3n, acompa\u00f1amiento e intervenciones adaptadas a cada persona.<\/p>\n\n\n\n<p><\/p>\n","protected":false},"excerpt":{"rendered":"<p>Este mi\u00e9rcoles en #CarrerMajor hemos hablado sobre la obesidad en el marco del D\u00eda Mundial de la Obesidad con la doctora Cristina Franco, endocrina especialista del Hospital Universitari Joan XXIII de Tarragona. La obesidad es reconocida como una enfermedad cr\u00f3nica y compleja, que va m\u00e1s all\u00e1 del peso o del \u00edndice de masa corporal, y [&hellip;]<\/p>\n","protected":false},"author":84,"featured_media":367779,"comment_status":"closed","ping_status":"closed","sticky":false,"template":"","format":"standard","meta":{"footnotes":""},"categories":[13680],"tags":[13683,13628,19],"class_list":["post-369715","post","type-post","status-publish","format-standard","has-post-thumbnail","hentry","category-carrer-major-tarragona-secciones","tag-calle-mayor","tag-obessitat","tag-tarragona"],"yoast_head":"<!-- This site is optimized with the Yoast SEO Premium plugin v27.4 (Yoast SEO v27.5) - https:\/\/yoast.com\/product\/yoast-seo-premium-wordpress\/ -->\n<title>Carrer Major | Consulta integral de obesidad en el Hospital Joan XXIII de Tarragona - R\u00e0dio Ciutat de Tarragona<\/title>\n<meta name=\"robots\" content=\"index, follow, max-snippet:-1, max-image-preview:large, max-video-preview:-1\" \/>\n<link rel=\"canonical\" href=\"https:\/\/radiociutat.com\/es\/carrer-major-tarragona-secciones\/carrer-major-consulta-integral-de-obesidad-en-el-hospital-joan-xxiii-de-tarragona\/\" \/>\n<meta property=\"og:locale\" content=\"es_ES\" \/>\n<meta property=\"og:type\" content=\"article\" \/>\n<meta property=\"og:title\" content=\"Carrer Major | Consulta integral de obesidad en el Hospital Joan XXIII de Tarragona\" \/>\n<meta property=\"og:description\" content=\"Este mi\u00e9rcoles en #CarrerMajor hemos hablado sobre la obesidad en el marco del D\u00eda Mundial de la Obesidad con la doctora Cristina Franco, endocrina especialista del Hospital Universitari Joan XXIII de Tarragona. La obesidad es reconocida como una enfermedad cr\u00f3nica y compleja, que va m\u00e1s all\u00e1 del peso o del \u00edndice de masa corporal, y [&hellip;]\" \/>\n<meta property=\"og:url\" content=\"https:\/\/radiociutat.com\/es\/carrer-major-tarragona-secciones\/carrer-major-consulta-integral-de-obesidad-en-el-hospital-joan-xxiii-de-tarragona\/\" \/>\n<meta property=\"og:site_name\" content=\"R\u00e0dio Ciutat de Tarragona\" \/>\n<meta property=\"article:publisher\" content=\"https:\/\/www.facebook.com\/rctgn\" \/>\n<meta property=\"article:published_time\" content=\"2026-03-04T15:52:44+00:00\" \/>\n<meta property=\"og:image\" content=\"https:\/\/files.radiociutat.com\/rctgn\/wp-content\/uploads\/2021\/03\/LOGO-RCTGN-RADIO-CIUTAT-DE-TARRAGONA-TRANSPARENTE-TARRAGONA-2020-3000X3000-Redes1-copia.png\" \/>\n\t<meta property=\"og:image:width\" content=\"3000\" \/>\n\t<meta property=\"og:image:height\" content=\"3000\" \/>\n\t<meta property=\"og:image:type\" content=\"image\/png\" \/>\n<meta name=\"author\" content=\"Adri\u00e0 Duch\" \/>\n<meta name=\"twitter:card\" content=\"summary_large_image\" \/>\n<meta name=\"twitter:creator\" content=\"@RCTgn\" \/>\n<meta name=\"twitter:site\" content=\"@RCTgn\" \/>\n<meta name=\"twitter:label1\" content=\"Escrito por\" \/>\n\t<meta name=\"twitter:data1\" content=\"Adri\u00e0 Duch\" \/>\n\t<meta name=\"twitter:label2\" content=\"Tiempo de lectura\" \/>\n\t<meta name=\"twitter:data2\" content=\"1 minuto\" \/>\n<script type=\"application\/ld+json\" class=\"yoast-schema-graph\">{\"@context\":\"https:\\\/\\\/schema.org\",\"@graph\":[{\"@type\":\"Article\",\"@id\":\"https:\\\/\\\/radiociutat.com\\\/es\\\/carrer-major-tarragona-secciones\\\/carrer-major-consulta-integral-de-obesidad-en-el-hospital-joan-xxiii-de-tarragona\\\/#article\",\"isPartOf\":{\"@id\":\"https:\\\/\\\/radiociutat.com\\\/es\\\/carrer-major-tarragona-secciones\\\/carrer-major-consulta-integral-de-obesidad-en-el-hospital-joan-xxiii-de-tarragona\\\/\"},\"author\":{\"name\":\"Adri\u00e0 Duch\",\"@id\":\"https:\\\/\\\/radiociutat.com\\\/es\\\/#\\\/schema\\\/person\\\/daeecbc4942e3432e8d8b8663bf7d714\"},\"headline\":\"Carrer Major | Consulta integral de obesidad en el Hospital Joan XXIII de Tarragona\",\"datePublished\":\"2026-03-04T15:52:44+00:00\",\"mainEntityOfPage\":{\"@id\":\"https:\\\/\\\/radiociutat.com\\\/es\\\/carrer-major-tarragona-secciones\\\/carrer-major-consulta-integral-de-obesidad-en-el-hospital-joan-xxiii-de-tarragona\\\/\"},\"wordCount\":241,\"image\":{\"@id\":\"https:\\\/\\\/radiociutat.com\\\/es\\\/carrer-major-tarragona-secciones\\\/carrer-major-consulta-integral-de-obesidad-en-el-hospital-joan-xxiii-de-tarragona\\\/#primaryimage\"},\"thumbnailUrl\":\"https:\\\/\\\/files.radiociutat.com\\\/rctgn\\\/wp-content\\\/uploads\\\/2026\\\/03\\\/Carrer-Major-Obesitat-scaled.jpeg\",\"keywords\":[\"calle mayor\",\"Obessitat\",\"Tarragona\"],\"articleSection\":[\"Carrer Major Tarragona | Secciones\"],\"inLanguage\":\"es\"},{\"@type\":\"WebPage\",\"@id\":\"https:\\\/\\\/radiociutat.com\\\/es\\\/carrer-major-tarragona-secciones\\\/carrer-major-consulta-integral-de-obesidad-en-el-hospital-joan-xxiii-de-tarragona\\\/\",\"url\":\"https:\\\/\\\/radiociutat.com\\\/es\\\/carrer-major-tarragona-secciones\\\/carrer-major-consulta-integral-de-obesidad-en-el-hospital-joan-xxiii-de-tarragona\\\/\",\"name\":\"Carrer Major | Consulta integral de obesidad en el Hospital Joan XXIII de Tarragona - R\u00e0dio Ciutat de Tarragona\",\"isPartOf\":{\"@id\":\"https:\\\/\\\/radiociutat.com\\\/es\\\/#website\"},\"primaryImageOfPage\":{\"@id\":\"https:\\\/\\\/radiociutat.com\\\/es\\\/carrer-major-tarragona-secciones\\\/carrer-major-consulta-integral-de-obesidad-en-el-hospital-joan-xxiii-de-tarragona\\\/#primaryimage\"},\"image\":{\"@id\":\"https:\\\/\\\/radiociutat.com\\\/es\\\/carrer-major-tarragona-secciones\\\/carrer-major-consulta-integral-de-obesidad-en-el-hospital-joan-xxiii-de-tarragona\\\/#primaryimage\"},\"thumbnailUrl\":\"https:\\\/\\\/files.radiociutat.com\\\/rctgn\\\/wp-content\\\/uploads\\\/2026\\\/03\\\/Carrer-Major-Obesitat-scaled.jpeg\",\"datePublished\":\"2026-03-04T15:52:44+00:00\",\"author\":{\"@id\":\"https:\\\/\\\/radiociutat.com\\\/es\\\/#\\\/schema\\\/person\\\/daeecbc4942e3432e8d8b8663bf7d714\"},\"breadcrumb\":{\"@id\":\"https:\\\/\\\/radiociutat.com\\\/es\\\/carrer-major-tarragona-secciones\\\/carrer-major-consulta-integral-de-obesidad-en-el-hospital-joan-xxiii-de-tarragona\\\/#breadcrumb\"},\"inLanguage\":\"es\",\"potentialAction\":[{\"@type\":\"ReadAction\",\"target\":[\"https:\\\/\\\/radiociutat.com\\\/es\\\/carrer-major-tarragona-secciones\\\/carrer-major-consulta-integral-de-obesidad-en-el-hospital-joan-xxiii-de-tarragona\\\/\"]}]},{\"@type\":\"ImageObject\",\"inLanguage\":\"es\",\"@id\":\"https:\\\/\\\/radiociutat.com\\\/es\\\/carrer-major-tarragona-secciones\\\/carrer-major-consulta-integral-de-obesidad-en-el-hospital-joan-xxiii-de-tarragona\\\/#primaryimage\",\"url\":\"https:\\\/\\\/files.radiociutat.com\\\/rctgn\\\/wp-content\\\/uploads\\\/2026\\\/03\\\/Carrer-Major-Obesitat-scaled.jpeg\",\"contentUrl\":\"https:\\\/\\\/files.radiociutat.com\\\/rctgn\\\/wp-content\\\/uploads\\\/2026\\\/03\\\/Carrer-Major-Obesitat-scaled.jpeg\",\"width\":2560,\"height\":1920},{\"@type\":\"BreadcrumbList\",\"@id\":\"https:\\\/\\\/radiociutat.com\\\/es\\\/carrer-major-tarragona-secciones\\\/carrer-major-consulta-integral-de-obesidad-en-el-hospital-joan-xxiii-de-tarragona\\\/#breadcrumb\",\"itemListElement\":[{\"@type\":\"ListItem\",\"position\":1,\"name\":\"Inici\",\"item\":\"https:\\\/\\\/radiociutat.com\\\/es\\\/\"},{\"@type\":\"ListItem\",\"position\":2,\"name\":\"Carrer Major | Consulta integral de obesidad en el Hospital Joan XXIII de Tarragona\"}]},{\"@type\":\"WebSite\",\"@id\":\"https:\\\/\\\/radiociutat.com\\\/es\\\/#website\",\"url\":\"https:\\\/\\\/radiociutat.com\\\/es\\\/\",\"name\":\"R\u00e0dio Ciutat de Tarragona\",\"description\":\"R\u00e0dio Ciutat de Tarragona - RCTgn.cat R\u00e0dio Online\",\"potentialAction\":[{\"@type\":\"SearchAction\",\"target\":{\"@type\":\"EntryPoint\",\"urlTemplate\":\"https:\\\/\\\/radiociutat.com\\\/es\\\/?s={search_term_string}\"},\"query-input\":{\"@type\":\"PropertyValueSpecification\",\"valueRequired\":true,\"valueName\":\"search_term_string\"}}],\"inLanguage\":\"es\"},{\"@type\":\"Person\",\"@id\":\"https:\\\/\\\/radiociutat.com\\\/es\\\/#\\\/schema\\\/person\\\/daeecbc4942e3432e8d8b8663bf7d714\",\"name\":\"Adri\u00e0 Duch\",\"sameAs\":[\"https:\\\/\\\/radiociutat.com\\\/wp-content\\\/uploads\\\/2024\\\/02\\\/ADRIA-DUCH.png\"],\"url\":\"https:\\\/\\\/radiociutat.com\\\/es\\\/author\\\/adria-duch\\\/\"}]}<\/script>\n<!-- \/ Yoast SEO Premium plugin. -->","yoast_head_json":{"title":"Carrer Major | Consulta integral de obesidad en el Hospital Joan XXIII de Tarragona - R\u00e0dio Ciutat de Tarragona","robots":{"index":"index","follow":"follow","max-snippet":"max-snippet:-1","max-image-preview":"max-image-preview:large","max-video-preview":"max-video-preview:-1"},"canonical":"https:\/\/radiociutat.com\/es\/carrer-major-tarragona-secciones\/carrer-major-consulta-integral-de-obesidad-en-el-hospital-joan-xxiii-de-tarragona\/","og_locale":"es_ES","og_type":"article","og_title":"Carrer Major | Consulta integral de obesidad en el Hospital Joan XXIII de Tarragona","og_description":"Este mi\u00e9rcoles en #CarrerMajor hemos hablado sobre la obesidad en el marco del D\u00eda Mundial de la Obesidad con la doctora Cristina Franco, endocrina especialista del Hospital Universitari Joan XXIII de Tarragona. La obesidad es reconocida como una enfermedad cr\u00f3nica y compleja, que va m\u00e1s all\u00e1 del peso o del \u00edndice de masa corporal, y [&hellip;]","og_url":"https:\/\/radiociutat.com\/es\/carrer-major-tarragona-secciones\/carrer-major-consulta-integral-de-obesidad-en-el-hospital-joan-xxiii-de-tarragona\/","og_site_name":"R\u00e0dio Ciutat de Tarragona","article_publisher":"https:\/\/www.facebook.com\/rctgn","article_published_time":"2026-03-04T15:52:44+00:00","og_image":[{"width":3000,"height":3000,"url":"https:\/\/files.radiociutat.com\/rctgn\/wp-content\/uploads\/2021\/03\/LOGO-RCTGN-RADIO-CIUTAT-DE-TARRAGONA-TRANSPARENTE-TARRAGONA-2020-3000X3000-Redes1-copia.png","type":"image\/png"}],"author":"Adri\u00e0 Duch","twitter_card":"summary_large_image","twitter_creator":"@RCTgn","twitter_site":"@RCTgn","twitter_misc":{"Escrito por":"Adri\u00e0 Duch","Tiempo de lectura":"1 minuto"},"schema":{"@context":"https:\/\/schema.org","@graph":[{"@type":"Article","@id":"https:\/\/radiociutat.com\/es\/carrer-major-tarragona-secciones\/carrer-major-consulta-integral-de-obesidad-en-el-hospital-joan-xxiii-de-tarragona\/#article","isPartOf":{"@id":"https:\/\/radiociutat.com\/es\/carrer-major-tarragona-secciones\/carrer-major-consulta-integral-de-obesidad-en-el-hospital-joan-xxiii-de-tarragona\/"},"author":{"name":"Adri\u00e0 Duch","@id":"https:\/\/radiociutat.com\/es\/#\/schema\/person\/daeecbc4942e3432e8d8b8663bf7d714"},"headline":"Carrer Major | Consulta integral de obesidad en el Hospital Joan XXIII de Tarragona","datePublished":"2026-03-04T15:52:44+00:00","mainEntityOfPage":{"@id":"https:\/\/radiociutat.com\/es\/carrer-major-tarragona-secciones\/carrer-major-consulta-integral-de-obesidad-en-el-hospital-joan-xxiii-de-tarragona\/"},"wordCount":241,"image":{"@id":"https:\/\/radiociutat.com\/es\/carrer-major-tarragona-secciones\/carrer-major-consulta-integral-de-obesidad-en-el-hospital-joan-xxiii-de-tarragona\/#primaryimage"},"thumbnailUrl":"https:\/\/files.radiociutat.com\/rctgn\/wp-content\/uploads\/2026\/03\/Carrer-Major-Obesitat-scaled.jpeg","keywords":["calle mayor","Obessitat","Tarragona"],"articleSection":["Carrer Major Tarragona | Secciones"],"inLanguage":"es"},{"@type":"WebPage","@id":"https:\/\/radiociutat.com\/es\/carrer-major-tarragona-secciones\/carrer-major-consulta-integral-de-obesidad-en-el-hospital-joan-xxiii-de-tarragona\/","url":"https:\/\/radiociutat.com\/es\/carrer-major-tarragona-secciones\/carrer-major-consulta-integral-de-obesidad-en-el-hospital-joan-xxiii-de-tarragona\/","name":"Carrer Major | Consulta integral de obesidad en el Hospital Joan XXIII de Tarragona - R\u00e0dio Ciutat de Tarragona","isPartOf":{"@id":"https:\/\/radiociutat.com\/es\/#website"},"primaryImageOfPage":{"@id":"https:\/\/radiociutat.com\/es\/carrer-major-tarragona-secciones\/carrer-major-consulta-integral-de-obesidad-en-el-hospital-joan-xxiii-de-tarragona\/#primaryimage"},"image":{"@id":"https:\/\/radiociutat.com\/es\/carrer-major-tarragona-secciones\/carrer-major-consulta-integral-de-obesidad-en-el-hospital-joan-xxiii-de-tarragona\/#primaryimage"},"thumbnailUrl":"https:\/\/files.radiociutat.com\/rctgn\/wp-content\/uploads\/2026\/03\/Carrer-Major-Obesitat-scaled.jpeg","datePublished":"2026-03-04T15:52:44+00:00","author":{"@id":"https:\/\/radiociutat.com\/es\/#\/schema\/person\/daeecbc4942e3432e8d8b8663bf7d714"},"breadcrumb":{"@id":"https:\/\/radiociutat.com\/es\/carrer-major-tarragona-secciones\/carrer-major-consulta-integral-de-obesidad-en-el-hospital-joan-xxiii-de-tarragona\/#breadcrumb"},"inLanguage":"es","potentialAction":[{"@type":"ReadAction","target":["https:\/\/radiociutat.com\/es\/carrer-major-tarragona-secciones\/carrer-major-consulta-integral-de-obesidad-en-el-hospital-joan-xxiii-de-tarragona\/"]}]},{"@type":"ImageObject","inLanguage":"es","@id":"https:\/\/radiociutat.com\/es\/carrer-major-tarragona-secciones\/carrer-major-consulta-integral-de-obesidad-en-el-hospital-joan-xxiii-de-tarragona\/#primaryimage","url":"https:\/\/files.radiociutat.com\/rctgn\/wp-content\/uploads\/2026\/03\/Carrer-Major-Obesitat-scaled.jpeg","contentUrl":"https:\/\/files.radiociutat.com\/rctgn\/wp-content\/uploads\/2026\/03\/Carrer-Major-Obesitat-scaled.jpeg","width":2560,"height":1920},{"@type":"BreadcrumbList","@id":"https:\/\/radiociutat.com\/es\/carrer-major-tarragona-secciones\/carrer-major-consulta-integral-de-obesidad-en-el-hospital-joan-xxiii-de-tarragona\/#breadcrumb","itemListElement":[{"@type":"ListItem","position":1,"name":"Inici","item":"https:\/\/radiociutat.com\/es\/"},{"@type":"ListItem","position":2,"name":"Carrer Major | Consulta integral de obesidad en el Hospital Joan XXIII de Tarragona"}]},{"@type":"WebSite","@id":"https:\/\/radiociutat.com\/es\/#website","url":"https:\/\/radiociutat.com\/es\/","name":"R\u00e0dio Ciutat de Tarragona","description":"R\u00e0dio Ciutat de Tarragona - RCTgn.cat R\u00e0dio Online","potentialAction":[{"@type":"SearchAction","target":{"@type":"EntryPoint","urlTemplate":"https:\/\/radiociutat.com\/es\/?s={search_term_string}"},"query-input":{"@type":"PropertyValueSpecification","valueRequired":true,"valueName":"search_term_string"}}],"inLanguage":"es"},{"@type":"Person","@id":"https:\/\/radiociutat.com\/es\/#\/schema\/person\/daeecbc4942e3432e8d8b8663bf7d714","name":"Adri\u00e0 Duch","sameAs":["https:\/\/radiociutat.com\/wp-content\/uploads\/2024\/02\/ADRIA-DUCH.png"],"url":"https:\/\/radiociutat.com\/es\/author\/adria-duch\/"}]}},"_links":{"self":[{"href":"https:\/\/radiociutat.com\/es\/wp-json\/wp\/v2\/posts\/369715","targetHints":{"allow":["GET"]}}],"collection":[{"href":"https:\/\/radiociutat.com\/es\/wp-json\/wp\/v2\/posts"}],"about":[{"href":"https:\/\/radiociutat.com\/es\/wp-json\/wp\/v2\/types\/post"}],"author":[{"embeddable":true,"href":"https:\/\/radiociutat.com\/es\/wp-json\/wp\/v2\/users\/84"}],"replies":[{"embeddable":true,"href":"https:\/\/radiociutat.com\/es\/wp-json\/wp\/v2\/comments?post=369715"}],"version-history":[{"count":0,"href":"https:\/\/radiociutat.com\/es\/wp-json\/wp\/v2\/posts\/369715\/revisions"}],"wp:featuredmedia":[{"embeddable":true,"href":"https:\/\/radiociutat.com\/es\/wp-json\/wp\/v2\/media\/367779"}],"wp:attachment":[{"href":"https:\/\/radiociutat.com\/es\/wp-json\/wp\/v2\/media?parent=369715"}],"wp:term":[{"taxonomy":"category","embeddable":true,"href":"https:\/\/radiociutat.com\/es\/wp-json\/wp\/v2\/categories?post=369715"},{"taxonomy":"post_tag","embeddable":true,"href":"https:\/\/radiociutat.com\/es\/wp-json\/wp\/v2\/tags?post=369715"}],"curies":[{"name":"wp","href":"https:\/\/api.w.org\/{rel}","templated":true}]}}