{"id":369701,"date":"2026-03-03T16:57:13","date_gmt":"2026-03-03T15:57:13","guid":{"rendered":"https:\/\/radiociutat.com\/programes-podcast\/carrer-major-las-consecuencias-economicas-de-los-ataques-a-iran-con-josep-maria-arauzo-carod\/"},"modified":"2026-03-03T16:57:13","modified_gmt":"2026-03-03T15:57:13","slug":"carrer-major-las-consecuencias-economicas-de-los-ataques-a-iran-con-josep-maria-arauzo-carod","status":"publish","type":"post","link":"https:\/\/radiociutat.com\/es\/carrer-major-tarragona-secciones\/carrer-major-las-consecuencias-economicas-de-los-ataques-a-iran-con-josep-maria-arauzo-carod\/","title":{"rendered":"Carrer Major | Las consecuencias econ\u00f3micas de los ataques a Ir\u00e1n, con Josep Maria Arauzo-Carod"},"content":{"rendered":"\n<p>Hoy, en el programa \u00abCarrer Major\u00bb, hemos tenido la oportunidad de entrevistar al catedr\u00e1tico de Econom\u00eda de la URV, Josep Maria Arauzo-Carod, para hablar de las repercusiones econ\u00f3micas de los ataques a Ir\u00e1n por parte de Estados Unidos e Israel. Esta ofensiva ha provocado una grave escalada en el Pr\u00f3ximo Oriente, con ataques no solo a Ir\u00e1n, sino tambi\u00e9n a otros pa\u00edses de la regi\u00f3n como Kuwait, Arabia Saudita y los Emiratos \u00c1rabes, entre otros.<\/p>\n\n\n\n<p>El impacto inmediato que ha empezado a notarse es un aumento en los precios del petr\u00f3leo y del gas, con incrementos importantes que ya afectan a los mercados globales. Arauzo-Carod ha destacado que el conflicto afecta a una de las rutas m\u00e1s importantes del mundo, el estrecho de Ormuz, por donde circula un 20% del petr\u00f3leo y del gas mundial. En caso de bloqueo de esta ruta, las consecuencias podr\u00edan ser graves, no solo en t\u00e9rminos energ\u00e9ticos, sino tambi\u00e9n en el comercio global.<\/p>\n\n\n\n<p>El catedr\u00e1tico ha explicado que, aunque es dif\u00edcil predecir la evoluci\u00f3n del conflicto, la duraci\u00f3n del mismo determinar\u00e1 el impacto econ\u00f3mico a medio y largo plazo. Si el conflicto se extiende, se podr\u00eda ver una afectaci\u00f3n global en la inflaci\u00f3n, con un encarecimiento de los costes del transporte mar\u00edtimo y a\u00e9reo, adem\u00e1s de posibles cambios en los precios de los productos de consumo.<\/p>\n\n\n\n<p>Adem\u00e1s, Arauzo-Carod ha subrayado que las econom\u00edas de pa\u00edses como China y la Uni\u00f3n Europea se ver\u00e1n afectadas, ya que dependen del petr\u00f3leo que pasa por el estrecho. Pero, seg\u00fan el profesor, las econom\u00edas europeas tienen una red de abastecimiento m\u00e1s diversificada, lo cual aten\u00faa el impacto inmediato.<\/p>\n\n\n\n<p>Finalmente, en relaci\u00f3n con el futuro de l&#8217;energ\u00eda, el profesor ha comentado que esta crisis podr\u00eda acelerar la transici\u00f3n hacia las energ\u00edas renovables, aunque este proceso no es r\u00e1pido. Un cambio en el orden energ\u00e9tico mundial no se har\u00e1 de manera inmediata, pero s\u00ed que se podr\u00eda acelerar como consecuencia de conflictos globales como este.<\/p>\n","protected":false},"excerpt":{"rendered":"<p>Hoy, en el programa \u00abCarrer Major\u00bb, hemos tenido la oportunidad de entrevistar al catedr\u00e1tico de Econom\u00eda de la URV, Josep Maria Arauzo-Carod, para hablar de las repercusiones econ\u00f3micas de los ataques a Ir\u00e1n por parte de Estados Unidos e Israel. Esta ofensiva ha provocado una grave escalada en el Pr\u00f3ximo Oriente, con ataques no solo [&hellip;]<\/p>\n","protected":false},"author":1,"featured_media":240502,"comment_status":"closed","ping_status":"closed","sticky":false,"template":"","format":"standard","meta":{"footnotes":""},"categories":[13680],"tags":[128,88,76,260,129,19,218],"class_list":["post-369701","post","type-post","status-publish","format-standard","has-post-thumbnail","hentry","category-carrer-major-tarragona-secciones","tag-actualitat","tag-info","tag-informatiu","tag-noticies","tag-societat","tag-tarragona","tag-tgn"],"yoast_head":"<!-- This site is optimized with the Yoast SEO Premium plugin v27.4 (Yoast SEO v27.5) - https:\/\/yoast.com\/product\/yoast-seo-premium-wordpress\/ -->\n<title>Carrer Major | Las consecuencias econ\u00f3micas de los ataques a Ir\u00e1n, con Josep Maria Arauzo-Carod - R\u00e0dio Ciutat de Tarragona<\/title>\n<meta name=\"robots\" content=\"index, follow, max-snippet:-1, max-image-preview:large, max-video-preview:-1\" \/>\n<link rel=\"canonical\" href=\"https:\/\/radiociutat.com\/es\/carrer-major-tarragona-secciones\/carrer-major-las-consecuencias-economicas-de-los-ataques-a-iran-con-josep-maria-arauzo-carod\/\" \/>\n<meta property=\"og:locale\" content=\"es_ES\" \/>\n<meta property=\"og:type\" content=\"article\" \/>\n<meta property=\"og:title\" content=\"Carrer Major | Las consecuencias econ\u00f3micas de los ataques a Ir\u00e1n, con Josep Maria Arauzo-Carod\" \/>\n<meta property=\"og:description\" content=\"Hoy, en el programa \u00abCarrer Major\u00bb, hemos tenido la oportunidad de entrevistar al catedr\u00e1tico de Econom\u00eda de la URV, Josep Maria Arauzo-Carod, para hablar de las repercusiones econ\u00f3micas de los ataques a Ir\u00e1n por parte de Estados Unidos e Israel. Esta ofensiva ha provocado una grave escalada en el Pr\u00f3ximo Oriente, con ataques no solo [&hellip;]\" \/>\n<meta property=\"og:url\" content=\"https:\/\/radiociutat.com\/es\/carrer-major-tarragona-secciones\/carrer-major-las-consecuencias-economicas-de-los-ataques-a-iran-con-josep-maria-arauzo-carod\/\" \/>\n<meta property=\"og:site_name\" content=\"R\u00e0dio Ciutat de Tarragona\" \/>\n<meta property=\"article:publisher\" content=\"https:\/\/www.facebook.com\/rctgn\" \/>\n<meta property=\"article:published_time\" content=\"2026-03-03T15:57:13+00:00\" \/>\n<meta property=\"og:image\" content=\"https:\/\/files.radiociutat.com\/rctgn\/wp-content\/uploads\/2021\/03\/LOGO-RCTGN-RADIO-CIUTAT-DE-TARRAGONA-TRANSPARENTE-TARRAGONA-2020-3000X3000-Redes1-copia.png\" \/>\n\t<meta property=\"og:image:width\" content=\"3000\" \/>\n\t<meta property=\"og:image:height\" content=\"3000\" \/>\n\t<meta property=\"og:image:type\" content=\"image\/png\" \/>\n<meta name=\"author\" content=\"Redacci\u00f3\" \/>\n<meta name=\"twitter:card\" content=\"summary_large_image\" \/>\n<meta name=\"twitter:creator\" content=\"@RCTgn\" \/>\n<meta name=\"twitter:site\" content=\"@RCTgn\" \/>\n<meta name=\"twitter:label1\" content=\"Escrito por\" \/>\n\t<meta name=\"twitter:data1\" content=\"Redacci\u00f3\" \/>\n\t<meta name=\"twitter:label2\" content=\"Tiempo de lectura\" \/>\n\t<meta name=\"twitter:data2\" content=\"2 minutos\" \/>\n<script type=\"application\/ld+json\" class=\"yoast-schema-graph\">{\"@context\":\"https:\\\/\\\/schema.org\",\"@graph\":[{\"@type\":\"Article\",\"@id\":\"https:\\\/\\\/radiociutat.com\\\/es\\\/carrer-major-tarragona-secciones\\\/carrer-major-las-consecuencias-economicas-de-los-ataques-a-iran-con-josep-maria-arauzo-carod\\\/#article\",\"isPartOf\":{\"@id\":\"https:\\\/\\\/radiociutat.com\\\/es\\\/carrer-major-tarragona-secciones\\\/carrer-major-las-consecuencias-economicas-de-los-ataques-a-iran-con-josep-maria-arauzo-carod\\\/\"},\"author\":{\"name\":\"Redacci\u00f3\",\"@id\":\"https:\\\/\\\/radiociutat.com\\\/es\\\/#\\\/schema\\\/person\\\/04b6638f9d2a9ea77408db76c5d8f0b5\"},\"headline\":\"Carrer Major | Las consecuencias econ\u00f3micas de los ataques a Ir\u00e1n, con Josep Maria Arauzo-Carod\",\"datePublished\":\"2026-03-03T15:57:13+00:00\",\"mainEntityOfPage\":{\"@id\":\"https:\\\/\\\/radiociutat.com\\\/es\\\/carrer-major-tarragona-secciones\\\/carrer-major-las-consecuencias-economicas-de-los-ataques-a-iran-con-josep-maria-arauzo-carod\\\/\"},\"wordCount\":385,\"image\":{\"@id\":\"https:\\\/\\\/radiociutat.com\\\/es\\\/carrer-major-tarragona-secciones\\\/carrer-major-las-consecuencias-economicas-de-los-ataques-a-iran-con-josep-maria-arauzo-carod\\\/#primaryimage\"},\"thumbnailUrl\":\"https:\\\/\\\/files.radiociutat.com\\\/rctgn\\\/wp-content\\\/uploads\\\/2026\\\/03\\\/Josep-Maria-Arauzo-Carod-URV-CM-e1772553398660.png\",\"keywords\":[\"Actualitat\",\"Info\",\"Informatiu\",\"not\u00edcies\",\"Societat\",\"Tarragona\",\"TGN\"],\"articleSection\":[\"Carrer Major Tarragona | Secciones\"],\"inLanguage\":\"es\"},{\"@type\":\"WebPage\",\"@id\":\"https:\\\/\\\/radiociutat.com\\\/es\\\/carrer-major-tarragona-secciones\\\/carrer-major-las-consecuencias-economicas-de-los-ataques-a-iran-con-josep-maria-arauzo-carod\\\/\",\"url\":\"https:\\\/\\\/radiociutat.com\\\/es\\\/carrer-major-tarragona-secciones\\\/carrer-major-las-consecuencias-economicas-de-los-ataques-a-iran-con-josep-maria-arauzo-carod\\\/\",\"name\":\"Carrer Major | Las consecuencias econ\u00f3micas de los ataques a Ir\u00e1n, con Josep Maria Arauzo-Carod - R\u00e0dio Ciutat de Tarragona\",\"isPartOf\":{\"@id\":\"https:\\\/\\\/radiociutat.com\\\/es\\\/#website\"},\"primaryImageOfPage\":{\"@id\":\"https:\\\/\\\/radiociutat.com\\\/es\\\/carrer-major-tarragona-secciones\\\/carrer-major-las-consecuencias-economicas-de-los-ataques-a-iran-con-josep-maria-arauzo-carod\\\/#primaryimage\"},\"image\":{\"@id\":\"https:\\\/\\\/radiociutat.com\\\/es\\\/carrer-major-tarragona-secciones\\\/carrer-major-las-consecuencias-economicas-de-los-ataques-a-iran-con-josep-maria-arauzo-carod\\\/#primaryimage\"},\"thumbnailUrl\":\"https:\\\/\\\/files.radiociutat.com\\\/rctgn\\\/wp-content\\\/uploads\\\/2026\\\/03\\\/Josep-Maria-Arauzo-Carod-URV-CM-e1772553398660.png\",\"datePublished\":\"2026-03-03T15:57:13+00:00\",\"author\":{\"@id\":\"https:\\\/\\\/radiociutat.com\\\/es\\\/#\\\/schema\\\/person\\\/04b6638f9d2a9ea77408db76c5d8f0b5\"},\"breadcrumb\":{\"@id\":\"https:\\\/\\\/radiociutat.com\\\/es\\\/carrer-major-tarragona-secciones\\\/carrer-major-las-consecuencias-economicas-de-los-ataques-a-iran-con-josep-maria-arauzo-carod\\\/#breadcrumb\"},\"inLanguage\":\"es\",\"potentialAction\":[{\"@type\":\"ReadAction\",\"target\":[\"https:\\\/\\\/radiociutat.com\\\/es\\\/carrer-major-tarragona-secciones\\\/carrer-major-las-consecuencias-economicas-de-los-ataques-a-iran-con-josep-maria-arauzo-carod\\\/\"]}]},{\"@type\":\"ImageObject\",\"inLanguage\":\"es\",\"@id\":\"https:\\\/\\\/radiociutat.com\\\/es\\\/carrer-major-tarragona-secciones\\\/carrer-major-las-consecuencias-economicas-de-los-ataques-a-iran-con-josep-maria-arauzo-carod\\\/#primaryimage\",\"url\":\"https:\\\/\\\/files.radiociutat.com\\\/rctgn\\\/wp-content\\\/uploads\\\/2026\\\/03\\\/Josep-Maria-Arauzo-Carod-URV-CM-e1772553398660.png\",\"contentUrl\":\"https:\\\/\\\/files.radiociutat.com\\\/rctgn\\\/wp-content\\\/uploads\\\/2026\\\/03\\\/Josep-Maria-Arauzo-Carod-URV-CM-e1772553398660.png\",\"width\":1430,\"height\":787},{\"@type\":\"BreadcrumbList\",\"@id\":\"https:\\\/\\\/radiociutat.com\\\/es\\\/carrer-major-tarragona-secciones\\\/carrer-major-las-consecuencias-economicas-de-los-ataques-a-iran-con-josep-maria-arauzo-carod\\\/#breadcrumb\",\"itemListElement\":[{\"@type\":\"ListItem\",\"position\":1,\"name\":\"Inici\",\"item\":\"https:\\\/\\\/radiociutat.com\\\/es\\\/\"},{\"@type\":\"ListItem\",\"position\":2,\"name\":\"Carrer Major | Las consecuencias econ\u00f3micas de los ataques a Ir\u00e1n, con Josep Maria Arauzo-Carod\"}]},{\"@type\":\"WebSite\",\"@id\":\"https:\\\/\\\/radiociutat.com\\\/es\\\/#website\",\"url\":\"https:\\\/\\\/radiociutat.com\\\/es\\\/\",\"name\":\"R\u00e0dio Ciutat de Tarragona\",\"description\":\"R\u00e0dio Ciutat de Tarragona - RCTgn.cat R\u00e0dio Online\",\"potentialAction\":[{\"@type\":\"SearchAction\",\"target\":{\"@type\":\"EntryPoint\",\"urlTemplate\":\"https:\\\/\\\/radiociutat.com\\\/es\\\/?s={search_term_string}\"},\"query-input\":{\"@type\":\"PropertyValueSpecification\",\"valueRequired\":true,\"valueName\":\"search_term_string\"}}],\"inLanguage\":\"es\"},{\"@type\":\"Person\",\"@id\":\"https:\\\/\\\/radiociutat.com\\\/es\\\/#\\\/schema\\\/person\\\/04b6638f9d2a9ea77408db76c5d8f0b5\",\"name\":\"Redacci\u00f3\",\"sameAs\":[\"https:\\\/\\\/radiociutat.com\\\/wp-content\\\/uploads\\\/2023\\\/09\\\/LOGO-RCTGN-CUADRAT.png\"],\"url\":\"https:\\\/\\\/radiociutat.com\\\/es\\\/author\\\/jespinosa\\\/\"}]}<\/script>\n<!-- \/ Yoast SEO Premium plugin. -->","yoast_head_json":{"title":"Carrer Major | Las consecuencias econ\u00f3micas de los ataques a Ir\u00e1n, con Josep Maria Arauzo-Carod - R\u00e0dio Ciutat de Tarragona","robots":{"index":"index","follow":"follow","max-snippet":"max-snippet:-1","max-image-preview":"max-image-preview:large","max-video-preview":"max-video-preview:-1"},"canonical":"https:\/\/radiociutat.com\/es\/carrer-major-tarragona-secciones\/carrer-major-las-consecuencias-economicas-de-los-ataques-a-iran-con-josep-maria-arauzo-carod\/","og_locale":"es_ES","og_type":"article","og_title":"Carrer Major | Las consecuencias econ\u00f3micas de los ataques a Ir\u00e1n, con Josep Maria Arauzo-Carod","og_description":"Hoy, en el programa \u00abCarrer Major\u00bb, hemos tenido la oportunidad de entrevistar al catedr\u00e1tico de Econom\u00eda de la URV, Josep Maria Arauzo-Carod, para hablar de las repercusiones econ\u00f3micas de los ataques a Ir\u00e1n por parte de Estados Unidos e Israel. Esta ofensiva ha provocado una grave escalada en el Pr\u00f3ximo Oriente, con ataques no solo [&hellip;]","og_url":"https:\/\/radiociutat.com\/es\/carrer-major-tarragona-secciones\/carrer-major-las-consecuencias-economicas-de-los-ataques-a-iran-con-josep-maria-arauzo-carod\/","og_site_name":"R\u00e0dio Ciutat de Tarragona","article_publisher":"https:\/\/www.facebook.com\/rctgn","article_published_time":"2026-03-03T15:57:13+00:00","og_image":[{"width":3000,"height":3000,"url":"https:\/\/files.radiociutat.com\/rctgn\/wp-content\/uploads\/2021\/03\/LOGO-RCTGN-RADIO-CIUTAT-DE-TARRAGONA-TRANSPARENTE-TARRAGONA-2020-3000X3000-Redes1-copia.png","type":"image\/png"}],"author":"Redacci\u00f3","twitter_card":"summary_large_image","twitter_creator":"@RCTgn","twitter_site":"@RCTgn","twitter_misc":{"Escrito por":"Redacci\u00f3","Tiempo de lectura":"2 minutos"},"schema":{"@context":"https:\/\/schema.org","@graph":[{"@type":"Article","@id":"https:\/\/radiociutat.com\/es\/carrer-major-tarragona-secciones\/carrer-major-las-consecuencias-economicas-de-los-ataques-a-iran-con-josep-maria-arauzo-carod\/#article","isPartOf":{"@id":"https:\/\/radiociutat.com\/es\/carrer-major-tarragona-secciones\/carrer-major-las-consecuencias-economicas-de-los-ataques-a-iran-con-josep-maria-arauzo-carod\/"},"author":{"name":"Redacci\u00f3","@id":"https:\/\/radiociutat.com\/es\/#\/schema\/person\/04b6638f9d2a9ea77408db76c5d8f0b5"},"headline":"Carrer Major | Las consecuencias econ\u00f3micas de los ataques a Ir\u00e1n, con Josep Maria Arauzo-Carod","datePublished":"2026-03-03T15:57:13+00:00","mainEntityOfPage":{"@id":"https:\/\/radiociutat.com\/es\/carrer-major-tarragona-secciones\/carrer-major-las-consecuencias-economicas-de-los-ataques-a-iran-con-josep-maria-arauzo-carod\/"},"wordCount":385,"image":{"@id":"https:\/\/radiociutat.com\/es\/carrer-major-tarragona-secciones\/carrer-major-las-consecuencias-economicas-de-los-ataques-a-iran-con-josep-maria-arauzo-carod\/#primaryimage"},"thumbnailUrl":"https:\/\/files.radiociutat.com\/rctgn\/wp-content\/uploads\/2026\/03\/Josep-Maria-Arauzo-Carod-URV-CM-e1772553398660.png","keywords":["Actualitat","Info","Informatiu","not\u00edcies","Societat","Tarragona","TGN"],"articleSection":["Carrer Major Tarragona | Secciones"],"inLanguage":"es"},{"@type":"WebPage","@id":"https:\/\/radiociutat.com\/es\/carrer-major-tarragona-secciones\/carrer-major-las-consecuencias-economicas-de-los-ataques-a-iran-con-josep-maria-arauzo-carod\/","url":"https:\/\/radiociutat.com\/es\/carrer-major-tarragona-secciones\/carrer-major-las-consecuencias-economicas-de-los-ataques-a-iran-con-josep-maria-arauzo-carod\/","name":"Carrer Major | Las consecuencias econ\u00f3micas de los ataques a Ir\u00e1n, con Josep Maria Arauzo-Carod - R\u00e0dio Ciutat de Tarragona","isPartOf":{"@id":"https:\/\/radiociutat.com\/es\/#website"},"primaryImageOfPage":{"@id":"https:\/\/radiociutat.com\/es\/carrer-major-tarragona-secciones\/carrer-major-las-consecuencias-economicas-de-los-ataques-a-iran-con-josep-maria-arauzo-carod\/#primaryimage"},"image":{"@id":"https:\/\/radiociutat.com\/es\/carrer-major-tarragona-secciones\/carrer-major-las-consecuencias-economicas-de-los-ataques-a-iran-con-josep-maria-arauzo-carod\/#primaryimage"},"thumbnailUrl":"https:\/\/files.radiociutat.com\/rctgn\/wp-content\/uploads\/2026\/03\/Josep-Maria-Arauzo-Carod-URV-CM-e1772553398660.png","datePublished":"2026-03-03T15:57:13+00:00","author":{"@id":"https:\/\/radiociutat.com\/es\/#\/schema\/person\/04b6638f9d2a9ea77408db76c5d8f0b5"},"breadcrumb":{"@id":"https:\/\/radiociutat.com\/es\/carrer-major-tarragona-secciones\/carrer-major-las-consecuencias-economicas-de-los-ataques-a-iran-con-josep-maria-arauzo-carod\/#breadcrumb"},"inLanguage":"es","potentialAction":[{"@type":"ReadAction","target":["https:\/\/radiociutat.com\/es\/carrer-major-tarragona-secciones\/carrer-major-las-consecuencias-economicas-de-los-ataques-a-iran-con-josep-maria-arauzo-carod\/"]}]},{"@type":"ImageObject","inLanguage":"es","@id":"https:\/\/radiociutat.com\/es\/carrer-major-tarragona-secciones\/carrer-major-las-consecuencias-economicas-de-los-ataques-a-iran-con-josep-maria-arauzo-carod\/#primaryimage","url":"https:\/\/files.radiociutat.com\/rctgn\/wp-content\/uploads\/2026\/03\/Josep-Maria-Arauzo-Carod-URV-CM-e1772553398660.png","contentUrl":"https:\/\/files.radiociutat.com\/rctgn\/wp-content\/uploads\/2026\/03\/Josep-Maria-Arauzo-Carod-URV-CM-e1772553398660.png","width":1430,"height":787},{"@type":"BreadcrumbList","@id":"https:\/\/radiociutat.com\/es\/carrer-major-tarragona-secciones\/carrer-major-las-consecuencias-economicas-de-los-ataques-a-iran-con-josep-maria-arauzo-carod\/#breadcrumb","itemListElement":[{"@type":"ListItem","position":1,"name":"Inici","item":"https:\/\/radiociutat.com\/es\/"},{"@type":"ListItem","position":2,"name":"Carrer Major | Las consecuencias econ\u00f3micas de los ataques a Ir\u00e1n, con Josep Maria Arauzo-Carod"}]},{"@type":"WebSite","@id":"https:\/\/radiociutat.com\/es\/#website","url":"https:\/\/radiociutat.com\/es\/","name":"R\u00e0dio Ciutat de Tarragona","description":"R\u00e0dio Ciutat de Tarragona - RCTgn.cat R\u00e0dio Online","potentialAction":[{"@type":"SearchAction","target":{"@type":"EntryPoint","urlTemplate":"https:\/\/radiociutat.com\/es\/?s={search_term_string}"},"query-input":{"@type":"PropertyValueSpecification","valueRequired":true,"valueName":"search_term_string"}}],"inLanguage":"es"},{"@type":"Person","@id":"https:\/\/radiociutat.com\/es\/#\/schema\/person\/04b6638f9d2a9ea77408db76c5d8f0b5","name":"Redacci\u00f3","sameAs":["https:\/\/radiociutat.com\/wp-content\/uploads\/2023\/09\/LOGO-RCTGN-CUADRAT.png"],"url":"https:\/\/radiociutat.com\/es\/author\/jespinosa\/"}]}},"_links":{"self":[{"href":"https:\/\/radiociutat.com\/es\/wp-json\/wp\/v2\/posts\/369701","targetHints":{"allow":["GET"]}}],"collection":[{"href":"https:\/\/radiociutat.com\/es\/wp-json\/wp\/v2\/posts"}],"about":[{"href":"https:\/\/radiociutat.com\/es\/wp-json\/wp\/v2\/types\/post"}],"author":[{"embeddable":true,"href":"https:\/\/radiociutat.com\/es\/wp-json\/wp\/v2\/users\/1"}],"replies":[{"embeddable":true,"href":"https:\/\/radiociutat.com\/es\/wp-json\/wp\/v2\/comments?post=369701"}],"version-history":[{"count":0,"href":"https:\/\/radiociutat.com\/es\/wp-json\/wp\/v2\/posts\/369701\/revisions"}],"wp:featuredmedia":[{"embeddable":true,"href":"https:\/\/radiociutat.com\/es\/wp-json\/wp\/v2\/media\/240502"}],"wp:attachment":[{"href":"https:\/\/radiociutat.com\/es\/wp-json\/wp\/v2\/media?parent=369701"}],"wp:term":[{"taxonomy":"category","embeddable":true,"href":"https:\/\/radiociutat.com\/es\/wp-json\/wp\/v2\/categories?post=369701"},{"taxonomy":"post_tag","embeddable":true,"href":"https:\/\/radiociutat.com\/es\/wp-json\/wp\/v2\/tags?post=369701"}],"curies":[{"name":"wp","href":"https:\/\/api.w.org\/{rel}","templated":true}]}}