{"id":369681,"date":"2026-03-02T16:51:06","date_gmt":"2026-03-02T15:51:06","guid":{"rendered":"https:\/\/radiociutat.com\/programes-podcast\/carrer-major-llega-la-8-a-jornada-trabaja-en-el-turismo\/"},"modified":"2026-03-02T16:51:06","modified_gmt":"2026-03-02T15:51:06","slug":"carrer-major-llega-la-8-a-jornada-trabaja-en-el-turismo","status":"publish","type":"post","link":"https:\/\/radiociutat.com\/es\/carrer-major-tarragona-secciones\/carrer-major-llega-la-8-a-jornada-trabaja-en-el-turismo\/","title":{"rendered":"Carrer Major | Llega la 8.\u00aa jornada Trabaja en el Turismo"},"content":{"rendered":"\n<p>Este martes, de 10 h a 18 h, una treintena de empresas del sector tur\u00edstico de la Costa Daurada recoger\u00e1n curr\u00edculums y realizar\u00e1n entrevistas de selecci\u00f3n de personal durante la 8.\u00aa Jornada Trabaja en el Turismo que se celebrar\u00e1 en firaReus Events. Est\u00e1 organizada conjuntamente por la Federaci\u00f3n Empresarial de Hosteler\u00eda y Turismo de la provincia de Tarragona (FEHT) y la C\u00e1mara de Comercio de Reus.<\/p>\n\n\n\n<p>En &#8216;Carrer Major&#8217; hemos hablado con Jaume Llosas, secretario general y director gerente de la C\u00e1mara, y con Xavier Guardi\u00e0, portavoz de la FEHT. M\u00e1s de 30 empresas del sector tur\u00edstico, representando a m\u00e1s de 70 establecimientos como hoteles, campings y apartamentos, ofrecer\u00e1n m\u00e1s de 2.000 puestos de trabajo en la Costa Daurada.<\/p>\n\n\n\n<p>Llosas ha destacado que este evento ha crecido notablemente desde su creaci\u00f3n hace ocho a\u00f1os, con m\u00e1s de 2.100 ofertas de trabajo disponibles, un incremento significativo respecto a los 1.100 puestos que se ofrecieron el a\u00f1o pasado. Seg\u00fan \u00e9l, se trata de una jornada fundamental para un sector que representa un peso importante en la econom\u00eda de la provincia.<\/p>\n\n\n\n<p>Por su parte, Guardi\u00e0 ha resaltado que la feria ha experimentado un crecimiento espectacular, con un aumento de hasta 124 estands este a\u00f1o, reflejando la consolidaci\u00f3n de la feria. Esta feria, a\u00f1adi\u00f3, ofrece a los profesionales de la hosteler\u00eda la oportunidad de conectar con proveedores y empresas que cubrir\u00e1n diversas necesidades del sector, desde maquinaria hasta personal especializado.<\/p>\n\n\n\n<p>Esta jornada ser\u00e1 un punto de encuentro para empresas y candidatos, con el objetivo de agilizar los procesos de selecci\u00f3n y mejorar las oportunidades laborales para las personas interesadas en trabajar en el sector tur\u00edstico.<\/p>\n\n\n\n<p>Con un sector tur\u00edstico que representa m\u00e1s del 26% del PIB de la provincia, esta jornada es una clara muestra de la fuerza del turismo en la Costa Daurada. Todo apunta a que ser\u00e1 una edici\u00f3n muy exitosa, con una alta participaci\u00f3n y una gran oportunidad para encontrar trabajo en el sector.<\/p>\n\n\n\n<p><br><\/p>\n","protected":false},"excerpt":{"rendered":"<p>Este martes, de 10 h a 18 h, una treintena de empresas del sector tur\u00edstico de la Costa Daurada recoger\u00e1n curr\u00edculums y realizar\u00e1n entrevistas de selecci\u00f3n de personal durante la 8.\u00aa Jornada Trabaja en el Turismo que se celebrar\u00e1 en firaReus Events. Est\u00e1 organizada conjuntamente por la Federaci\u00f3n Empresarial de Hosteler\u00eda y Turismo de la [&hellip;]<\/p>\n","protected":false},"author":1,"featured_media":240355,"comment_status":"closed","ping_status":"closed","sticky":false,"template":"","format":"standard","meta":{"footnotes":""},"categories":[13680],"tags":[128,13683,88,260,129,19,218,448],"class_list":["post-369681","post","type-post","status-publish","format-standard","has-post-thumbnail","hentry","category-carrer-major-tarragona-secciones","tag-actualitat","tag-calle-mayor","tag-info","tag-noticies","tag-societat","tag-tarragona","tag-tgn","tag-turisme"],"yoast_head":"<!-- This site is optimized with the Yoast SEO Premium plugin v27.4 (Yoast SEO v27.5) - https:\/\/yoast.com\/product\/yoast-seo-premium-wordpress\/ -->\n<title>Carrer Major | Llega la 8.\u00aa jornada Trabaja en el Turismo - R\u00e0dio Ciutat de Tarragona<\/title>\n<meta name=\"robots\" content=\"index, follow, max-snippet:-1, max-image-preview:large, max-video-preview:-1\" \/>\n<link rel=\"canonical\" href=\"https:\/\/radiociutat.com\/es\/carrer-major-tarragona-secciones\/carrer-major-llega-la-8-a-jornada-trabaja-en-el-turismo\/\" \/>\n<meta property=\"og:locale\" content=\"es_ES\" \/>\n<meta property=\"og:type\" content=\"article\" \/>\n<meta property=\"og:title\" content=\"Carrer Major | Llega la 8.\u00aa jornada Trabaja en el Turismo\" \/>\n<meta property=\"og:description\" content=\"Este martes, de 10 h a 18 h, una treintena de empresas del sector tur\u00edstico de la Costa Daurada recoger\u00e1n curr\u00edculums y realizar\u00e1n entrevistas de selecci\u00f3n de personal durante la 8.\u00aa Jornada Trabaja en el Turismo que se celebrar\u00e1 en firaReus Events. Est\u00e1 organizada conjuntamente por la Federaci\u00f3n Empresarial de Hosteler\u00eda y Turismo de la [&hellip;]\" \/>\n<meta property=\"og:url\" content=\"https:\/\/radiociutat.com\/es\/carrer-major-tarragona-secciones\/carrer-major-llega-la-8-a-jornada-trabaja-en-el-turismo\/\" \/>\n<meta property=\"og:site_name\" content=\"R\u00e0dio Ciutat de Tarragona\" \/>\n<meta property=\"article:publisher\" content=\"https:\/\/www.facebook.com\/rctgn\" \/>\n<meta property=\"article:published_time\" content=\"2026-03-02T15:51:06+00:00\" \/>\n<meta property=\"og:image\" content=\"https:\/\/files.radiociutat.com\/rctgn\/wp-content\/uploads\/2021\/03\/LOGO-RCTGN-RADIO-CIUTAT-DE-TARRAGONA-TRANSPARENTE-TARRAGONA-2020-3000X3000-Redes1-copia.png\" \/>\n\t<meta property=\"og:image:width\" content=\"3000\" \/>\n\t<meta property=\"og:image:height\" content=\"3000\" \/>\n\t<meta property=\"og:image:type\" content=\"image\/png\" \/>\n<meta name=\"author\" content=\"Redacci\u00f3\" \/>\n<meta name=\"twitter:card\" content=\"summary_large_image\" \/>\n<meta name=\"twitter:creator\" content=\"@RCTgn\" \/>\n<meta name=\"twitter:site\" content=\"@RCTgn\" \/>\n<meta name=\"twitter:label1\" content=\"Escrito por\" \/>\n\t<meta name=\"twitter:data1\" content=\"Redacci\u00f3\" \/>\n\t<meta name=\"twitter:label2\" content=\"Tiempo de lectura\" \/>\n\t<meta name=\"twitter:data2\" content=\"2 minutos\" \/>\n<script type=\"application\/ld+json\" class=\"yoast-schema-graph\">{\"@context\":\"https:\\\/\\\/schema.org\",\"@graph\":[{\"@type\":\"Article\",\"@id\":\"https:\\\/\\\/radiociutat.com\\\/es\\\/carrer-major-tarragona-secciones\\\/carrer-major-llega-la-8-a-jornada-trabaja-en-el-turismo\\\/#article\",\"isPartOf\":{\"@id\":\"https:\\\/\\\/radiociutat.com\\\/es\\\/carrer-major-tarragona-secciones\\\/carrer-major-llega-la-8-a-jornada-trabaja-en-el-turismo\\\/\"},\"author\":{\"name\":\"Redacci\u00f3\",\"@id\":\"https:\\\/\\\/radiociutat.com\\\/es\\\/#\\\/schema\\\/person\\\/04b6638f9d2a9ea77408db76c5d8f0b5\"},\"headline\":\"Carrer Major | Llega la 8.\u00aa jornada Trabaja en el Turismo\",\"datePublished\":\"2026-03-02T15:51:06+00:00\",\"mainEntityOfPage\":{\"@id\":\"https:\\\/\\\/radiociutat.com\\\/es\\\/carrer-major-tarragona-secciones\\\/carrer-major-llega-la-8-a-jornada-trabaja-en-el-turismo\\\/\"},\"wordCount\":353,\"image\":{\"@id\":\"https:\\\/\\\/radiociutat.com\\\/es\\\/carrer-major-tarragona-secciones\\\/carrer-major-llega-la-8-a-jornada-trabaja-en-el-turismo\\\/#primaryimage\"},\"thumbnailUrl\":\"https:\\\/\\\/files.radiociutat.com\\\/rctgn\\\/wp-content\\\/uploads\\\/2026\\\/03\\\/treballa-al-turisme.jpg\",\"keywords\":[\"Actualitat\",\"calle mayor\",\"Info\",\"not\u00edcies\",\"Societat\",\"Tarragona\",\"TGN\",\"Turisme\"],\"articleSection\":[\"Carrer Major Tarragona | Secciones\"],\"inLanguage\":\"es\"},{\"@type\":\"WebPage\",\"@id\":\"https:\\\/\\\/radiociutat.com\\\/es\\\/carrer-major-tarragona-secciones\\\/carrer-major-llega-la-8-a-jornada-trabaja-en-el-turismo\\\/\",\"url\":\"https:\\\/\\\/radiociutat.com\\\/es\\\/carrer-major-tarragona-secciones\\\/carrer-major-llega-la-8-a-jornada-trabaja-en-el-turismo\\\/\",\"name\":\"Carrer Major | Llega la 8.\u00aa jornada Trabaja en el Turismo - R\u00e0dio Ciutat de Tarragona\",\"isPartOf\":{\"@id\":\"https:\\\/\\\/radiociutat.com\\\/es\\\/#website\"},\"primaryImageOfPage\":{\"@id\":\"https:\\\/\\\/radiociutat.com\\\/es\\\/carrer-major-tarragona-secciones\\\/carrer-major-llega-la-8-a-jornada-trabaja-en-el-turismo\\\/#primaryimage\"},\"image\":{\"@id\":\"https:\\\/\\\/radiociutat.com\\\/es\\\/carrer-major-tarragona-secciones\\\/carrer-major-llega-la-8-a-jornada-trabaja-en-el-turismo\\\/#primaryimage\"},\"thumbnailUrl\":\"https:\\\/\\\/files.radiociutat.com\\\/rctgn\\\/wp-content\\\/uploads\\\/2026\\\/03\\\/treballa-al-turisme.jpg\",\"datePublished\":\"2026-03-02T15:51:06+00:00\",\"author\":{\"@id\":\"https:\\\/\\\/radiociutat.com\\\/es\\\/#\\\/schema\\\/person\\\/04b6638f9d2a9ea77408db76c5d8f0b5\"},\"breadcrumb\":{\"@id\":\"https:\\\/\\\/radiociutat.com\\\/es\\\/carrer-major-tarragona-secciones\\\/carrer-major-llega-la-8-a-jornada-trabaja-en-el-turismo\\\/#breadcrumb\"},\"inLanguage\":\"es\",\"potentialAction\":[{\"@type\":\"ReadAction\",\"target\":[\"https:\\\/\\\/radiociutat.com\\\/es\\\/carrer-major-tarragona-secciones\\\/carrer-major-llega-la-8-a-jornada-trabaja-en-el-turismo\\\/\"]}]},{\"@type\":\"ImageObject\",\"inLanguage\":\"es\",\"@id\":\"https:\\\/\\\/radiociutat.com\\\/es\\\/carrer-major-tarragona-secciones\\\/carrer-major-llega-la-8-a-jornada-trabaja-en-el-turismo\\\/#primaryimage\",\"url\":\"https:\\\/\\\/files.radiociutat.com\\\/rctgn\\\/wp-content\\\/uploads\\\/2026\\\/03\\\/treballa-al-turisme.jpg\",\"contentUrl\":\"https:\\\/\\\/files.radiociutat.com\\\/rctgn\\\/wp-content\\\/uploads\\\/2026\\\/03\\\/treballa-al-turisme.jpg\",\"width\":1024,\"height\":683},{\"@type\":\"BreadcrumbList\",\"@id\":\"https:\\\/\\\/radiociutat.com\\\/es\\\/carrer-major-tarragona-secciones\\\/carrer-major-llega-la-8-a-jornada-trabaja-en-el-turismo\\\/#breadcrumb\",\"itemListElement\":[{\"@type\":\"ListItem\",\"position\":1,\"name\":\"Inici\",\"item\":\"https:\\\/\\\/radiociutat.com\\\/es\\\/\"},{\"@type\":\"ListItem\",\"position\":2,\"name\":\"Carrer Major | Llega la 8.\u00aa jornada Trabaja en el Turismo\"}]},{\"@type\":\"WebSite\",\"@id\":\"https:\\\/\\\/radiociutat.com\\\/es\\\/#website\",\"url\":\"https:\\\/\\\/radiociutat.com\\\/es\\\/\",\"name\":\"R\u00e0dio Ciutat de Tarragona\",\"description\":\"R\u00e0dio Ciutat de Tarragona - RCTgn.cat R\u00e0dio Online\",\"potentialAction\":[{\"@type\":\"SearchAction\",\"target\":{\"@type\":\"EntryPoint\",\"urlTemplate\":\"https:\\\/\\\/radiociutat.com\\\/es\\\/?s={search_term_string}\"},\"query-input\":{\"@type\":\"PropertyValueSpecification\",\"valueRequired\":true,\"valueName\":\"search_term_string\"}}],\"inLanguage\":\"es\"},{\"@type\":\"Person\",\"@id\":\"https:\\\/\\\/radiociutat.com\\\/es\\\/#\\\/schema\\\/person\\\/04b6638f9d2a9ea77408db76c5d8f0b5\",\"name\":\"Redacci\u00f3\",\"sameAs\":[\"https:\\\/\\\/radiociutat.com\\\/wp-content\\\/uploads\\\/2023\\\/09\\\/LOGO-RCTGN-CUADRAT.png\"],\"url\":\"https:\\\/\\\/radiociutat.com\\\/es\\\/author\\\/jespinosa\\\/\"}]}<\/script>\n<!-- \/ Yoast SEO Premium plugin. -->","yoast_head_json":{"title":"Carrer Major | Llega la 8.\u00aa jornada Trabaja en el Turismo - R\u00e0dio Ciutat de Tarragona","robots":{"index":"index","follow":"follow","max-snippet":"max-snippet:-1","max-image-preview":"max-image-preview:large","max-video-preview":"max-video-preview:-1"},"canonical":"https:\/\/radiociutat.com\/es\/carrer-major-tarragona-secciones\/carrer-major-llega-la-8-a-jornada-trabaja-en-el-turismo\/","og_locale":"es_ES","og_type":"article","og_title":"Carrer Major | Llega la 8.\u00aa jornada Trabaja en el Turismo","og_description":"Este martes, de 10 h a 18 h, una treintena de empresas del sector tur\u00edstico de la Costa Daurada recoger\u00e1n curr\u00edculums y realizar\u00e1n entrevistas de selecci\u00f3n de personal durante la 8.\u00aa Jornada Trabaja en el Turismo que se celebrar\u00e1 en firaReus Events. Est\u00e1 organizada conjuntamente por la Federaci\u00f3n Empresarial de Hosteler\u00eda y Turismo de la [&hellip;]","og_url":"https:\/\/radiociutat.com\/es\/carrer-major-tarragona-secciones\/carrer-major-llega-la-8-a-jornada-trabaja-en-el-turismo\/","og_site_name":"R\u00e0dio Ciutat de Tarragona","article_publisher":"https:\/\/www.facebook.com\/rctgn","article_published_time":"2026-03-02T15:51:06+00:00","og_image":[{"width":3000,"height":3000,"url":"https:\/\/files.radiociutat.com\/rctgn\/wp-content\/uploads\/2021\/03\/LOGO-RCTGN-RADIO-CIUTAT-DE-TARRAGONA-TRANSPARENTE-TARRAGONA-2020-3000X3000-Redes1-copia.png","type":"image\/png"}],"author":"Redacci\u00f3","twitter_card":"summary_large_image","twitter_creator":"@RCTgn","twitter_site":"@RCTgn","twitter_misc":{"Escrito por":"Redacci\u00f3","Tiempo de lectura":"2 minutos"},"schema":{"@context":"https:\/\/schema.org","@graph":[{"@type":"Article","@id":"https:\/\/radiociutat.com\/es\/carrer-major-tarragona-secciones\/carrer-major-llega-la-8-a-jornada-trabaja-en-el-turismo\/#article","isPartOf":{"@id":"https:\/\/radiociutat.com\/es\/carrer-major-tarragona-secciones\/carrer-major-llega-la-8-a-jornada-trabaja-en-el-turismo\/"},"author":{"name":"Redacci\u00f3","@id":"https:\/\/radiociutat.com\/es\/#\/schema\/person\/04b6638f9d2a9ea77408db76c5d8f0b5"},"headline":"Carrer Major | Llega la 8.\u00aa jornada Trabaja en el Turismo","datePublished":"2026-03-02T15:51:06+00:00","mainEntityOfPage":{"@id":"https:\/\/radiociutat.com\/es\/carrer-major-tarragona-secciones\/carrer-major-llega-la-8-a-jornada-trabaja-en-el-turismo\/"},"wordCount":353,"image":{"@id":"https:\/\/radiociutat.com\/es\/carrer-major-tarragona-secciones\/carrer-major-llega-la-8-a-jornada-trabaja-en-el-turismo\/#primaryimage"},"thumbnailUrl":"https:\/\/files.radiociutat.com\/rctgn\/wp-content\/uploads\/2026\/03\/treballa-al-turisme.jpg","keywords":["Actualitat","calle mayor","Info","not\u00edcies","Societat","Tarragona","TGN","Turisme"],"articleSection":["Carrer Major Tarragona | Secciones"],"inLanguage":"es"},{"@type":"WebPage","@id":"https:\/\/radiociutat.com\/es\/carrer-major-tarragona-secciones\/carrer-major-llega-la-8-a-jornada-trabaja-en-el-turismo\/","url":"https:\/\/radiociutat.com\/es\/carrer-major-tarragona-secciones\/carrer-major-llega-la-8-a-jornada-trabaja-en-el-turismo\/","name":"Carrer Major | Llega la 8.\u00aa jornada Trabaja en el Turismo - R\u00e0dio Ciutat de Tarragona","isPartOf":{"@id":"https:\/\/radiociutat.com\/es\/#website"},"primaryImageOfPage":{"@id":"https:\/\/radiociutat.com\/es\/carrer-major-tarragona-secciones\/carrer-major-llega-la-8-a-jornada-trabaja-en-el-turismo\/#primaryimage"},"image":{"@id":"https:\/\/radiociutat.com\/es\/carrer-major-tarragona-secciones\/carrer-major-llega-la-8-a-jornada-trabaja-en-el-turismo\/#primaryimage"},"thumbnailUrl":"https:\/\/files.radiociutat.com\/rctgn\/wp-content\/uploads\/2026\/03\/treballa-al-turisme.jpg","datePublished":"2026-03-02T15:51:06+00:00","author":{"@id":"https:\/\/radiociutat.com\/es\/#\/schema\/person\/04b6638f9d2a9ea77408db76c5d8f0b5"},"breadcrumb":{"@id":"https:\/\/radiociutat.com\/es\/carrer-major-tarragona-secciones\/carrer-major-llega-la-8-a-jornada-trabaja-en-el-turismo\/#breadcrumb"},"inLanguage":"es","potentialAction":[{"@type":"ReadAction","target":["https:\/\/radiociutat.com\/es\/carrer-major-tarragona-secciones\/carrer-major-llega-la-8-a-jornada-trabaja-en-el-turismo\/"]}]},{"@type":"ImageObject","inLanguage":"es","@id":"https:\/\/radiociutat.com\/es\/carrer-major-tarragona-secciones\/carrer-major-llega-la-8-a-jornada-trabaja-en-el-turismo\/#primaryimage","url":"https:\/\/files.radiociutat.com\/rctgn\/wp-content\/uploads\/2026\/03\/treballa-al-turisme.jpg","contentUrl":"https:\/\/files.radiociutat.com\/rctgn\/wp-content\/uploads\/2026\/03\/treballa-al-turisme.jpg","width":1024,"height":683},{"@type":"BreadcrumbList","@id":"https:\/\/radiociutat.com\/es\/carrer-major-tarragona-secciones\/carrer-major-llega-la-8-a-jornada-trabaja-en-el-turismo\/#breadcrumb","itemListElement":[{"@type":"ListItem","position":1,"name":"Inici","item":"https:\/\/radiociutat.com\/es\/"},{"@type":"ListItem","position":2,"name":"Carrer Major | Llega la 8.\u00aa jornada Trabaja en el Turismo"}]},{"@type":"WebSite","@id":"https:\/\/radiociutat.com\/es\/#website","url":"https:\/\/radiociutat.com\/es\/","name":"R\u00e0dio Ciutat de Tarragona","description":"R\u00e0dio Ciutat de Tarragona - RCTgn.cat R\u00e0dio Online","potentialAction":[{"@type":"SearchAction","target":{"@type":"EntryPoint","urlTemplate":"https:\/\/radiociutat.com\/es\/?s={search_term_string}"},"query-input":{"@type":"PropertyValueSpecification","valueRequired":true,"valueName":"search_term_string"}}],"inLanguage":"es"},{"@type":"Person","@id":"https:\/\/radiociutat.com\/es\/#\/schema\/person\/04b6638f9d2a9ea77408db76c5d8f0b5","name":"Redacci\u00f3","sameAs":["https:\/\/radiociutat.com\/wp-content\/uploads\/2023\/09\/LOGO-RCTGN-CUADRAT.png"],"url":"https:\/\/radiociutat.com\/es\/author\/jespinosa\/"}]}},"_links":{"self":[{"href":"https:\/\/radiociutat.com\/es\/wp-json\/wp\/v2\/posts\/369681","targetHints":{"allow":["GET"]}}],"collection":[{"href":"https:\/\/radiociutat.com\/es\/wp-json\/wp\/v2\/posts"}],"about":[{"href":"https:\/\/radiociutat.com\/es\/wp-json\/wp\/v2\/types\/post"}],"author":[{"embeddable":true,"href":"https:\/\/radiociutat.com\/es\/wp-json\/wp\/v2\/users\/1"}],"replies":[{"embeddable":true,"href":"https:\/\/radiociutat.com\/es\/wp-json\/wp\/v2\/comments?post=369681"}],"version-history":[{"count":0,"href":"https:\/\/radiociutat.com\/es\/wp-json\/wp\/v2\/posts\/369681\/revisions"}],"wp:featuredmedia":[{"embeddable":true,"href":"https:\/\/radiociutat.com\/es\/wp-json\/wp\/v2\/media\/240355"}],"wp:attachment":[{"href":"https:\/\/radiociutat.com\/es\/wp-json\/wp\/v2\/media?parent=369681"}],"wp:term":[{"taxonomy":"category","embeddable":true,"href":"https:\/\/radiociutat.com\/es\/wp-json\/wp\/v2\/categories?post=369681"},{"taxonomy":"post_tag","embeddable":true,"href":"https:\/\/radiociutat.com\/es\/wp-json\/wp\/v2\/tags?post=369681"}],"curies":[{"name":"wp","href":"https:\/\/api.w.org\/{rel}","templated":true}]}}