{"id":369679,"date":"2026-03-02T16:22:46","date_gmt":"2026-03-02T15:22:46","guid":{"rendered":"https:\/\/radiociutat.com\/programes-podcast\/la-guardia-urbana-incorpora-una-nueva-furgoneta-de-trafico\/"},"modified":"2026-03-02T16:22:46","modified_gmt":"2026-03-02T15:22:46","slug":"la-guardia-urbana-incorpora-una-nueva-furgoneta-de-trafico","status":"publish","type":"post","link":"https:\/\/radiociutat.com\/es\/sin-categoria-es\/la-guardia-urbana-incorpora-una-nueva-furgoneta-de-trafico\/","title":{"rendered":"La Guardia Urbana incorpora una nueva furgoneta de tr\u00e1fico"},"content":{"rendered":"\n<p>El Ayuntamiento de Tarragona ha incorporado una furgoneta Ford Custom destinada a la Unidad de Tr\u00e1fico y Transportes de la Guardia Urbana.<\/p>\n\n\n\n<p>La furgoneta cuenta con un kit de investigaci\u00f3n de accidentes de tr\u00e1fico, que permitir\u00e1 establecer las causas y los factores que han provocado el siniestro y qui\u00e9n es el responsable. Tambi\u00e9n dispone de un sistema de grabaci\u00f3n que permitir\u00e1 documentar con precisi\u00f3n las conductas de las personas implicadas en un siniestro vial.<\/p>\n\n\n\n<p>El nuevo veh\u00edculo facilita una zona de trabajo operativa para la realizaci\u00f3n de controles policiales, dotada de los recursos necesarios para llevar a cabo actuaciones de seguridad vial con eficiencia y garant\u00edas, y tambi\u00e9n servir\u00e1 como punto de control m\u00f3vil para campa\u00f1as de prevenci\u00f3n que se llevan a cabo desde la Divisi\u00f3n de Tr\u00e1fico. Adem\u00e1s, esta furgoneta permitir\u00e1 ofrecer un espacio seguro, discreto y climatizado para la atenci\u00f3n de v\u00edctimas, testigos o personas vulnerables.<\/p>\n\n\n\n<p>La adquisici\u00f3n de esta nueva unidad se enmarca dentro del plan estrat\u00e9gico de renovaci\u00f3n del parque m\u00f3vil de la Guardia Urbana, el cual incluye la retirada definitiva de varios veh\u00edculos actuales que han llegado al final de su vida \u00fatil. La furgoneta que utilizaba hasta ahora la Unidad de Tr\u00e1fico tiene unos 10 a\u00f1os de antig\u00fcedad.<\/p>\n","protected":false},"excerpt":{"rendered":"<p>El Ayuntamiento de Tarragona ha incorporado una furgoneta Ford Custom destinada a la Unidad de Tr\u00e1fico y Transportes de la Guardia Urbana. La furgoneta cuenta con un kit de investigaci\u00f3n de accidentes de tr\u00e1fico, que permitir\u00e1 establecer las causas y los factores que han provocado el siniestro y qui\u00e9n es el responsable. Tambi\u00e9n dispone de [&hellip;]<\/p>\n","protected":false},"author":1,"featured_media":240349,"comment_status":"closed","ping_status":"closed","sticky":false,"template":"","format":"standard","meta":{"footnotes":""},"categories":[13773],"tags":[],"class_list":["post-369679","post","type-post","status-publish","format-standard","has-post-thumbnail","hentry","category-sin-categoria-es"],"yoast_head":"<!-- This site is optimized with the Yoast SEO Premium plugin v27.4 (Yoast SEO v27.5) - https:\/\/yoast.com\/product\/yoast-seo-premium-wordpress\/ -->\n<title>La Guardia Urbana incorpora una nueva furgoneta de tr\u00e1fico - R\u00e0dio Ciutat de Tarragona<\/title>\n<meta name=\"robots\" content=\"index, follow, max-snippet:-1, max-image-preview:large, max-video-preview:-1\" \/>\n<link rel=\"canonical\" href=\"https:\/\/radiociutat.com\/es\/sin-categoria-es\/la-guardia-urbana-incorpora-una-nueva-furgoneta-de-trafico\/\" \/>\n<meta property=\"og:locale\" content=\"es_ES\" \/>\n<meta property=\"og:type\" content=\"article\" \/>\n<meta property=\"og:title\" content=\"La Guardia Urbana incorpora una nueva furgoneta de tr\u00e1fico\" \/>\n<meta property=\"og:description\" content=\"El Ayuntamiento de Tarragona ha incorporado una furgoneta Ford Custom destinada a la Unidad de Tr\u00e1fico y Transportes de la Guardia Urbana. La furgoneta cuenta con un kit de investigaci\u00f3n de accidentes de tr\u00e1fico, que permitir\u00e1 establecer las causas y los factores que han provocado el siniestro y qui\u00e9n es el responsable. Tambi\u00e9n dispone de [&hellip;]\" \/>\n<meta property=\"og:url\" content=\"https:\/\/radiociutat.com\/es\/sin-categoria-es\/la-guardia-urbana-incorpora-una-nueva-furgoneta-de-trafico\/\" \/>\n<meta property=\"og:site_name\" content=\"R\u00e0dio Ciutat de Tarragona\" \/>\n<meta property=\"article:publisher\" content=\"https:\/\/www.facebook.com\/rctgn\" \/>\n<meta property=\"article:published_time\" content=\"2026-03-02T15:22:46+00:00\" \/>\n<meta property=\"og:image\" content=\"https:\/\/files.radiociutat.com\/rctgn\/wp-content\/uploads\/2021\/03\/LOGO-RCTGN-RADIO-CIUTAT-DE-TARRAGONA-TRANSPARENTE-TARRAGONA-2020-3000X3000-Redes1-copia.png\" \/>\n\t<meta property=\"og:image:width\" content=\"3000\" \/>\n\t<meta property=\"og:image:height\" content=\"3000\" \/>\n\t<meta property=\"og:image:type\" content=\"image\/png\" \/>\n<meta name=\"author\" content=\"Redacci\u00f3\" \/>\n<meta name=\"twitter:card\" content=\"summary_large_image\" \/>\n<meta name=\"twitter:creator\" content=\"@RCTgn\" \/>\n<meta name=\"twitter:site\" content=\"@RCTgn\" \/>\n<meta name=\"twitter:label1\" content=\"Escrito por\" \/>\n\t<meta name=\"twitter:data1\" content=\"Redacci\u00f3\" \/>\n\t<meta name=\"twitter:label2\" content=\"Tiempo de lectura\" \/>\n\t<meta name=\"twitter:data2\" content=\"1 minuto\" \/>\n<script type=\"application\/ld+json\" class=\"yoast-schema-graph\">{\"@context\":\"https:\\\/\\\/schema.org\",\"@graph\":[{\"@type\":\"Article\",\"@id\":\"https:\\\/\\\/radiociutat.com\\\/es\\\/sin-categoria-es\\\/la-guardia-urbana-incorpora-una-nueva-furgoneta-de-trafico\\\/#article\",\"isPartOf\":{\"@id\":\"https:\\\/\\\/radiociutat.com\\\/es\\\/sin-categoria-es\\\/la-guardia-urbana-incorpora-una-nueva-furgoneta-de-trafico\\\/\"},\"author\":{\"name\":\"Redacci\u00f3\",\"@id\":\"https:\\\/\\\/radiociutat.com\\\/es\\\/#\\\/schema\\\/person\\\/04b6638f9d2a9ea77408db76c5d8f0b5\"},\"headline\":\"La Guardia Urbana incorpora una nueva furgoneta de tr\u00e1fico\",\"datePublished\":\"2026-03-02T15:22:46+00:00\",\"mainEntityOfPage\":{\"@id\":\"https:\\\/\\\/radiociutat.com\\\/es\\\/sin-categoria-es\\\/la-guardia-urbana-incorpora-una-nueva-furgoneta-de-trafico\\\/\"},\"wordCount\":240,\"image\":{\"@id\":\"https:\\\/\\\/radiociutat.com\\\/es\\\/sin-categoria-es\\\/la-guardia-urbana-incorpora-una-nueva-furgoneta-de-trafico\\\/#primaryimage\"},\"thumbnailUrl\":\"https:\\\/\\\/files.radiociutat.com\\\/rctgn\\\/wp-content\\\/uploads\\\/2026\\\/03\\\/Guardia-Urbana-Reus-e1772464920457.jpg\",\"inLanguage\":\"es\"},{\"@type\":\"WebPage\",\"@id\":\"https:\\\/\\\/radiociutat.com\\\/es\\\/sin-categoria-es\\\/la-guardia-urbana-incorpora-una-nueva-furgoneta-de-trafico\\\/\",\"url\":\"https:\\\/\\\/radiociutat.com\\\/es\\\/sin-categoria-es\\\/la-guardia-urbana-incorpora-una-nueva-furgoneta-de-trafico\\\/\",\"name\":\"La Guardia Urbana incorpora una nueva furgoneta de tr\u00e1fico - R\u00e0dio Ciutat de Tarragona\",\"isPartOf\":{\"@id\":\"https:\\\/\\\/radiociutat.com\\\/es\\\/#website\"},\"primaryImageOfPage\":{\"@id\":\"https:\\\/\\\/radiociutat.com\\\/es\\\/sin-categoria-es\\\/la-guardia-urbana-incorpora-una-nueva-furgoneta-de-trafico\\\/#primaryimage\"},\"image\":{\"@id\":\"https:\\\/\\\/radiociutat.com\\\/es\\\/sin-categoria-es\\\/la-guardia-urbana-incorpora-una-nueva-furgoneta-de-trafico\\\/#primaryimage\"},\"thumbnailUrl\":\"https:\\\/\\\/files.radiociutat.com\\\/rctgn\\\/wp-content\\\/uploads\\\/2026\\\/03\\\/Guardia-Urbana-Reus-e1772464920457.jpg\",\"datePublished\":\"2026-03-02T15:22:46+00:00\",\"author\":{\"@id\":\"https:\\\/\\\/radiociutat.com\\\/es\\\/#\\\/schema\\\/person\\\/04b6638f9d2a9ea77408db76c5d8f0b5\"},\"breadcrumb\":{\"@id\":\"https:\\\/\\\/radiociutat.com\\\/es\\\/sin-categoria-es\\\/la-guardia-urbana-incorpora-una-nueva-furgoneta-de-trafico\\\/#breadcrumb\"},\"inLanguage\":\"es\",\"potentialAction\":[{\"@type\":\"ReadAction\",\"target\":[\"https:\\\/\\\/radiociutat.com\\\/es\\\/sin-categoria-es\\\/la-guardia-urbana-incorpora-una-nueva-furgoneta-de-trafico\\\/\"]}]},{\"@type\":\"ImageObject\",\"inLanguage\":\"es\",\"@id\":\"https:\\\/\\\/radiociutat.com\\\/es\\\/sin-categoria-es\\\/la-guardia-urbana-incorpora-una-nueva-furgoneta-de-trafico\\\/#primaryimage\",\"url\":\"https:\\\/\\\/files.radiociutat.com\\\/rctgn\\\/wp-content\\\/uploads\\\/2026\\\/03\\\/Guardia-Urbana-Reus-e1772464920457.jpg\",\"contentUrl\":\"https:\\\/\\\/files.radiociutat.com\\\/rctgn\\\/wp-content\\\/uploads\\\/2026\\\/03\\\/Guardia-Urbana-Reus-e1772464920457.jpg\",\"width\":2000,\"height\":1333},{\"@type\":\"BreadcrumbList\",\"@id\":\"https:\\\/\\\/radiociutat.com\\\/es\\\/sin-categoria-es\\\/la-guardia-urbana-incorpora-una-nueva-furgoneta-de-trafico\\\/#breadcrumb\",\"itemListElement\":[{\"@type\":\"ListItem\",\"position\":1,\"name\":\"Inici\",\"item\":\"https:\\\/\\\/radiociutat.com\\\/es\\\/\"},{\"@type\":\"ListItem\",\"position\":2,\"name\":\"La Guardia Urbana incorpora una nueva furgoneta de tr\u00e1fico\"}]},{\"@type\":\"WebSite\",\"@id\":\"https:\\\/\\\/radiociutat.com\\\/es\\\/#website\",\"url\":\"https:\\\/\\\/radiociutat.com\\\/es\\\/\",\"name\":\"R\u00e0dio Ciutat de Tarragona\",\"description\":\"R\u00e0dio Ciutat de Tarragona - RCTgn.cat R\u00e0dio Online\",\"potentialAction\":[{\"@type\":\"SearchAction\",\"target\":{\"@type\":\"EntryPoint\",\"urlTemplate\":\"https:\\\/\\\/radiociutat.com\\\/es\\\/?s={search_term_string}\"},\"query-input\":{\"@type\":\"PropertyValueSpecification\",\"valueRequired\":true,\"valueName\":\"search_term_string\"}}],\"inLanguage\":\"es\"},{\"@type\":\"Person\",\"@id\":\"https:\\\/\\\/radiociutat.com\\\/es\\\/#\\\/schema\\\/person\\\/04b6638f9d2a9ea77408db76c5d8f0b5\",\"name\":\"Redacci\u00f3\",\"sameAs\":[\"https:\\\/\\\/radiociutat.com\\\/wp-content\\\/uploads\\\/2023\\\/09\\\/LOGO-RCTGN-CUADRAT.png\"],\"url\":\"https:\\\/\\\/radiociutat.com\\\/es\\\/author\\\/jespinosa\\\/\"}]}<\/script>\n<!-- \/ Yoast SEO Premium plugin. -->","yoast_head_json":{"title":"La Guardia Urbana incorpora una nueva furgoneta de tr\u00e1fico - R\u00e0dio Ciutat de Tarragona","robots":{"index":"index","follow":"follow","max-snippet":"max-snippet:-1","max-image-preview":"max-image-preview:large","max-video-preview":"max-video-preview:-1"},"canonical":"https:\/\/radiociutat.com\/es\/sin-categoria-es\/la-guardia-urbana-incorpora-una-nueva-furgoneta-de-trafico\/","og_locale":"es_ES","og_type":"article","og_title":"La Guardia Urbana incorpora una nueva furgoneta de tr\u00e1fico","og_description":"El Ayuntamiento de Tarragona ha incorporado una furgoneta Ford Custom destinada a la Unidad de Tr\u00e1fico y Transportes de la Guardia Urbana. La furgoneta cuenta con un kit de investigaci\u00f3n de accidentes de tr\u00e1fico, que permitir\u00e1 establecer las causas y los factores que han provocado el siniestro y qui\u00e9n es el responsable. Tambi\u00e9n dispone de [&hellip;]","og_url":"https:\/\/radiociutat.com\/es\/sin-categoria-es\/la-guardia-urbana-incorpora-una-nueva-furgoneta-de-trafico\/","og_site_name":"R\u00e0dio Ciutat de Tarragona","article_publisher":"https:\/\/www.facebook.com\/rctgn","article_published_time":"2026-03-02T15:22:46+00:00","og_image":[{"width":3000,"height":3000,"url":"https:\/\/files.radiociutat.com\/rctgn\/wp-content\/uploads\/2021\/03\/LOGO-RCTGN-RADIO-CIUTAT-DE-TARRAGONA-TRANSPARENTE-TARRAGONA-2020-3000X3000-Redes1-copia.png","type":"image\/png"}],"author":"Redacci\u00f3","twitter_card":"summary_large_image","twitter_creator":"@RCTgn","twitter_site":"@RCTgn","twitter_misc":{"Escrito por":"Redacci\u00f3","Tiempo de lectura":"1 minuto"},"schema":{"@context":"https:\/\/schema.org","@graph":[{"@type":"Article","@id":"https:\/\/radiociutat.com\/es\/sin-categoria-es\/la-guardia-urbana-incorpora-una-nueva-furgoneta-de-trafico\/#article","isPartOf":{"@id":"https:\/\/radiociutat.com\/es\/sin-categoria-es\/la-guardia-urbana-incorpora-una-nueva-furgoneta-de-trafico\/"},"author":{"name":"Redacci\u00f3","@id":"https:\/\/radiociutat.com\/es\/#\/schema\/person\/04b6638f9d2a9ea77408db76c5d8f0b5"},"headline":"La Guardia Urbana incorpora una nueva furgoneta de tr\u00e1fico","datePublished":"2026-03-02T15:22:46+00:00","mainEntityOfPage":{"@id":"https:\/\/radiociutat.com\/es\/sin-categoria-es\/la-guardia-urbana-incorpora-una-nueva-furgoneta-de-trafico\/"},"wordCount":240,"image":{"@id":"https:\/\/radiociutat.com\/es\/sin-categoria-es\/la-guardia-urbana-incorpora-una-nueva-furgoneta-de-trafico\/#primaryimage"},"thumbnailUrl":"https:\/\/files.radiociutat.com\/rctgn\/wp-content\/uploads\/2026\/03\/Guardia-Urbana-Reus-e1772464920457.jpg","inLanguage":"es"},{"@type":"WebPage","@id":"https:\/\/radiociutat.com\/es\/sin-categoria-es\/la-guardia-urbana-incorpora-una-nueva-furgoneta-de-trafico\/","url":"https:\/\/radiociutat.com\/es\/sin-categoria-es\/la-guardia-urbana-incorpora-una-nueva-furgoneta-de-trafico\/","name":"La Guardia Urbana incorpora una nueva furgoneta de tr\u00e1fico - R\u00e0dio Ciutat de Tarragona","isPartOf":{"@id":"https:\/\/radiociutat.com\/es\/#website"},"primaryImageOfPage":{"@id":"https:\/\/radiociutat.com\/es\/sin-categoria-es\/la-guardia-urbana-incorpora-una-nueva-furgoneta-de-trafico\/#primaryimage"},"image":{"@id":"https:\/\/radiociutat.com\/es\/sin-categoria-es\/la-guardia-urbana-incorpora-una-nueva-furgoneta-de-trafico\/#primaryimage"},"thumbnailUrl":"https:\/\/files.radiociutat.com\/rctgn\/wp-content\/uploads\/2026\/03\/Guardia-Urbana-Reus-e1772464920457.jpg","datePublished":"2026-03-02T15:22:46+00:00","author":{"@id":"https:\/\/radiociutat.com\/es\/#\/schema\/person\/04b6638f9d2a9ea77408db76c5d8f0b5"},"breadcrumb":{"@id":"https:\/\/radiociutat.com\/es\/sin-categoria-es\/la-guardia-urbana-incorpora-una-nueva-furgoneta-de-trafico\/#breadcrumb"},"inLanguage":"es","potentialAction":[{"@type":"ReadAction","target":["https:\/\/radiociutat.com\/es\/sin-categoria-es\/la-guardia-urbana-incorpora-una-nueva-furgoneta-de-trafico\/"]}]},{"@type":"ImageObject","inLanguage":"es","@id":"https:\/\/radiociutat.com\/es\/sin-categoria-es\/la-guardia-urbana-incorpora-una-nueva-furgoneta-de-trafico\/#primaryimage","url":"https:\/\/files.radiociutat.com\/rctgn\/wp-content\/uploads\/2026\/03\/Guardia-Urbana-Reus-e1772464920457.jpg","contentUrl":"https:\/\/files.radiociutat.com\/rctgn\/wp-content\/uploads\/2026\/03\/Guardia-Urbana-Reus-e1772464920457.jpg","width":2000,"height":1333},{"@type":"BreadcrumbList","@id":"https:\/\/radiociutat.com\/es\/sin-categoria-es\/la-guardia-urbana-incorpora-una-nueva-furgoneta-de-trafico\/#breadcrumb","itemListElement":[{"@type":"ListItem","position":1,"name":"Inici","item":"https:\/\/radiociutat.com\/es\/"},{"@type":"ListItem","position":2,"name":"La Guardia Urbana incorpora una nueva furgoneta de tr\u00e1fico"}]},{"@type":"WebSite","@id":"https:\/\/radiociutat.com\/es\/#website","url":"https:\/\/radiociutat.com\/es\/","name":"R\u00e0dio Ciutat de Tarragona","description":"R\u00e0dio Ciutat de Tarragona - RCTgn.cat R\u00e0dio Online","potentialAction":[{"@type":"SearchAction","target":{"@type":"EntryPoint","urlTemplate":"https:\/\/radiociutat.com\/es\/?s={search_term_string}"},"query-input":{"@type":"PropertyValueSpecification","valueRequired":true,"valueName":"search_term_string"}}],"inLanguage":"es"},{"@type":"Person","@id":"https:\/\/radiociutat.com\/es\/#\/schema\/person\/04b6638f9d2a9ea77408db76c5d8f0b5","name":"Redacci\u00f3","sameAs":["https:\/\/radiociutat.com\/wp-content\/uploads\/2023\/09\/LOGO-RCTGN-CUADRAT.png"],"url":"https:\/\/radiociutat.com\/es\/author\/jespinosa\/"}]}},"_links":{"self":[{"href":"https:\/\/radiociutat.com\/es\/wp-json\/wp\/v2\/posts\/369679","targetHints":{"allow":["GET"]}}],"collection":[{"href":"https:\/\/radiociutat.com\/es\/wp-json\/wp\/v2\/posts"}],"about":[{"href":"https:\/\/radiociutat.com\/es\/wp-json\/wp\/v2\/types\/post"}],"author":[{"embeddable":true,"href":"https:\/\/radiociutat.com\/es\/wp-json\/wp\/v2\/users\/1"}],"replies":[{"embeddable":true,"href":"https:\/\/radiociutat.com\/es\/wp-json\/wp\/v2\/comments?post=369679"}],"version-history":[{"count":0,"href":"https:\/\/radiociutat.com\/es\/wp-json\/wp\/v2\/posts\/369679\/revisions"}],"wp:featuredmedia":[{"embeddable":true,"href":"https:\/\/radiociutat.com\/es\/wp-json\/wp\/v2\/media\/240349"}],"wp:attachment":[{"href":"https:\/\/radiociutat.com\/es\/wp-json\/wp\/v2\/media?parent=369679"}],"wp:term":[{"taxonomy":"category","embeddable":true,"href":"https:\/\/radiociutat.com\/es\/wp-json\/wp\/v2\/categories?post=369679"},{"taxonomy":"post_tag","embeddable":true,"href":"https:\/\/radiociutat.com\/es\/wp-json\/wp\/v2\/tags?post=369679"}],"curies":[{"name":"wp","href":"https:\/\/api.w.org\/{rel}","templated":true}]}}