{"id":369669,"date":"2026-03-02T13:53:28","date_gmt":"2026-03-02T12:53:28","guid":{"rendered":"https:\/\/radiociutat.com\/programes-podcast\/tarragona-daily-la-biblioteca-publica-de-tarragona-se-traslada-a-la-antigua-tabacalera\/"},"modified":"2026-03-02T13:53:28","modified_gmt":"2026-03-02T12:53:28","slug":"tarragona-daily-la-biblioteca-publica-de-tarragona-se-traslada-a-la-antigua-tabacalera","status":"publish","type":"post","link":"https:\/\/radiociutat.com\/es\/tarragona-daily-radio-ciutat-de-tarragona\/tarragona-daily-la-biblioteca-publica-de-tarragona-se-traslada-a-la-antigua-tabacalera\/","title":{"rendered":"Tarragona Daily | La Biblioteca P\u00fablica de Tarragona se traslada a la antigua Tabacalera"},"content":{"rendered":"\n<p><a href=\"https:\/\/radiociutat.com\/ultimes-noticies-tarragona\/el-ministeri-de-cultura-confirma-que-la-biblioteca-publica-de-lestat-es-traslladara-a-la-tabacalera\/\">El Ministerio de Cultura confirma que la Biblioteca P\u00fablica del Estado se trasladar\u00e1 a la Tabacalera<\/a><\/p>\n\n\n\n<p><strong>El Ministerio de Cultura ha confirmado que la Biblioteca P\u00fablica del Estado en Tarragona se trasladar\u00e1 al edificio principal de la antigua Tabacalera de Tarragona. La nueva sede ocupar\u00e1 10.000 metros cuadrados en las antiguas zonas noble y de secadero, distribuidos en tres plantas.<\/strong><\/p>\n\n\n\n<p>El acuerdo se ha cerrado tras a\u00f1os de negociaciones entre el Gobierno de Espa\u00f1a, el Ayuntamiento y la Generalitat, y permitir\u00e1 reubicar el actual equipamiento de la calle Fortuny en un espacio m\u00e1s amplio y adaptado a criterios t\u00e9cnicos, de uso y accesibilidad. La proximidad con el Conservatorio reforzar\u00e1 la voluntad de convertir la Tabacalera en un gran polo cultural.<\/p>\n\n\n\n<p>El primer paso ser\u00e1 la cesi\u00f3n de la finca por parte del Ayuntamiento. El Ministerio asumir\u00e1 la redacci\u00f3n del proyecto, las obras de reforma integral y el equipamiento, con una inversi\u00f3n m\u00ednima prevista de 20 millones de euros.<\/p>\n\n\n\n<p><a href=\"https:\/\/radiociutat.com\/ultimes-noticies-tarragona\/croniques-actualitat\/prop-dun-centenar-dautonoms-es-manifesten-a-tarragona-per-reclamar-mes-drets-laborals\/\">Cerca de un centenar de aut\u00f3nomos se manifiestan en Tarragona para reclamar m\u00e1s derechos laborales<\/a><\/p>\n\n\n\n<p><strong>Cerca de un centenar de aut\u00f3nomos se han manifestado este lunes en Tarragona para reclamar m\u00e1s derechos laborales, en el marco de una convocatoria que ha tenido lugar en diversas ciudades del Estado. Denuncian que la fiscalidad les perjudica y reclaman medidas como la suspensi\u00f3n de la cuota durante bajas m\u00e9dicas o derechos como permisos por defunci\u00f3n de familiares.<\/strong><\/p>\n\n\n\n<p>Xavier Pallar\u00e8s, portavoz de la Plataforma por los Aut\u00f3nomos de Tarragona, ha subrayado que, al igual que maestros y m\u00e9dicos, los aut\u00f3nomos tambi\u00e9n luchan y que las administraciones deben aportar soluciones. La marcha ha salido del paseo de las Palmeras y ha recorrido m\u00e1s de dos kil\u00f3metros por el centro de Tarragona.<\/p>\n\n\n\n<p><a href=\"https:\/\/radiociutat.com\/ultimes-noticies-tarragona\/croniques-actualitat\/entra-en-funcionament-la-nova-subestacio-francoli-per-abastir-la-industria-petroquimica\/\">Entra en funcionamiento la nueva subestaci\u00f3n Francol\u00ed para abastecer a la industria petroqu\u00edmica<\/a><\/p>\n\n\n\n<p><strong>Red El\u00e9ctrica ha puesto en funcionamiento la nueva subestaci\u00f3n Francol\u00ed, situada en Vilallonga del Camp, con el objetivo de abastecer de electricidad a la industria petroqu\u00edmica de Tarragona y favorecer su desarrollo y descarbonizaci\u00f3n.<\/strong><\/p>\n\n\n\n<p>La instalaci\u00f3n dispone de tres puntos de conexi\u00f3n para empresas del pol\u00edgono norte con elevados consumos energ\u00e9ticos y ha supuesto una inversi\u00f3n de 6 millones de euros. El proyecto prev\u00e9 conectar la futura l\u00ednea de muy alta tensi\u00f3n entre Arag\u00f3n y la Secuita, actualmente en tramitaci\u00f3n. La MAT ha generado oposici\u00f3n y acumula m\u00e1s de 14.000 alegaciones en contra.<\/p>\n\n\n\n<p><a href=\"https:\/\/radiociutat.com\/ultimes-noticies-tarragona\/croniques-actualitat\/el-moll-de-costa-celebra-40-anys-navegant-amb-lart\/\">El Moll de Costa celebra 40 a\u00f1os navegando con el arte<\/a><\/p>\n\n\n\n<p><strong>El Puerto de Tarragona celebra los 40 a\u00f1os de la reconversi\u00f3n del Moll de Costa en espacio cultural con la exposici\u00f3n <\/strong><strong><em>Navegant l\u2019art. Fons d\u2019Art del Port de Tarragona<\/em><\/strong><strong>, que se inaugura el 5 de marzo en el Refugio 1 y se podr\u00e1 visitar hasta el 3 de mayo. La muestra repasa cuatro d\u00e9cadas de actividad art\u00edstica en los tinglados y refugios, transformados en 1986 en un punto de encuentro cultural.<\/strong><\/p>\n\n\n\n<p>La exposici\u00f3n presenta 38 obras del Fondo de Arte, creado en 1988 e integrado actualmente por 125 piezas. Entre las destacadas se encuentra <em>La dist\u00e0ncia m\u00e9s curta<\/em>, de Perejaume, as\u00ed como trabajos de Joan Fontcuberta y Tom Carr. El presidente del Puerto, Santiago J. Castell\u00e0, ha reivindicado el Moll de Costa como uno de los principales escaparates culturales del territorio.<\/p>\n","protected":false},"excerpt":{"rendered":"<p>El Ministerio de Cultura confirma que la Biblioteca P\u00fablica del Estado se trasladar\u00e1 a la Tabacalera El Ministerio de Cultura ha confirmado que la Biblioteca P\u00fablica del Estado en Tarragona se trasladar\u00e1 al edificio principal de la antigua Tabacalera de Tarragona. La nueva sede ocupar\u00e1 10.000 metros cuadrados en las antiguas zonas noble y de [&hellip;]<\/p>\n","protected":false},"author":84,"featured_media":240274,"comment_status":"closed","ping_status":"closed","sticky":false,"template":"","format":"standard","meta":{"footnotes":""},"categories":[13686],"tags":[19,13673],"class_list":["post-369669","post","type-post","status-publish","format-standard","has-post-thumbnail","hentry","category-tarragona-daily-radio-ciutat-de-tarragona","tag-tarragona","tag-tarragona-daily-2"],"yoast_head":"<!-- This site is optimized with the Yoast SEO Premium plugin v27.4 (Yoast SEO v27.5) - https:\/\/yoast.com\/product\/yoast-seo-premium-wordpress\/ -->\n<title>Tarragona Daily | La Biblioteca P\u00fablica de Tarragona se traslada a la antigua Tabacalera - R\u00e0dio Ciutat de Tarragona<\/title>\n<meta name=\"robots\" content=\"index, follow, max-snippet:-1, max-image-preview:large, max-video-preview:-1\" \/>\n<link rel=\"canonical\" href=\"https:\/\/radiociutat.com\/es\/tarragona-daily-radio-ciutat-de-tarragona\/tarragona-daily-la-biblioteca-publica-de-tarragona-se-traslada-a-la-antigua-tabacalera\/\" \/>\n<meta property=\"og:locale\" content=\"es_ES\" \/>\n<meta property=\"og:type\" content=\"article\" \/>\n<meta property=\"og:title\" content=\"Tarragona Daily | La Biblioteca P\u00fablica de Tarragona se traslada a la antigua Tabacalera\" \/>\n<meta property=\"og:description\" content=\"El Ministerio de Cultura confirma que la Biblioteca P\u00fablica del Estado se trasladar\u00e1 a la Tabacalera El Ministerio de Cultura ha confirmado que la Biblioteca P\u00fablica del Estado en Tarragona se trasladar\u00e1 al edificio principal de la antigua Tabacalera de Tarragona. La nueva sede ocupar\u00e1 10.000 metros cuadrados en las antiguas zonas noble y de [&hellip;]\" \/>\n<meta property=\"og:url\" content=\"https:\/\/radiociutat.com\/es\/tarragona-daily-radio-ciutat-de-tarragona\/tarragona-daily-la-biblioteca-publica-de-tarragona-se-traslada-a-la-antigua-tabacalera\/\" \/>\n<meta property=\"og:site_name\" content=\"R\u00e0dio Ciutat de Tarragona\" \/>\n<meta property=\"article:publisher\" content=\"https:\/\/www.facebook.com\/rctgn\" \/>\n<meta property=\"article:published_time\" content=\"2026-03-02T12:53:28+00:00\" \/>\n<meta property=\"og:image\" content=\"https:\/\/files.radiociutat.com\/rctgn\/wp-content\/uploads\/2021\/03\/LOGO-RCTGN-RADIO-CIUTAT-DE-TARRAGONA-TRANSPARENTE-TARRAGONA-2020-3000X3000-Redes1-copia.png\" \/>\n\t<meta property=\"og:image:width\" content=\"3000\" \/>\n\t<meta property=\"og:image:height\" content=\"3000\" \/>\n\t<meta property=\"og:image:type\" content=\"image\/png\" \/>\n<meta name=\"author\" content=\"Adri\u00e0 Duch\" \/>\n<meta name=\"twitter:card\" content=\"summary_large_image\" \/>\n<meta name=\"twitter:creator\" content=\"@RCTgn\" \/>\n<meta name=\"twitter:site\" content=\"@RCTgn\" \/>\n<meta name=\"twitter:label1\" content=\"Escrito por\" \/>\n\t<meta name=\"twitter:data1\" content=\"Adri\u00e0 Duch\" \/>\n\t<meta name=\"twitter:label2\" content=\"Tiempo de lectura\" \/>\n\t<meta name=\"twitter:data2\" content=\"3 minutos\" \/>\n<script type=\"application\/ld+json\" class=\"yoast-schema-graph\">{\"@context\":\"https:\\\/\\\/schema.org\",\"@graph\":[{\"@type\":\"Article\",\"@id\":\"https:\\\/\\\/radiociutat.com\\\/es\\\/tarragona-daily-radio-ciutat-de-tarragona\\\/tarragona-daily-la-biblioteca-publica-de-tarragona-se-traslada-a-la-antigua-tabacalera\\\/#article\",\"isPartOf\":{\"@id\":\"https:\\\/\\\/radiociutat.com\\\/es\\\/tarragona-daily-radio-ciutat-de-tarragona\\\/tarragona-daily-la-biblioteca-publica-de-tarragona-se-traslada-a-la-antigua-tabacalera\\\/\"},\"author\":{\"name\":\"Adri\u00e0 Duch\",\"@id\":\"https:\\\/\\\/radiociutat.com\\\/es\\\/#\\\/schema\\\/person\\\/daeecbc4942e3432e8d8b8663bf7d714\"},\"headline\":\"Tarragona Daily | La Biblioteca P\u00fablica de Tarragona se traslada a la antigua Tabacalera\",\"datePublished\":\"2026-03-02T12:53:28+00:00\",\"mainEntityOfPage\":{\"@id\":\"https:\\\/\\\/radiociutat.com\\\/es\\\/tarragona-daily-radio-ciutat-de-tarragona\\\/tarragona-daily-la-biblioteca-publica-de-tarragona-se-traslada-a-la-antigua-tabacalera\\\/\"},\"wordCount\":585,\"image\":{\"@id\":\"https:\\\/\\\/radiociutat.com\\\/es\\\/tarragona-daily-radio-ciutat-de-tarragona\\\/tarragona-daily-la-biblioteca-publica-de-tarragona-se-traslada-a-la-antigua-tabacalera\\\/#primaryimage\"},\"thumbnailUrl\":\"https:\\\/\\\/files.radiociutat.com\\\/rctgn\\\/wp-content\\\/uploads\\\/2026\\\/03\\\/Tabacalera-012-scaled.jpg\",\"keywords\":[\"Tarragona\",\"Tarragona Daily\"],\"articleSection\":[\"Tarragona Daily - R\u00e0dio Ciutat de Tarragona\"],\"inLanguage\":\"es\"},{\"@type\":\"WebPage\",\"@id\":\"https:\\\/\\\/radiociutat.com\\\/es\\\/tarragona-daily-radio-ciutat-de-tarragona\\\/tarragona-daily-la-biblioteca-publica-de-tarragona-se-traslada-a-la-antigua-tabacalera\\\/\",\"url\":\"https:\\\/\\\/radiociutat.com\\\/es\\\/tarragona-daily-radio-ciutat-de-tarragona\\\/tarragona-daily-la-biblioteca-publica-de-tarragona-se-traslada-a-la-antigua-tabacalera\\\/\",\"name\":\"Tarragona Daily | La Biblioteca P\u00fablica de Tarragona se traslada a la antigua Tabacalera - R\u00e0dio Ciutat de Tarragona\",\"isPartOf\":{\"@id\":\"https:\\\/\\\/radiociutat.com\\\/es\\\/#website\"},\"primaryImageOfPage\":{\"@id\":\"https:\\\/\\\/radiociutat.com\\\/es\\\/tarragona-daily-radio-ciutat-de-tarragona\\\/tarragona-daily-la-biblioteca-publica-de-tarragona-se-traslada-a-la-antigua-tabacalera\\\/#primaryimage\"},\"image\":{\"@id\":\"https:\\\/\\\/radiociutat.com\\\/es\\\/tarragona-daily-radio-ciutat-de-tarragona\\\/tarragona-daily-la-biblioteca-publica-de-tarragona-se-traslada-a-la-antigua-tabacalera\\\/#primaryimage\"},\"thumbnailUrl\":\"https:\\\/\\\/files.radiociutat.com\\\/rctgn\\\/wp-content\\\/uploads\\\/2026\\\/03\\\/Tabacalera-012-scaled.jpg\",\"datePublished\":\"2026-03-02T12:53:28+00:00\",\"author\":{\"@id\":\"https:\\\/\\\/radiociutat.com\\\/es\\\/#\\\/schema\\\/person\\\/daeecbc4942e3432e8d8b8663bf7d714\"},\"breadcrumb\":{\"@id\":\"https:\\\/\\\/radiociutat.com\\\/es\\\/tarragona-daily-radio-ciutat-de-tarragona\\\/tarragona-daily-la-biblioteca-publica-de-tarragona-se-traslada-a-la-antigua-tabacalera\\\/#breadcrumb\"},\"inLanguage\":\"es\",\"potentialAction\":[{\"@type\":\"ReadAction\",\"target\":[\"https:\\\/\\\/radiociutat.com\\\/es\\\/tarragona-daily-radio-ciutat-de-tarragona\\\/tarragona-daily-la-biblioteca-publica-de-tarragona-se-traslada-a-la-antigua-tabacalera\\\/\"]}]},{\"@type\":\"ImageObject\",\"inLanguage\":\"es\",\"@id\":\"https:\\\/\\\/radiociutat.com\\\/es\\\/tarragona-daily-radio-ciutat-de-tarragona\\\/tarragona-daily-la-biblioteca-publica-de-tarragona-se-traslada-a-la-antigua-tabacalera\\\/#primaryimage\",\"url\":\"https:\\\/\\\/files.radiociutat.com\\\/rctgn\\\/wp-content\\\/uploads\\\/2026\\\/03\\\/Tabacalera-012-scaled.jpg\",\"contentUrl\":\"https:\\\/\\\/files.radiociutat.com\\\/rctgn\\\/wp-content\\\/uploads\\\/2026\\\/03\\\/Tabacalera-012-scaled.jpg\",\"width\":2560,\"height\":1920},{\"@type\":\"BreadcrumbList\",\"@id\":\"https:\\\/\\\/radiociutat.com\\\/es\\\/tarragona-daily-radio-ciutat-de-tarragona\\\/tarragona-daily-la-biblioteca-publica-de-tarragona-se-traslada-a-la-antigua-tabacalera\\\/#breadcrumb\",\"itemListElement\":[{\"@type\":\"ListItem\",\"position\":1,\"name\":\"Inici\",\"item\":\"https:\\\/\\\/radiociutat.com\\\/es\\\/\"},{\"@type\":\"ListItem\",\"position\":2,\"name\":\"Tarragona Daily | La Biblioteca P\u00fablica de Tarragona se traslada a la antigua Tabacalera\"}]},{\"@type\":\"WebSite\",\"@id\":\"https:\\\/\\\/radiociutat.com\\\/es\\\/#website\",\"url\":\"https:\\\/\\\/radiociutat.com\\\/es\\\/\",\"name\":\"R\u00e0dio Ciutat de Tarragona\",\"description\":\"R\u00e0dio Ciutat de Tarragona - RCTgn.cat R\u00e0dio Online\",\"potentialAction\":[{\"@type\":\"SearchAction\",\"target\":{\"@type\":\"EntryPoint\",\"urlTemplate\":\"https:\\\/\\\/radiociutat.com\\\/es\\\/?s={search_term_string}\"},\"query-input\":{\"@type\":\"PropertyValueSpecification\",\"valueRequired\":true,\"valueName\":\"search_term_string\"}}],\"inLanguage\":\"es\"},{\"@type\":\"Person\",\"@id\":\"https:\\\/\\\/radiociutat.com\\\/es\\\/#\\\/schema\\\/person\\\/daeecbc4942e3432e8d8b8663bf7d714\",\"name\":\"Adri\u00e0 Duch\",\"sameAs\":[\"https:\\\/\\\/radiociutat.com\\\/wp-content\\\/uploads\\\/2024\\\/02\\\/ADRIA-DUCH.png\"],\"url\":\"https:\\\/\\\/radiociutat.com\\\/es\\\/author\\\/adria-duch\\\/\"}]}<\/script>\n<!-- \/ Yoast SEO Premium plugin. -->","yoast_head_json":{"title":"Tarragona Daily | La Biblioteca P\u00fablica de Tarragona se traslada a la antigua Tabacalera - R\u00e0dio Ciutat de Tarragona","robots":{"index":"index","follow":"follow","max-snippet":"max-snippet:-1","max-image-preview":"max-image-preview:large","max-video-preview":"max-video-preview:-1"},"canonical":"https:\/\/radiociutat.com\/es\/tarragona-daily-radio-ciutat-de-tarragona\/tarragona-daily-la-biblioteca-publica-de-tarragona-se-traslada-a-la-antigua-tabacalera\/","og_locale":"es_ES","og_type":"article","og_title":"Tarragona Daily | La Biblioteca P\u00fablica de Tarragona se traslada a la antigua Tabacalera","og_description":"El Ministerio de Cultura confirma que la Biblioteca P\u00fablica del Estado se trasladar\u00e1 a la Tabacalera El Ministerio de Cultura ha confirmado que la Biblioteca P\u00fablica del Estado en Tarragona se trasladar\u00e1 al edificio principal de la antigua Tabacalera de Tarragona. La nueva sede ocupar\u00e1 10.000 metros cuadrados en las antiguas zonas noble y de [&hellip;]","og_url":"https:\/\/radiociutat.com\/es\/tarragona-daily-radio-ciutat-de-tarragona\/tarragona-daily-la-biblioteca-publica-de-tarragona-se-traslada-a-la-antigua-tabacalera\/","og_site_name":"R\u00e0dio Ciutat de Tarragona","article_publisher":"https:\/\/www.facebook.com\/rctgn","article_published_time":"2026-03-02T12:53:28+00:00","og_image":[{"width":3000,"height":3000,"url":"https:\/\/files.radiociutat.com\/rctgn\/wp-content\/uploads\/2021\/03\/LOGO-RCTGN-RADIO-CIUTAT-DE-TARRAGONA-TRANSPARENTE-TARRAGONA-2020-3000X3000-Redes1-copia.png","type":"image\/png"}],"author":"Adri\u00e0 Duch","twitter_card":"summary_large_image","twitter_creator":"@RCTgn","twitter_site":"@RCTgn","twitter_misc":{"Escrito por":"Adri\u00e0 Duch","Tiempo de lectura":"3 minutos"},"schema":{"@context":"https:\/\/schema.org","@graph":[{"@type":"Article","@id":"https:\/\/radiociutat.com\/es\/tarragona-daily-radio-ciutat-de-tarragona\/tarragona-daily-la-biblioteca-publica-de-tarragona-se-traslada-a-la-antigua-tabacalera\/#article","isPartOf":{"@id":"https:\/\/radiociutat.com\/es\/tarragona-daily-radio-ciutat-de-tarragona\/tarragona-daily-la-biblioteca-publica-de-tarragona-se-traslada-a-la-antigua-tabacalera\/"},"author":{"name":"Adri\u00e0 Duch","@id":"https:\/\/radiociutat.com\/es\/#\/schema\/person\/daeecbc4942e3432e8d8b8663bf7d714"},"headline":"Tarragona Daily | La Biblioteca P\u00fablica de Tarragona se traslada a la antigua Tabacalera","datePublished":"2026-03-02T12:53:28+00:00","mainEntityOfPage":{"@id":"https:\/\/radiociutat.com\/es\/tarragona-daily-radio-ciutat-de-tarragona\/tarragona-daily-la-biblioteca-publica-de-tarragona-se-traslada-a-la-antigua-tabacalera\/"},"wordCount":585,"image":{"@id":"https:\/\/radiociutat.com\/es\/tarragona-daily-radio-ciutat-de-tarragona\/tarragona-daily-la-biblioteca-publica-de-tarragona-se-traslada-a-la-antigua-tabacalera\/#primaryimage"},"thumbnailUrl":"https:\/\/files.radiociutat.com\/rctgn\/wp-content\/uploads\/2026\/03\/Tabacalera-012-scaled.jpg","keywords":["Tarragona","Tarragona Daily"],"articleSection":["Tarragona Daily - R\u00e0dio Ciutat de Tarragona"],"inLanguage":"es"},{"@type":"WebPage","@id":"https:\/\/radiociutat.com\/es\/tarragona-daily-radio-ciutat-de-tarragona\/tarragona-daily-la-biblioteca-publica-de-tarragona-se-traslada-a-la-antigua-tabacalera\/","url":"https:\/\/radiociutat.com\/es\/tarragona-daily-radio-ciutat-de-tarragona\/tarragona-daily-la-biblioteca-publica-de-tarragona-se-traslada-a-la-antigua-tabacalera\/","name":"Tarragona Daily | La Biblioteca P\u00fablica de Tarragona se traslada a la antigua Tabacalera - R\u00e0dio Ciutat de Tarragona","isPartOf":{"@id":"https:\/\/radiociutat.com\/es\/#website"},"primaryImageOfPage":{"@id":"https:\/\/radiociutat.com\/es\/tarragona-daily-radio-ciutat-de-tarragona\/tarragona-daily-la-biblioteca-publica-de-tarragona-se-traslada-a-la-antigua-tabacalera\/#primaryimage"},"image":{"@id":"https:\/\/radiociutat.com\/es\/tarragona-daily-radio-ciutat-de-tarragona\/tarragona-daily-la-biblioteca-publica-de-tarragona-se-traslada-a-la-antigua-tabacalera\/#primaryimage"},"thumbnailUrl":"https:\/\/files.radiociutat.com\/rctgn\/wp-content\/uploads\/2026\/03\/Tabacalera-012-scaled.jpg","datePublished":"2026-03-02T12:53:28+00:00","author":{"@id":"https:\/\/radiociutat.com\/es\/#\/schema\/person\/daeecbc4942e3432e8d8b8663bf7d714"},"breadcrumb":{"@id":"https:\/\/radiociutat.com\/es\/tarragona-daily-radio-ciutat-de-tarragona\/tarragona-daily-la-biblioteca-publica-de-tarragona-se-traslada-a-la-antigua-tabacalera\/#breadcrumb"},"inLanguage":"es","potentialAction":[{"@type":"ReadAction","target":["https:\/\/radiociutat.com\/es\/tarragona-daily-radio-ciutat-de-tarragona\/tarragona-daily-la-biblioteca-publica-de-tarragona-se-traslada-a-la-antigua-tabacalera\/"]}]},{"@type":"ImageObject","inLanguage":"es","@id":"https:\/\/radiociutat.com\/es\/tarragona-daily-radio-ciutat-de-tarragona\/tarragona-daily-la-biblioteca-publica-de-tarragona-se-traslada-a-la-antigua-tabacalera\/#primaryimage","url":"https:\/\/files.radiociutat.com\/rctgn\/wp-content\/uploads\/2026\/03\/Tabacalera-012-scaled.jpg","contentUrl":"https:\/\/files.radiociutat.com\/rctgn\/wp-content\/uploads\/2026\/03\/Tabacalera-012-scaled.jpg","width":2560,"height":1920},{"@type":"BreadcrumbList","@id":"https:\/\/radiociutat.com\/es\/tarragona-daily-radio-ciutat-de-tarragona\/tarragona-daily-la-biblioteca-publica-de-tarragona-se-traslada-a-la-antigua-tabacalera\/#breadcrumb","itemListElement":[{"@type":"ListItem","position":1,"name":"Inici","item":"https:\/\/radiociutat.com\/es\/"},{"@type":"ListItem","position":2,"name":"Tarragona Daily | La Biblioteca P\u00fablica de Tarragona se traslada a la antigua Tabacalera"}]},{"@type":"WebSite","@id":"https:\/\/radiociutat.com\/es\/#website","url":"https:\/\/radiociutat.com\/es\/","name":"R\u00e0dio Ciutat de Tarragona","description":"R\u00e0dio Ciutat de Tarragona - RCTgn.cat R\u00e0dio Online","potentialAction":[{"@type":"SearchAction","target":{"@type":"EntryPoint","urlTemplate":"https:\/\/radiociutat.com\/es\/?s={search_term_string}"},"query-input":{"@type":"PropertyValueSpecification","valueRequired":true,"valueName":"search_term_string"}}],"inLanguage":"es"},{"@type":"Person","@id":"https:\/\/radiociutat.com\/es\/#\/schema\/person\/daeecbc4942e3432e8d8b8663bf7d714","name":"Adri\u00e0 Duch","sameAs":["https:\/\/radiociutat.com\/wp-content\/uploads\/2024\/02\/ADRIA-DUCH.png"],"url":"https:\/\/radiociutat.com\/es\/author\/adria-duch\/"}]}},"_links":{"self":[{"href":"https:\/\/radiociutat.com\/es\/wp-json\/wp\/v2\/posts\/369669","targetHints":{"allow":["GET"]}}],"collection":[{"href":"https:\/\/radiociutat.com\/es\/wp-json\/wp\/v2\/posts"}],"about":[{"href":"https:\/\/radiociutat.com\/es\/wp-json\/wp\/v2\/types\/post"}],"author":[{"embeddable":true,"href":"https:\/\/radiociutat.com\/es\/wp-json\/wp\/v2\/users\/84"}],"replies":[{"embeddable":true,"href":"https:\/\/radiociutat.com\/es\/wp-json\/wp\/v2\/comments?post=369669"}],"version-history":[{"count":0,"href":"https:\/\/radiociutat.com\/es\/wp-json\/wp\/v2\/posts\/369669\/revisions"}],"wp:featuredmedia":[{"embeddable":true,"href":"https:\/\/radiociutat.com\/es\/wp-json\/wp\/v2\/media\/240274"}],"wp:attachment":[{"href":"https:\/\/radiociutat.com\/es\/wp-json\/wp\/v2\/media?parent=369669"}],"wp:term":[{"taxonomy":"category","embeddable":true,"href":"https:\/\/radiociutat.com\/es\/wp-json\/wp\/v2\/categories?post=369669"},{"taxonomy":"post_tag","embeddable":true,"href":"https:\/\/radiociutat.com\/es\/wp-json\/wp\/v2\/tags?post=369669"}],"curies":[{"name":"wp","href":"https:\/\/api.w.org\/{rel}","templated":true}]}}