{"id":368246,"date":"2026-02-26T18:13:19","date_gmt":"2026-02-26T17:13:19","guid":{"rendered":"https:\/\/radiociutat.com\/programes-podcast\/carrer-major-un-comic-para-divulgar-el-patrimonio-historico-tarraconense\/"},"modified":"2026-03-07T12:17:21","modified_gmt":"2026-03-07T11:17:21","slug":"carrer-major-un-comic-para-divulgar-el-patrimonio-historico-tarraconense","status":"publish","type":"post","link":"https:\/\/radiociutat.com\/es\/carrer-major-tarragona-secciones\/carrer-major-un-comic-para-divulgar-el-patrimonio-historico-tarraconense\/","title":{"rendered":"Carrer Major | Un c\u00f3mic para divulgar el patrimonio hist\u00f3rico tarraconense"},"content":{"rendered":"\n<p>Tarragona suma una nueva propuesta divulgativa para explicar su historia. El historiador y dibujante Quim Carro ha presentado el c\u00f3mic <em>Fas cara de XXV<\/em>, una obra creada en el marco del 25\u00ba aniversario de la declaraci\u00f3n de T\u00e1rraco como Patrimonio Mundial de la Humanidad.<\/p>\n\n\n\n<p>El proyecto nace con el objetivo de acercar el patrimonio tarraconense al p\u00fablico joven a trav\u00e9s de un formato accesible, visual y con humor. Seg\u00fan explica el autor en &#8216;Carrer Major&#8217;, la conmemoraci\u00f3n del cuarto de siglo era \u201cuna buena ocasi\u00f3n para dejar un hito\u201d y actualizar los c\u00f3mics hist\u00f3ricos existentes sobre la ciudad, algunos de los cuales hab\u00edan quedado desfasados con los nuevos hallazgos arqueol\u00f3gicos.<\/p>\n\n\n\n<p>El c\u00f3mic se publicar\u00e1 en doce cap\u00edtulos quincenales a lo largo del a\u00f1o del 25\u00ba aniversario. Cada entrega incluye vi\u00f1etas independientes pero conectadas por un hilo narrativo com\u00fan, lo que permitir\u00e1 ampliar la obra en el futuro si aparecen nuevos descubrimientos.<\/p>\n\n\n\n<p>Una de las particularidades del proyecto es su formato h\u00edbrido: combina el estilo del c\u00f3mic con el rodol\u00ed (pareado con rima) tradicional de la \u201cuca\u201d catalana. Carro defiende este lenguaje como una herramienta ideal de divulgaci\u00f3n: permite recrear escenas hist\u00f3ricas, viajar al pasado o al futuro y combinar imagen y texto con libertad creativa.<\/p>\n\n\n\n<p>La obra cuenta con la supervisi\u00f3n de arque\u00f3logos municipales como Joan Mench\u00f3n y Pilar Bravo y se ha documentado con libros, art\u00edculos y hemeroteca. El autor destaca, por ejemplo, la curiosa historia de los conciertos en el M\u00e8dol en los a\u00f1os 30, que tambi\u00e9n aparece en el c\u00f3mic.<\/p>\n\n\n\n<p>Otro elemento distintivo es el dise\u00f1o de los personajes: todos los que forman parte de la historia de Tarragona tienen literalmente \u201ccara de 25\u201d, con los n\u00fameros romanos XXV convertidos en ojos y boca. Una manera simb\u00f3lica de remarcar el protagonismo colectivo del patrimonio de la ciudad.<\/p>\n\n\n\n<p>El retorno de los primeros lectores est\u00e1 siendo muy positivo y el autor define el proyecto como una \u201cobra viva\u201d, que continuar\u00e1 evolucionando con el tiempo.<\/p>\n","protected":false},"excerpt":{"rendered":"<p>Tarragona suma una nueva propuesta divulgativa para explicar su historia. El historiador y dibujante Quim Carro ha presentado el c\u00f3mic Fas cara de XXV, una obra creada en el marco del 25\u00ba aniversario de la declaraci\u00f3n de T\u00e1rraco como Patrimonio Mundial de la Humanidad. El proyecto nace con el objetivo de acercar el patrimonio tarraconense [&hellip;]<\/p>\n","protected":false},"author":1,"featured_media":239847,"comment_status":"closed","ping_status":"closed","sticky":false,"template":"","format":"video","meta":{"footnotes":""},"categories":[13680],"tags":[],"class_list":["post-368246","post","type-post","status-publish","format-video","has-post-thumbnail","hentry","category-carrer-major-tarragona-secciones","post_format-post-format-video"],"yoast_head":"<!-- This site is optimized with the Yoast SEO Premium plugin v27.4 (Yoast SEO v27.5) - https:\/\/yoast.com\/product\/yoast-seo-premium-wordpress\/ -->\n<title>Carrer Major | Un c\u00f3mic para divulgar el patrimonio hist\u00f3rico tarraconense - R\u00e0dio Ciutat de Tarragona<\/title>\n<meta name=\"robots\" content=\"index, follow, max-snippet:-1, max-image-preview:large, max-video-preview:-1\" \/>\n<link rel=\"canonical\" href=\"https:\/\/radiociutat.com\/es\/carrer-major-tarragona-secciones\/carrer-major-un-comic-para-divulgar-el-patrimonio-historico-tarraconense\/\" \/>\n<meta property=\"og:locale\" content=\"es_ES\" \/>\n<meta property=\"og:type\" content=\"article\" \/>\n<meta property=\"og:title\" content=\"Carrer Major | Un c\u00f3mic para divulgar el patrimonio hist\u00f3rico tarraconense\" \/>\n<meta property=\"og:description\" content=\"Tarragona suma una nueva propuesta divulgativa para explicar su historia. El historiador y dibujante Quim Carro ha presentado el c\u00f3mic Fas cara de XXV, una obra creada en el marco del 25\u00ba aniversario de la declaraci\u00f3n de T\u00e1rraco como Patrimonio Mundial de la Humanidad. El proyecto nace con el objetivo de acercar el patrimonio tarraconense [&hellip;]\" \/>\n<meta property=\"og:url\" content=\"https:\/\/radiociutat.com\/es\/carrer-major-tarragona-secciones\/carrer-major-un-comic-para-divulgar-el-patrimonio-historico-tarraconense\/\" \/>\n<meta property=\"og:site_name\" content=\"R\u00e0dio Ciutat de Tarragona\" \/>\n<meta property=\"article:publisher\" content=\"https:\/\/www.facebook.com\/rctgn\" \/>\n<meta property=\"article:published_time\" content=\"2026-02-26T17:13:19+00:00\" \/>\n<meta property=\"article:modified_time\" content=\"2026-03-07T11:17:21+00:00\" \/>\n<meta property=\"og:image\" content=\"https:\/\/files.radiociutat.com\/rctgn\/wp-content\/uploads\/2021\/03\/LOGO-RCTGN-RADIO-CIUTAT-DE-TARRAGONA-TRANSPARENTE-TARRAGONA-2020-3000X3000-Redes1-copia.png\" \/>\n\t<meta property=\"og:image:width\" content=\"3000\" \/>\n\t<meta property=\"og:image:height\" content=\"3000\" \/>\n\t<meta property=\"og:image:type\" content=\"image\/png\" \/>\n<meta name=\"author\" content=\"Redacci\u00f3\" \/>\n<meta name=\"twitter:card\" content=\"summary_large_image\" \/>\n<meta name=\"twitter:creator\" content=\"@RCTgn\" \/>\n<meta name=\"twitter:site\" content=\"@RCTgn\" \/>\n<meta name=\"twitter:label1\" content=\"Escrito por\" \/>\n\t<meta name=\"twitter:data1\" content=\"Redacci\u00f3\" \/>\n\t<meta name=\"twitter:label2\" content=\"Tiempo de lectura\" \/>\n\t<meta name=\"twitter:data2\" content=\"2 minutos\" \/>\n<script type=\"application\/ld+json\" class=\"yoast-schema-graph\">{\"@context\":\"https:\\\/\\\/schema.org\",\"@graph\":[{\"@type\":\"Article\",\"@id\":\"https:\\\/\\\/radiociutat.com\\\/es\\\/carrer-major-tarragona-secciones\\\/carrer-major-un-comic-para-divulgar-el-patrimonio-historico-tarraconense\\\/#article\",\"isPartOf\":{\"@id\":\"https:\\\/\\\/radiociutat.com\\\/es\\\/carrer-major-tarragona-secciones\\\/carrer-major-un-comic-para-divulgar-el-patrimonio-historico-tarraconense\\\/\"},\"author\":{\"name\":\"Redacci\u00f3\",\"@id\":\"https:\\\/\\\/radiociutat.com\\\/es\\\/#\\\/schema\\\/person\\\/04b6638f9d2a9ea77408db76c5d8f0b5\"},\"headline\":\"Carrer Major | Un c\u00f3mic para divulgar el patrimonio hist\u00f3rico tarraconense\",\"datePublished\":\"2026-02-26T17:13:19+00:00\",\"dateModified\":\"2026-03-07T11:17:21+00:00\",\"mainEntityOfPage\":{\"@id\":\"https:\\\/\\\/radiociutat.com\\\/es\\\/carrer-major-tarragona-secciones\\\/carrer-major-un-comic-para-divulgar-el-patrimonio-historico-tarraconense\\\/\"},\"wordCount\":366,\"image\":{\"@id\":\"https:\\\/\\\/radiociutat.com\\\/es\\\/carrer-major-tarragona-secciones\\\/carrer-major-un-comic-para-divulgar-el-patrimonio-historico-tarraconense\\\/#primaryimage\"},\"thumbnailUrl\":\"https:\\\/\\\/files.radiociutat.com\\\/rctgn\\\/wp-content\\\/uploads\\\/2026\\\/02\\\/WhatsApp-Image-2026-02-26-at-18.06.44-e1772125936685.jpeg\",\"articleSection\":[\"Carrer Major Tarragona | Secciones\"],\"inLanguage\":\"es\"},{\"@type\":\"WebPage\",\"@id\":\"https:\\\/\\\/radiociutat.com\\\/es\\\/carrer-major-tarragona-secciones\\\/carrer-major-un-comic-para-divulgar-el-patrimonio-historico-tarraconense\\\/\",\"url\":\"https:\\\/\\\/radiociutat.com\\\/es\\\/carrer-major-tarragona-secciones\\\/carrer-major-un-comic-para-divulgar-el-patrimonio-historico-tarraconense\\\/\",\"name\":\"Carrer Major | Un c\u00f3mic para divulgar el patrimonio hist\u00f3rico tarraconense - R\u00e0dio Ciutat de Tarragona\",\"isPartOf\":{\"@id\":\"https:\\\/\\\/radiociutat.com\\\/es\\\/#website\"},\"primaryImageOfPage\":{\"@id\":\"https:\\\/\\\/radiociutat.com\\\/es\\\/carrer-major-tarragona-secciones\\\/carrer-major-un-comic-para-divulgar-el-patrimonio-historico-tarraconense\\\/#primaryimage\"},\"image\":{\"@id\":\"https:\\\/\\\/radiociutat.com\\\/es\\\/carrer-major-tarragona-secciones\\\/carrer-major-un-comic-para-divulgar-el-patrimonio-historico-tarraconense\\\/#primaryimage\"},\"thumbnailUrl\":\"https:\\\/\\\/files.radiociutat.com\\\/rctgn\\\/wp-content\\\/uploads\\\/2026\\\/02\\\/WhatsApp-Image-2026-02-26-at-18.06.44-e1772125936685.jpeg\",\"datePublished\":\"2026-02-26T17:13:19+00:00\",\"dateModified\":\"2026-03-07T11:17:21+00:00\",\"author\":{\"@id\":\"https:\\\/\\\/radiociutat.com\\\/es\\\/#\\\/schema\\\/person\\\/04b6638f9d2a9ea77408db76c5d8f0b5\"},\"breadcrumb\":{\"@id\":\"https:\\\/\\\/radiociutat.com\\\/es\\\/carrer-major-tarragona-secciones\\\/carrer-major-un-comic-para-divulgar-el-patrimonio-historico-tarraconense\\\/#breadcrumb\"},\"inLanguage\":\"es\",\"potentialAction\":[{\"@type\":\"ReadAction\",\"target\":[\"https:\\\/\\\/radiociutat.com\\\/es\\\/carrer-major-tarragona-secciones\\\/carrer-major-un-comic-para-divulgar-el-patrimonio-historico-tarraconense\\\/\"]}]},{\"@type\":\"ImageObject\",\"inLanguage\":\"es\",\"@id\":\"https:\\\/\\\/radiociutat.com\\\/es\\\/carrer-major-tarragona-secciones\\\/carrer-major-un-comic-para-divulgar-el-patrimonio-historico-tarraconense\\\/#primaryimage\",\"url\":\"https:\\\/\\\/files.radiociutat.com\\\/rctgn\\\/wp-content\\\/uploads\\\/2026\\\/02\\\/WhatsApp-Image-2026-02-26-at-18.06.44-e1772125936685.jpeg\",\"contentUrl\":\"https:\\\/\\\/files.radiociutat.com\\\/rctgn\\\/wp-content\\\/uploads\\\/2026\\\/02\\\/WhatsApp-Image-2026-02-26-at-18.06.44-e1772125936685.jpeg\",\"width\":2000,\"height\":1126},{\"@type\":\"BreadcrumbList\",\"@id\":\"https:\\\/\\\/radiociutat.com\\\/es\\\/carrer-major-tarragona-secciones\\\/carrer-major-un-comic-para-divulgar-el-patrimonio-historico-tarraconense\\\/#breadcrumb\",\"itemListElement\":[{\"@type\":\"ListItem\",\"position\":1,\"name\":\"Inici\",\"item\":\"https:\\\/\\\/radiociutat.com\\\/es\\\/\"},{\"@type\":\"ListItem\",\"position\":2,\"name\":\"Carrer Major | Un c\u00f3mic para divulgar el patrimonio hist\u00f3rico tarraconense\"}]},{\"@type\":\"WebSite\",\"@id\":\"https:\\\/\\\/radiociutat.com\\\/es\\\/#website\",\"url\":\"https:\\\/\\\/radiociutat.com\\\/es\\\/\",\"name\":\"R\u00e0dio Ciutat de Tarragona\",\"description\":\"R\u00e0dio Ciutat de Tarragona - RCTgn.cat R\u00e0dio Online\",\"potentialAction\":[{\"@type\":\"SearchAction\",\"target\":{\"@type\":\"EntryPoint\",\"urlTemplate\":\"https:\\\/\\\/radiociutat.com\\\/es\\\/?s={search_term_string}\"},\"query-input\":{\"@type\":\"PropertyValueSpecification\",\"valueRequired\":true,\"valueName\":\"search_term_string\"}}],\"inLanguage\":\"es\"},{\"@type\":\"Person\",\"@id\":\"https:\\\/\\\/radiociutat.com\\\/es\\\/#\\\/schema\\\/person\\\/04b6638f9d2a9ea77408db76c5d8f0b5\",\"name\":\"Redacci\u00f3\",\"sameAs\":[\"https:\\\/\\\/radiociutat.com\\\/wp-content\\\/uploads\\\/2023\\\/09\\\/LOGO-RCTGN-CUADRAT.png\"],\"url\":\"https:\\\/\\\/radiociutat.com\\\/es\\\/author\\\/jespinosa\\\/\"}]}<\/script>\n<!-- \/ Yoast SEO Premium plugin. -->","yoast_head_json":{"title":"Carrer Major | Un c\u00f3mic para divulgar el patrimonio hist\u00f3rico tarraconense - R\u00e0dio Ciutat de Tarragona","robots":{"index":"index","follow":"follow","max-snippet":"max-snippet:-1","max-image-preview":"max-image-preview:large","max-video-preview":"max-video-preview:-1"},"canonical":"https:\/\/radiociutat.com\/es\/carrer-major-tarragona-secciones\/carrer-major-un-comic-para-divulgar-el-patrimonio-historico-tarraconense\/","og_locale":"es_ES","og_type":"article","og_title":"Carrer Major | Un c\u00f3mic para divulgar el patrimonio hist\u00f3rico tarraconense","og_description":"Tarragona suma una nueva propuesta divulgativa para explicar su historia. El historiador y dibujante Quim Carro ha presentado el c\u00f3mic Fas cara de XXV, una obra creada en el marco del 25\u00ba aniversario de la declaraci\u00f3n de T\u00e1rraco como Patrimonio Mundial de la Humanidad. El proyecto nace con el objetivo de acercar el patrimonio tarraconense [&hellip;]","og_url":"https:\/\/radiociutat.com\/es\/carrer-major-tarragona-secciones\/carrer-major-un-comic-para-divulgar-el-patrimonio-historico-tarraconense\/","og_site_name":"R\u00e0dio Ciutat de Tarragona","article_publisher":"https:\/\/www.facebook.com\/rctgn","article_published_time":"2026-02-26T17:13:19+00:00","article_modified_time":"2026-03-07T11:17:21+00:00","og_image":[{"width":3000,"height":3000,"url":"https:\/\/files.radiociutat.com\/rctgn\/wp-content\/uploads\/2021\/03\/LOGO-RCTGN-RADIO-CIUTAT-DE-TARRAGONA-TRANSPARENTE-TARRAGONA-2020-3000X3000-Redes1-copia.png","type":"image\/png"}],"author":"Redacci\u00f3","twitter_card":"summary_large_image","twitter_creator":"@RCTgn","twitter_site":"@RCTgn","twitter_misc":{"Escrito por":"Redacci\u00f3","Tiempo de lectura":"2 minutos"},"schema":{"@context":"https:\/\/schema.org","@graph":[{"@type":"Article","@id":"https:\/\/radiociutat.com\/es\/carrer-major-tarragona-secciones\/carrer-major-un-comic-para-divulgar-el-patrimonio-historico-tarraconense\/#article","isPartOf":{"@id":"https:\/\/radiociutat.com\/es\/carrer-major-tarragona-secciones\/carrer-major-un-comic-para-divulgar-el-patrimonio-historico-tarraconense\/"},"author":{"name":"Redacci\u00f3","@id":"https:\/\/radiociutat.com\/es\/#\/schema\/person\/04b6638f9d2a9ea77408db76c5d8f0b5"},"headline":"Carrer Major | Un c\u00f3mic para divulgar el patrimonio hist\u00f3rico tarraconense","datePublished":"2026-02-26T17:13:19+00:00","dateModified":"2026-03-07T11:17:21+00:00","mainEntityOfPage":{"@id":"https:\/\/radiociutat.com\/es\/carrer-major-tarragona-secciones\/carrer-major-un-comic-para-divulgar-el-patrimonio-historico-tarraconense\/"},"wordCount":366,"image":{"@id":"https:\/\/radiociutat.com\/es\/carrer-major-tarragona-secciones\/carrer-major-un-comic-para-divulgar-el-patrimonio-historico-tarraconense\/#primaryimage"},"thumbnailUrl":"https:\/\/files.radiociutat.com\/rctgn\/wp-content\/uploads\/2026\/02\/WhatsApp-Image-2026-02-26-at-18.06.44-e1772125936685.jpeg","articleSection":["Carrer Major Tarragona | Secciones"],"inLanguage":"es"},{"@type":"WebPage","@id":"https:\/\/radiociutat.com\/es\/carrer-major-tarragona-secciones\/carrer-major-un-comic-para-divulgar-el-patrimonio-historico-tarraconense\/","url":"https:\/\/radiociutat.com\/es\/carrer-major-tarragona-secciones\/carrer-major-un-comic-para-divulgar-el-patrimonio-historico-tarraconense\/","name":"Carrer Major | Un c\u00f3mic para divulgar el patrimonio hist\u00f3rico tarraconense - R\u00e0dio Ciutat de Tarragona","isPartOf":{"@id":"https:\/\/radiociutat.com\/es\/#website"},"primaryImageOfPage":{"@id":"https:\/\/radiociutat.com\/es\/carrer-major-tarragona-secciones\/carrer-major-un-comic-para-divulgar-el-patrimonio-historico-tarraconense\/#primaryimage"},"image":{"@id":"https:\/\/radiociutat.com\/es\/carrer-major-tarragona-secciones\/carrer-major-un-comic-para-divulgar-el-patrimonio-historico-tarraconense\/#primaryimage"},"thumbnailUrl":"https:\/\/files.radiociutat.com\/rctgn\/wp-content\/uploads\/2026\/02\/WhatsApp-Image-2026-02-26-at-18.06.44-e1772125936685.jpeg","datePublished":"2026-02-26T17:13:19+00:00","dateModified":"2026-03-07T11:17:21+00:00","author":{"@id":"https:\/\/radiociutat.com\/es\/#\/schema\/person\/04b6638f9d2a9ea77408db76c5d8f0b5"},"breadcrumb":{"@id":"https:\/\/radiociutat.com\/es\/carrer-major-tarragona-secciones\/carrer-major-un-comic-para-divulgar-el-patrimonio-historico-tarraconense\/#breadcrumb"},"inLanguage":"es","potentialAction":[{"@type":"ReadAction","target":["https:\/\/radiociutat.com\/es\/carrer-major-tarragona-secciones\/carrer-major-un-comic-para-divulgar-el-patrimonio-historico-tarraconense\/"]}]},{"@type":"ImageObject","inLanguage":"es","@id":"https:\/\/radiociutat.com\/es\/carrer-major-tarragona-secciones\/carrer-major-un-comic-para-divulgar-el-patrimonio-historico-tarraconense\/#primaryimage","url":"https:\/\/files.radiociutat.com\/rctgn\/wp-content\/uploads\/2026\/02\/WhatsApp-Image-2026-02-26-at-18.06.44-e1772125936685.jpeg","contentUrl":"https:\/\/files.radiociutat.com\/rctgn\/wp-content\/uploads\/2026\/02\/WhatsApp-Image-2026-02-26-at-18.06.44-e1772125936685.jpeg","width":2000,"height":1126},{"@type":"BreadcrumbList","@id":"https:\/\/radiociutat.com\/es\/carrer-major-tarragona-secciones\/carrer-major-un-comic-para-divulgar-el-patrimonio-historico-tarraconense\/#breadcrumb","itemListElement":[{"@type":"ListItem","position":1,"name":"Inici","item":"https:\/\/radiociutat.com\/es\/"},{"@type":"ListItem","position":2,"name":"Carrer Major | Un c\u00f3mic para divulgar el patrimonio hist\u00f3rico tarraconense"}]},{"@type":"WebSite","@id":"https:\/\/radiociutat.com\/es\/#website","url":"https:\/\/radiociutat.com\/es\/","name":"R\u00e0dio Ciutat de Tarragona","description":"R\u00e0dio Ciutat de Tarragona - RCTgn.cat R\u00e0dio Online","potentialAction":[{"@type":"SearchAction","target":{"@type":"EntryPoint","urlTemplate":"https:\/\/radiociutat.com\/es\/?s={search_term_string}"},"query-input":{"@type":"PropertyValueSpecification","valueRequired":true,"valueName":"search_term_string"}}],"inLanguage":"es"},{"@type":"Person","@id":"https:\/\/radiociutat.com\/es\/#\/schema\/person\/04b6638f9d2a9ea77408db76c5d8f0b5","name":"Redacci\u00f3","sameAs":["https:\/\/radiociutat.com\/wp-content\/uploads\/2023\/09\/LOGO-RCTGN-CUADRAT.png"],"url":"https:\/\/radiociutat.com\/es\/author\/jespinosa\/"}]}},"_links":{"self":[{"href":"https:\/\/radiociutat.com\/es\/wp-json\/wp\/v2\/posts\/368246","targetHints":{"allow":["GET"]}}],"collection":[{"href":"https:\/\/radiociutat.com\/es\/wp-json\/wp\/v2\/posts"}],"about":[{"href":"https:\/\/radiociutat.com\/es\/wp-json\/wp\/v2\/types\/post"}],"author":[{"embeddable":true,"href":"https:\/\/radiociutat.com\/es\/wp-json\/wp\/v2\/users\/1"}],"replies":[{"embeddable":true,"href":"https:\/\/radiociutat.com\/es\/wp-json\/wp\/v2\/comments?post=368246"}],"version-history":[{"count":0,"href":"https:\/\/radiociutat.com\/es\/wp-json\/wp\/v2\/posts\/368246\/revisions"}],"wp:featuredmedia":[{"embeddable":true,"href":"https:\/\/radiociutat.com\/es\/wp-json\/wp\/v2\/media\/239847"}],"wp:attachment":[{"href":"https:\/\/radiociutat.com\/es\/wp-json\/wp\/v2\/media?parent=368246"}],"wp:term":[{"taxonomy":"category","embeddable":true,"href":"https:\/\/radiociutat.com\/es\/wp-json\/wp\/v2\/categories?post=368246"},{"taxonomy":"post_tag","embeddable":true,"href":"https:\/\/radiociutat.com\/es\/wp-json\/wp\/v2\/tags?post=368246"}],"curies":[{"name":"wp","href":"https:\/\/api.w.org\/{rel}","templated":true}]}}