{"id":368244,"date":"2026-02-26T18:31:13","date_gmt":"2026-02-26T17:31:13","guid":{"rendered":"https:\/\/radiociutat.com\/programes-podcast\/carrer-major-pedro-cortes-el-autor-de-de-albanil-a-buda-una-historia-de-transformacion-personal\/"},"modified":"2026-03-07T12:16:09","modified_gmt":"2026-03-07T11:16:09","slug":"carrer-major-pedro-cortes-el-autor-de-de-albanil-a-buda-una-historia-de-transformacion-personal","status":"publish","type":"post","link":"https:\/\/radiociutat.com\/es\/carrer-major-tarragona-secciones\/carrer-major-pedro-cortes-el-autor-de-de-albanil-a-buda-una-historia-de-transformacion-personal\/","title":{"rendered":"Carrer Major | Pedro Cort\u00e9s, el autor de \u00abDe alba\u00f1il a Buda\u00bb, una historia de transformaci\u00f3n personal"},"content":{"rendered":"\n<p>En &#8216;Carrer Major&#8217; hemos hablado con Pedro Cort\u00e9s, el autor del libro <em>De alba\u00f1il a Buda<\/em>, una f\u00e1bula inspiradora que explora la transformaci\u00f3n personal a trav\u00e9s del proceso de construcci\u00f3n de una casa. Cort\u00e9s, con una trayectoria profesional en el sector de la construcci\u00f3n y un giro vital que marc\u00f3 un antes y un despu\u00e9s en su vida, combina actualmente el turismo rural, la construcci\u00f3n y el desarrollo personal, ayudando a otros a construir sus propios proyectos vitales.<\/p>\n\n\n\n<p>En esta entrevista, Cort\u00e9s nos explica c\u00f3mo surgi\u00f3 la idea de escribir el libro. Tras una crisis personal y laboral, empez\u00f3 a formarse como coach y a estudiar el desarrollo personal. Pero fue su propia historia como alba\u00f1il, que durante a\u00f1os trabaj\u00f3 en la construcci\u00f3n pero se dio cuenta de que su propia vida estaba en ruinas, la que lo llev\u00f3 a transformarse y escribir <em>De alba\u00f1il a Buda<\/em>. \u00abEmpec\u00e9 a escribir porque me gustaba y encontr\u00e9 que mi historia pod\u00eda ayudar a otras personas a empezar de nuevo\u00bb, afirma Cort\u00e9s.<\/p>\n\n\n\n<p>La entrevista tambi\u00e9n hace referencia a c\u00f3mo logr\u00f3 equilibrar los aspectos de la novela con los de la autoayuda. Cort\u00e9s quiso evitar hacer un libro excesivamente did\u00e1ctico o abstracto, y por eso decidi\u00f3 fusionar su experiencia personal con la historia de ficci\u00f3n, creando una narrativa que combina reflexiones profundas con una trama m\u00e1s ligera.<\/p>\n\n\n\n<p>Hablando sobre el simbolismo del Buda, Cort\u00e9s afirma que este personaje representa la presencia, la quietud y la paz, elementos que fueron clave en su propia transformaci\u00f3n. \u00abEl Buda le sirve al protagonista para tomar conciencia de su vida y para comprender la necesidad de hacer una reforma interior\u00bb, explica el autor.<\/p>\n\n\n\n<p>Cort\u00e9s tambi\u00e9n comparte con nosotros sus consejos para aquellos que desean empezar un proceso de cambio. \u00abLo primero que hace falta es hacerse consciente de que nuestra vida necesita una reforma\u00bb, dice. Aconseja a las personas que se sienten atrapadas en un sistema de vida que no han elegido, que se detengan y se pregunten qu\u00e9 es lo que realmente quieren hacer. \u00abEs fundamental pararse, hacerse preguntas y empezar a hacer un trabajo de autoconocimiento\u00bb.<\/p>\n\n\n\n<p>Finalmente, Cort\u00e9s nos adelanta sus planes para la promoci\u00f3n del libro. En abril, empezar\u00e1 un proyecto en el que recorrer\u00e1 Espa\u00f1a con su furgoneta cargada de libros, realizando presentaciones y firmando ejemplares. \u00abTengo muchas ganas de que la gente conozca el libro y que les ayude a iniciar sus propios proyectos vitales\u00bb, a\u00f1ade.<\/p>\n","protected":false},"excerpt":{"rendered":"<p>En &#8216;Carrer Major&#8217; hemos hablado con Pedro Cort\u00e9s, el autor del libro De alba\u00f1il a Buda, una f\u00e1bula inspiradora que explora la transformaci\u00f3n personal a trav\u00e9s del proceso de construcci\u00f3n de una casa. Cort\u00e9s, con una trayectoria profesional en el sector de la construcci\u00f3n y un giro vital que marc\u00f3 un antes y un despu\u00e9s [&hellip;]<\/p>\n","protected":false},"author":1,"featured_media":239851,"comment_status":"closed","ping_status":"closed","sticky":false,"template":"","format":"video","meta":{"footnotes":""},"categories":[13680],"tags":[],"class_list":["post-368244","post","type-post","status-publish","format-video","has-post-thumbnail","hentry","category-carrer-major-tarragona-secciones","post_format-post-format-video"],"yoast_head":"<!-- This site is optimized with the Yoast SEO Premium plugin v27.4 (Yoast SEO v27.5) - https:\/\/yoast.com\/product\/yoast-seo-premium-wordpress\/ -->\n<title>Carrer Major | Pedro Cort\u00e9s, el autor de &quot;De alba\u00f1il a Buda&quot;, una historia de transformaci\u00f3n personal - R\u00e0dio Ciutat de Tarragona<\/title>\n<meta name=\"robots\" content=\"index, follow, max-snippet:-1, max-image-preview:large, max-video-preview:-1\" \/>\n<link rel=\"canonical\" href=\"https:\/\/radiociutat.com\/es\/carrer-major-tarragona-secciones\/carrer-major-pedro-cortes-el-autor-de-de-albanil-a-buda-una-historia-de-transformacion-personal\/\" \/>\n<meta property=\"og:locale\" content=\"es_ES\" \/>\n<meta property=\"og:type\" content=\"article\" \/>\n<meta property=\"og:title\" content=\"Carrer Major | Pedro Cort\u00e9s, el autor de &quot;De alba\u00f1il a Buda&quot;, una historia de transformaci\u00f3n personal\" \/>\n<meta property=\"og:description\" content=\"En &#8216;Carrer Major&#8217; hemos hablado con Pedro Cort\u00e9s, el autor del libro De alba\u00f1il a Buda, una f\u00e1bula inspiradora que explora la transformaci\u00f3n personal a trav\u00e9s del proceso de construcci\u00f3n de una casa. Cort\u00e9s, con una trayectoria profesional en el sector de la construcci\u00f3n y un giro vital que marc\u00f3 un antes y un despu\u00e9s [&hellip;]\" \/>\n<meta property=\"og:url\" content=\"https:\/\/radiociutat.com\/es\/carrer-major-tarragona-secciones\/carrer-major-pedro-cortes-el-autor-de-de-albanil-a-buda-una-historia-de-transformacion-personal\/\" \/>\n<meta property=\"og:site_name\" content=\"R\u00e0dio Ciutat de Tarragona\" \/>\n<meta property=\"article:publisher\" content=\"https:\/\/www.facebook.com\/rctgn\" \/>\n<meta property=\"article:published_time\" content=\"2026-02-26T17:31:13+00:00\" \/>\n<meta property=\"article:modified_time\" content=\"2026-03-07T11:16:09+00:00\" \/>\n<meta property=\"og:image\" content=\"https:\/\/files.radiociutat.com\/rctgn\/wp-content\/uploads\/2021\/03\/LOGO-RCTGN-RADIO-CIUTAT-DE-TARRAGONA-TRANSPARENTE-TARRAGONA-2020-3000X3000-Redes1-copia.png\" \/>\n\t<meta property=\"og:image:width\" content=\"3000\" \/>\n\t<meta property=\"og:image:height\" content=\"3000\" \/>\n\t<meta property=\"og:image:type\" content=\"image\/png\" \/>\n<meta name=\"author\" content=\"Redacci\u00f3\" \/>\n<meta name=\"twitter:card\" content=\"summary_large_image\" \/>\n<meta name=\"twitter:creator\" content=\"@RCTgn\" \/>\n<meta name=\"twitter:site\" content=\"@RCTgn\" \/>\n<meta name=\"twitter:label1\" content=\"Escrito por\" \/>\n\t<meta name=\"twitter:data1\" content=\"Redacci\u00f3\" \/>\n\t<meta name=\"twitter:label2\" content=\"Tiempo de lectura\" \/>\n\t<meta name=\"twitter:data2\" content=\"2 minutos\" \/>\n<script type=\"application\/ld+json\" class=\"yoast-schema-graph\">{\"@context\":\"https:\\\/\\\/schema.org\",\"@graph\":[{\"@type\":\"Article\",\"@id\":\"https:\\\/\\\/radiociutat.com\\\/es\\\/carrer-major-tarragona-secciones\\\/carrer-major-pedro-cortes-el-autor-de-de-albanil-a-buda-una-historia-de-transformacion-personal\\\/#article\",\"isPartOf\":{\"@id\":\"https:\\\/\\\/radiociutat.com\\\/es\\\/carrer-major-tarragona-secciones\\\/carrer-major-pedro-cortes-el-autor-de-de-albanil-a-buda-una-historia-de-transformacion-personal\\\/\"},\"author\":{\"name\":\"Redacci\u00f3\",\"@id\":\"https:\\\/\\\/radiociutat.com\\\/es\\\/#\\\/schema\\\/person\\\/04b6638f9d2a9ea77408db76c5d8f0b5\"},\"headline\":\"Carrer Major | Pedro Cort\u00e9s, el autor de \u00abDe alba\u00f1il a Buda\u00bb, una historia de transformaci\u00f3n personal\",\"datePublished\":\"2026-02-26T17:31:13+00:00\",\"dateModified\":\"2026-03-07T11:16:09+00:00\",\"mainEntityOfPage\":{\"@id\":\"https:\\\/\\\/radiociutat.com\\\/es\\\/carrer-major-tarragona-secciones\\\/carrer-major-pedro-cortes-el-autor-de-de-albanil-a-buda-una-historia-de-transformacion-personal\\\/\"},\"wordCount\":454,\"image\":{\"@id\":\"https:\\\/\\\/radiociutat.com\\\/es\\\/carrer-major-tarragona-secciones\\\/carrer-major-pedro-cortes-el-autor-de-de-albanil-a-buda-una-historia-de-transformacion-personal\\\/#primaryimage\"},\"thumbnailUrl\":\"https:\\\/\\\/files.radiociutat.com\\\/rctgn\\\/wp-content\\\/uploads\\\/2026\\\/02\\\/IMG_0581-scaled-e1772126620536.jpeg\",\"articleSection\":[\"Carrer Major Tarragona | Secciones\"],\"inLanguage\":\"es\"},{\"@type\":\"WebPage\",\"@id\":\"https:\\\/\\\/radiociutat.com\\\/es\\\/carrer-major-tarragona-secciones\\\/carrer-major-pedro-cortes-el-autor-de-de-albanil-a-buda-una-historia-de-transformacion-personal\\\/\",\"url\":\"https:\\\/\\\/radiociutat.com\\\/es\\\/carrer-major-tarragona-secciones\\\/carrer-major-pedro-cortes-el-autor-de-de-albanil-a-buda-una-historia-de-transformacion-personal\\\/\",\"name\":\"Carrer Major | Pedro Cort\u00e9s, el autor de \\\"De alba\u00f1il a Buda\\\", una historia de transformaci\u00f3n personal - R\u00e0dio Ciutat de Tarragona\",\"isPartOf\":{\"@id\":\"https:\\\/\\\/radiociutat.com\\\/es\\\/#website\"},\"primaryImageOfPage\":{\"@id\":\"https:\\\/\\\/radiociutat.com\\\/es\\\/carrer-major-tarragona-secciones\\\/carrer-major-pedro-cortes-el-autor-de-de-albanil-a-buda-una-historia-de-transformacion-personal\\\/#primaryimage\"},\"image\":{\"@id\":\"https:\\\/\\\/radiociutat.com\\\/es\\\/carrer-major-tarragona-secciones\\\/carrer-major-pedro-cortes-el-autor-de-de-albanil-a-buda-una-historia-de-transformacion-personal\\\/#primaryimage\"},\"thumbnailUrl\":\"https:\\\/\\\/files.radiociutat.com\\\/rctgn\\\/wp-content\\\/uploads\\\/2026\\\/02\\\/IMG_0581-scaled-e1772126620536.jpeg\",\"datePublished\":\"2026-02-26T17:31:13+00:00\",\"dateModified\":\"2026-03-07T11:16:09+00:00\",\"author\":{\"@id\":\"https:\\\/\\\/radiociutat.com\\\/es\\\/#\\\/schema\\\/person\\\/04b6638f9d2a9ea77408db76c5d8f0b5\"},\"breadcrumb\":{\"@id\":\"https:\\\/\\\/radiociutat.com\\\/es\\\/carrer-major-tarragona-secciones\\\/carrer-major-pedro-cortes-el-autor-de-de-albanil-a-buda-una-historia-de-transformacion-personal\\\/#breadcrumb\"},\"inLanguage\":\"es\",\"potentialAction\":[{\"@type\":\"ReadAction\",\"target\":[\"https:\\\/\\\/radiociutat.com\\\/es\\\/carrer-major-tarragona-secciones\\\/carrer-major-pedro-cortes-el-autor-de-de-albanil-a-buda-una-historia-de-transformacion-personal\\\/\"]}]},{\"@type\":\"ImageObject\",\"inLanguage\":\"es\",\"@id\":\"https:\\\/\\\/radiociutat.com\\\/es\\\/carrer-major-tarragona-secciones\\\/carrer-major-pedro-cortes-el-autor-de-de-albanil-a-buda-una-historia-de-transformacion-personal\\\/#primaryimage\",\"url\":\"https:\\\/\\\/files.radiociutat.com\\\/rctgn\\\/wp-content\\\/uploads\\\/2026\\\/02\\\/IMG_0581-scaled-e1772126620536.jpeg\",\"contentUrl\":\"https:\\\/\\\/files.radiociutat.com\\\/rctgn\\\/wp-content\\\/uploads\\\/2026\\\/02\\\/IMG_0581-scaled-e1772126620536.jpeg\",\"width\":2560,\"height\":1920},{\"@type\":\"BreadcrumbList\",\"@id\":\"https:\\\/\\\/radiociutat.com\\\/es\\\/carrer-major-tarragona-secciones\\\/carrer-major-pedro-cortes-el-autor-de-de-albanil-a-buda-una-historia-de-transformacion-personal\\\/#breadcrumb\",\"itemListElement\":[{\"@type\":\"ListItem\",\"position\":1,\"name\":\"Inici\",\"item\":\"https:\\\/\\\/radiociutat.com\\\/es\\\/\"},{\"@type\":\"ListItem\",\"position\":2,\"name\":\"Carrer Major | Pedro Cort\u00e9s, el autor de &#8220;De alba\u00f1il a Buda&#8221;, una historia de transformaci\u00f3n personal\"}]},{\"@type\":\"WebSite\",\"@id\":\"https:\\\/\\\/radiociutat.com\\\/es\\\/#website\",\"url\":\"https:\\\/\\\/radiociutat.com\\\/es\\\/\",\"name\":\"R\u00e0dio Ciutat de Tarragona\",\"description\":\"R\u00e0dio Ciutat de Tarragona - RCTgn.cat R\u00e0dio Online\",\"potentialAction\":[{\"@type\":\"SearchAction\",\"target\":{\"@type\":\"EntryPoint\",\"urlTemplate\":\"https:\\\/\\\/radiociutat.com\\\/es\\\/?s={search_term_string}\"},\"query-input\":{\"@type\":\"PropertyValueSpecification\",\"valueRequired\":true,\"valueName\":\"search_term_string\"}}],\"inLanguage\":\"es\"},{\"@type\":\"Person\",\"@id\":\"https:\\\/\\\/radiociutat.com\\\/es\\\/#\\\/schema\\\/person\\\/04b6638f9d2a9ea77408db76c5d8f0b5\",\"name\":\"Redacci\u00f3\",\"sameAs\":[\"https:\\\/\\\/radiociutat.com\\\/wp-content\\\/uploads\\\/2023\\\/09\\\/LOGO-RCTGN-CUADRAT.png\"],\"url\":\"https:\\\/\\\/radiociutat.com\\\/es\\\/author\\\/jespinosa\\\/\"}]}<\/script>\n<!-- \/ Yoast SEO Premium plugin. -->","yoast_head_json":{"title":"Carrer Major | Pedro Cort\u00e9s, el autor de \"De alba\u00f1il a Buda\", una historia de transformaci\u00f3n personal - R\u00e0dio Ciutat de Tarragona","robots":{"index":"index","follow":"follow","max-snippet":"max-snippet:-1","max-image-preview":"max-image-preview:large","max-video-preview":"max-video-preview:-1"},"canonical":"https:\/\/radiociutat.com\/es\/carrer-major-tarragona-secciones\/carrer-major-pedro-cortes-el-autor-de-de-albanil-a-buda-una-historia-de-transformacion-personal\/","og_locale":"es_ES","og_type":"article","og_title":"Carrer Major | Pedro Cort\u00e9s, el autor de \"De alba\u00f1il a Buda\", una historia de transformaci\u00f3n personal","og_description":"En &#8216;Carrer Major&#8217; hemos hablado con Pedro Cort\u00e9s, el autor del libro De alba\u00f1il a Buda, una f\u00e1bula inspiradora que explora la transformaci\u00f3n personal a trav\u00e9s del proceso de construcci\u00f3n de una casa. Cort\u00e9s, con una trayectoria profesional en el sector de la construcci\u00f3n y un giro vital que marc\u00f3 un antes y un despu\u00e9s [&hellip;]","og_url":"https:\/\/radiociutat.com\/es\/carrer-major-tarragona-secciones\/carrer-major-pedro-cortes-el-autor-de-de-albanil-a-buda-una-historia-de-transformacion-personal\/","og_site_name":"R\u00e0dio Ciutat de Tarragona","article_publisher":"https:\/\/www.facebook.com\/rctgn","article_published_time":"2026-02-26T17:31:13+00:00","article_modified_time":"2026-03-07T11:16:09+00:00","og_image":[{"width":3000,"height":3000,"url":"https:\/\/files.radiociutat.com\/rctgn\/wp-content\/uploads\/2021\/03\/LOGO-RCTGN-RADIO-CIUTAT-DE-TARRAGONA-TRANSPARENTE-TARRAGONA-2020-3000X3000-Redes1-copia.png","type":"image\/png"}],"author":"Redacci\u00f3","twitter_card":"summary_large_image","twitter_creator":"@RCTgn","twitter_site":"@RCTgn","twitter_misc":{"Escrito por":"Redacci\u00f3","Tiempo de lectura":"2 minutos"},"schema":{"@context":"https:\/\/schema.org","@graph":[{"@type":"Article","@id":"https:\/\/radiociutat.com\/es\/carrer-major-tarragona-secciones\/carrer-major-pedro-cortes-el-autor-de-de-albanil-a-buda-una-historia-de-transformacion-personal\/#article","isPartOf":{"@id":"https:\/\/radiociutat.com\/es\/carrer-major-tarragona-secciones\/carrer-major-pedro-cortes-el-autor-de-de-albanil-a-buda-una-historia-de-transformacion-personal\/"},"author":{"name":"Redacci\u00f3","@id":"https:\/\/radiociutat.com\/es\/#\/schema\/person\/04b6638f9d2a9ea77408db76c5d8f0b5"},"headline":"Carrer Major | Pedro Cort\u00e9s, el autor de \u00abDe alba\u00f1il a Buda\u00bb, una historia de transformaci\u00f3n personal","datePublished":"2026-02-26T17:31:13+00:00","dateModified":"2026-03-07T11:16:09+00:00","mainEntityOfPage":{"@id":"https:\/\/radiociutat.com\/es\/carrer-major-tarragona-secciones\/carrer-major-pedro-cortes-el-autor-de-de-albanil-a-buda-una-historia-de-transformacion-personal\/"},"wordCount":454,"image":{"@id":"https:\/\/radiociutat.com\/es\/carrer-major-tarragona-secciones\/carrer-major-pedro-cortes-el-autor-de-de-albanil-a-buda-una-historia-de-transformacion-personal\/#primaryimage"},"thumbnailUrl":"https:\/\/files.radiociutat.com\/rctgn\/wp-content\/uploads\/2026\/02\/IMG_0581-scaled-e1772126620536.jpeg","articleSection":["Carrer Major Tarragona | Secciones"],"inLanguage":"es"},{"@type":"WebPage","@id":"https:\/\/radiociutat.com\/es\/carrer-major-tarragona-secciones\/carrer-major-pedro-cortes-el-autor-de-de-albanil-a-buda-una-historia-de-transformacion-personal\/","url":"https:\/\/radiociutat.com\/es\/carrer-major-tarragona-secciones\/carrer-major-pedro-cortes-el-autor-de-de-albanil-a-buda-una-historia-de-transformacion-personal\/","name":"Carrer Major | Pedro Cort\u00e9s, el autor de \"De alba\u00f1il a Buda\", una historia de transformaci\u00f3n personal - R\u00e0dio Ciutat de Tarragona","isPartOf":{"@id":"https:\/\/radiociutat.com\/es\/#website"},"primaryImageOfPage":{"@id":"https:\/\/radiociutat.com\/es\/carrer-major-tarragona-secciones\/carrer-major-pedro-cortes-el-autor-de-de-albanil-a-buda-una-historia-de-transformacion-personal\/#primaryimage"},"image":{"@id":"https:\/\/radiociutat.com\/es\/carrer-major-tarragona-secciones\/carrer-major-pedro-cortes-el-autor-de-de-albanil-a-buda-una-historia-de-transformacion-personal\/#primaryimage"},"thumbnailUrl":"https:\/\/files.radiociutat.com\/rctgn\/wp-content\/uploads\/2026\/02\/IMG_0581-scaled-e1772126620536.jpeg","datePublished":"2026-02-26T17:31:13+00:00","dateModified":"2026-03-07T11:16:09+00:00","author":{"@id":"https:\/\/radiociutat.com\/es\/#\/schema\/person\/04b6638f9d2a9ea77408db76c5d8f0b5"},"breadcrumb":{"@id":"https:\/\/radiociutat.com\/es\/carrer-major-tarragona-secciones\/carrer-major-pedro-cortes-el-autor-de-de-albanil-a-buda-una-historia-de-transformacion-personal\/#breadcrumb"},"inLanguage":"es","potentialAction":[{"@type":"ReadAction","target":["https:\/\/radiociutat.com\/es\/carrer-major-tarragona-secciones\/carrer-major-pedro-cortes-el-autor-de-de-albanil-a-buda-una-historia-de-transformacion-personal\/"]}]},{"@type":"ImageObject","inLanguage":"es","@id":"https:\/\/radiociutat.com\/es\/carrer-major-tarragona-secciones\/carrer-major-pedro-cortes-el-autor-de-de-albanil-a-buda-una-historia-de-transformacion-personal\/#primaryimage","url":"https:\/\/files.radiociutat.com\/rctgn\/wp-content\/uploads\/2026\/02\/IMG_0581-scaled-e1772126620536.jpeg","contentUrl":"https:\/\/files.radiociutat.com\/rctgn\/wp-content\/uploads\/2026\/02\/IMG_0581-scaled-e1772126620536.jpeg","width":2560,"height":1920},{"@type":"BreadcrumbList","@id":"https:\/\/radiociutat.com\/es\/carrer-major-tarragona-secciones\/carrer-major-pedro-cortes-el-autor-de-de-albanil-a-buda-una-historia-de-transformacion-personal\/#breadcrumb","itemListElement":[{"@type":"ListItem","position":1,"name":"Inici","item":"https:\/\/radiociutat.com\/es\/"},{"@type":"ListItem","position":2,"name":"Carrer Major | Pedro Cort\u00e9s, el autor de &#8220;De alba\u00f1il a Buda&#8221;, una historia de transformaci\u00f3n personal"}]},{"@type":"WebSite","@id":"https:\/\/radiociutat.com\/es\/#website","url":"https:\/\/radiociutat.com\/es\/","name":"R\u00e0dio Ciutat de Tarragona","description":"R\u00e0dio Ciutat de Tarragona - RCTgn.cat R\u00e0dio Online","potentialAction":[{"@type":"SearchAction","target":{"@type":"EntryPoint","urlTemplate":"https:\/\/radiociutat.com\/es\/?s={search_term_string}"},"query-input":{"@type":"PropertyValueSpecification","valueRequired":true,"valueName":"search_term_string"}}],"inLanguage":"es"},{"@type":"Person","@id":"https:\/\/radiociutat.com\/es\/#\/schema\/person\/04b6638f9d2a9ea77408db76c5d8f0b5","name":"Redacci\u00f3","sameAs":["https:\/\/radiociutat.com\/wp-content\/uploads\/2023\/09\/LOGO-RCTGN-CUADRAT.png"],"url":"https:\/\/radiociutat.com\/es\/author\/jespinosa\/"}]}},"_links":{"self":[{"href":"https:\/\/radiociutat.com\/es\/wp-json\/wp\/v2\/posts\/368244","targetHints":{"allow":["GET"]}}],"collection":[{"href":"https:\/\/radiociutat.com\/es\/wp-json\/wp\/v2\/posts"}],"about":[{"href":"https:\/\/radiociutat.com\/es\/wp-json\/wp\/v2\/types\/post"}],"author":[{"embeddable":true,"href":"https:\/\/radiociutat.com\/es\/wp-json\/wp\/v2\/users\/1"}],"replies":[{"embeddable":true,"href":"https:\/\/radiociutat.com\/es\/wp-json\/wp\/v2\/comments?post=368244"}],"version-history":[{"count":0,"href":"https:\/\/radiociutat.com\/es\/wp-json\/wp\/v2\/posts\/368244\/revisions"}],"wp:featuredmedia":[{"embeddable":true,"href":"https:\/\/radiociutat.com\/es\/wp-json\/wp\/v2\/media\/239851"}],"wp:attachment":[{"href":"https:\/\/radiociutat.com\/es\/wp-json\/wp\/v2\/media?parent=368244"}],"wp:term":[{"taxonomy":"category","embeddable":true,"href":"https:\/\/radiociutat.com\/es\/wp-json\/wp\/v2\/categories?post=368244"},{"taxonomy":"post_tag","embeddable":true,"href":"https:\/\/radiociutat.com\/es\/wp-json\/wp\/v2\/tags?post=368244"}],"curies":[{"name":"wp","href":"https:\/\/api.w.org\/{rel}","templated":true}]}}