{"id":368236,"date":"2026-03-06T16:44:23","date_gmt":"2026-03-06T15:44:23","guid":{"rendered":"https:\/\/radiociutat.com\/programes-podcast\/carrer-major-la-manifestacion-unitaria-del-8m-en-tarragona\/"},"modified":"2026-03-07T11:38:51","modified_gmt":"2026-03-07T10:38:51","slug":"carrer-major-la-manifestacion-unitaria-del-8m-en-tarragona","status":"publish","type":"post","link":"https:\/\/radiociutat.com\/es\/carrer-major-tarragona-secciones\/carrer-major-la-manifestacion-unitaria-del-8m-en-tarragona\/","title":{"rendered":"Carrer Major | La manifestaci\u00f3n unitaria del 8M en Tarragona"},"content":{"rendered":"\n<p>La Plataforma Feminista del Camp ha convocado una manifestaci\u00f3n unitaria en Tarragona este domingo coincidiendo con el d\u00eda 8 de marzo, d\u00eda de la mujer trabajadora. Ser\u00e1 a partir de las 12h con inicio en la plaza Imperial Tarraco. Bajo el lema <strong>\u201cLucha feminista, lucha antirracista\u201d<\/strong>, llaman a llenar las calles para \u201chacer frente a la ola reaccionaria que nos quiere arrebatar los derechos conquistados y dividirnos\u201d. <\/p>\n\n\n\n<p>En &#8216;Carrer Major&#8217; hemos hablado con una integrante de la plataforma, J\u00falia. Las convocantes siguen situando el antirracismo como eje central de la lucha para responder a aquellas corrientes \u201cque intentan ocultar con feminismo discursos de odio y racismo\u201d. <strong>\u201cNos quieren dividir mientras cada vez tenemos sueldos menos dignos, nos es m\u00e1s dif\u00edcil pagar el alquiler, ahogan la sanidad y educaci\u00f3n p\u00fablica y difunden discursos provida y a favor de la familia conservadora que nos quita libertades y derechos<\/strong>\u201d, destacan las portavoces. <\/p>\n\n\n\n<p>Ante este contexto, llaman a <strong>sumarse a la convocatoria para visibilizar la defensa de los derechos, al tiempo que dejan muy claro que la lucha feminista es la lucha antirracista<\/strong>. \u201cEl patriarcado y el racismo operan conjuntamente para mantener la explotaci\u00f3n de las mujeres, especialmente en sectores feminizados y precarizados. Por eso, es una lucha conjunta e inseparable\u201d, se\u00f1alan.<\/p>\n\n\n\n<p>Adem\u00e1s, se\u00f1alan la importancia de seguir en las calles y guiar la propuesta feminista desde la base. La Plataforma <strong>quiere volver a reivindicar el car\u00e1cter de lucha laboral originario del 8 de marzo<\/strong> y poner en evidencia c\u00f3mo hoy en d\u00eda las mujeres siguen sufriendo \u201cprecariedad laboral, techos de cristal, suelos pegajosos y una sobrecarga estructural de las tareas de cuidados\u201d. En este sentido, este a\u00f1o ponen <strong>el foco en este trabajo invisible y no remunerado que sostiene el sistema econ\u00f3mico<\/strong> y alertan de la denominada \u201ccrisis de los cuidados\u201d.<\/p>\n\n\n\n<p>La jornada servir\u00e1 tambi\u00e9n para seguir denunciando p\u00fablicamente los feminicidios que contin\u00faan apareciendo en los noticiarios, las violencias ejercidas sobre nuestros cuerpos y nuestras mentes, los desahucios, los impedimentos burocr\u00e1ticos sobre inmigraci\u00f3n y las dificultades que nos seguimos encontrando por ser mujeres en todos los \u00e1mbitos. Por ello, a lo largo del d\u00eda se focalizar\u00e1n los discursos en las diferentes formas que tiene el feminismo de <strong>hacer frente a todas estas opresiones y violencias que a escala institucional, laboral, social o econ\u00f3mica a\u00fan sufrimos por ser mujeres y c\u00f3mo afecta tambi\u00e9n el racismo en estos \u00e1mbitos.<\/strong><\/p>\n\n\n\n<p>El <strong>recorrido de la manifestaci\u00f3n<\/strong> de este a\u00f1o se iniciar\u00e1 en la plaza Imperial T\u00e0rraco para seguir por la Rambla Nova, calle Sant Francesc, calle August, calle Compte de Rius, rambla Vella y entrando en la Plaza de la font por la calle del Portalet.<\/p>\n","protected":false},"excerpt":{"rendered":"<p>La Plataforma Feminista del Camp ha convocado una manifestaci\u00f3n unitaria en Tarragona este domingo coincidiendo con el d\u00eda 8 de marzo, d\u00eda de la mujer trabajadora. Ser\u00e1 a partir de las 12h con inicio en la plaza Imperial Tarraco. Bajo el lema \u201cLucha feminista, lucha antirracista\u201d, llaman a llenar las calles para \u201chacer frente a [&hellip;]<\/p>\n","protected":false},"author":1,"featured_media":0,"comment_status":"closed","ping_status":"closed","sticky":false,"template":"","format":"video","meta":{"footnotes":""},"categories":[13680],"tags":[13681,13682,13683,13684,13685],"class_list":["post-368236","post","type-post","status-publish","format-video","hentry","category-carrer-major-tarragona-secciones","tag-8m-3","tag-actualitat-es","tag-calle-mayor","tag-dia-de-la-mujer","tag-noticies-es","post_format-post-format-video"],"yoast_head":"<!-- This site is optimized with the Yoast SEO Premium plugin v27.4 (Yoast SEO v27.5) - https:\/\/yoast.com\/product\/yoast-seo-premium-wordpress\/ -->\n<title>Carrer Major | La manifestaci\u00f3n unitaria del 8M en Tarragona - R\u00e0dio Ciutat de Tarragona<\/title>\n<meta name=\"robots\" content=\"index, follow, max-snippet:-1, max-image-preview:large, max-video-preview:-1\" \/>\n<link rel=\"canonical\" href=\"https:\/\/radiociutat.com\/es\/carrer-major-tarragona-secciones\/carrer-major-la-manifestacion-unitaria-del-8m-en-tarragona\/\" \/>\n<meta property=\"og:locale\" content=\"es_ES\" \/>\n<meta property=\"og:type\" content=\"article\" \/>\n<meta property=\"og:title\" content=\"Carrer Major | La manifestaci\u00f3n unitaria del 8M en Tarragona\" \/>\n<meta property=\"og:description\" content=\"La Plataforma Feminista del Camp ha convocado una manifestaci\u00f3n unitaria en Tarragona este domingo coincidiendo con el d\u00eda 8 de marzo, d\u00eda de la mujer trabajadora. Ser\u00e1 a partir de las 12h con inicio en la plaza Imperial Tarraco. Bajo el lema \u201cLucha feminista, lucha antirracista\u201d, llaman a llenar las calles para \u201chacer frente a [&hellip;]\" \/>\n<meta property=\"og:url\" content=\"https:\/\/radiociutat.com\/es\/carrer-major-tarragona-secciones\/carrer-major-la-manifestacion-unitaria-del-8m-en-tarragona\/\" \/>\n<meta property=\"og:site_name\" content=\"R\u00e0dio Ciutat de Tarragona\" \/>\n<meta property=\"article:publisher\" content=\"https:\/\/www.facebook.com\/rctgn\" \/>\n<meta property=\"article:published_time\" content=\"2026-03-06T15:44:23+00:00\" \/>\n<meta property=\"article:modified_time\" content=\"2026-03-07T10:38:51+00:00\" \/>\n<meta property=\"og:image\" content=\"https:\/\/files.radiociutat.com\/rctgn\/wp-content\/uploads\/2021\/03\/LOGO-RCTGN-RADIO-CIUTAT-DE-TARRAGONA-TRANSPARENTE-TARRAGONA-2020-3000X3000-Redes1-copia.png\" \/>\n\t<meta property=\"og:image:width\" content=\"3000\" \/>\n\t<meta property=\"og:image:height\" content=\"3000\" \/>\n\t<meta property=\"og:image:type\" content=\"image\/png\" \/>\n<meta name=\"author\" content=\"Redacci\u00f3\" \/>\n<meta name=\"twitter:card\" content=\"summary_large_image\" \/>\n<meta name=\"twitter:creator\" content=\"@RCTgn\" \/>\n<meta name=\"twitter:site\" content=\"@RCTgn\" \/>\n<meta name=\"twitter:label1\" content=\"Escrito por\" \/>\n\t<meta name=\"twitter:data1\" content=\"Redacci\u00f3\" \/>\n\t<meta name=\"twitter:label2\" content=\"Tiempo de lectura\" \/>\n\t<meta name=\"twitter:data2\" content=\"2 minutos\" \/>\n<script type=\"application\/ld+json\" class=\"yoast-schema-graph\">{\"@context\":\"https:\\\/\\\/schema.org\",\"@graph\":[{\"@type\":\"Article\",\"@id\":\"https:\\\/\\\/radiociutat.com\\\/es\\\/carrer-major-tarragona-secciones\\\/carrer-major-la-manifestacion-unitaria-del-8m-en-tarragona\\\/#article\",\"isPartOf\":{\"@id\":\"https:\\\/\\\/radiociutat.com\\\/es\\\/carrer-major-tarragona-secciones\\\/carrer-major-la-manifestacion-unitaria-del-8m-en-tarragona\\\/\"},\"author\":{\"name\":\"Redacci\u00f3\",\"@id\":\"https:\\\/\\\/radiociutat.com\\\/es\\\/#\\\/schema\\\/person\\\/04b6638f9d2a9ea77408db76c5d8f0b5\"},\"headline\":\"Carrer Major | La manifestaci\u00f3n unitaria del 8M en Tarragona\",\"datePublished\":\"2026-03-06T15:44:23+00:00\",\"dateModified\":\"2026-03-07T10:38:51+00:00\",\"mainEntityOfPage\":{\"@id\":\"https:\\\/\\\/radiociutat.com\\\/es\\\/carrer-major-tarragona-secciones\\\/carrer-major-la-manifestacion-unitaria-del-8m-en-tarragona\\\/\"},\"wordCount\":478,\"keywords\":[\"8M\",\"Actualitat\",\"calle mayor\",\"d\u00eda de la mujer\",\"not\u00edcies\"],\"articleSection\":[\"Carrer Major Tarragona | Secciones\"],\"inLanguage\":\"es\"},{\"@type\":\"WebPage\",\"@id\":\"https:\\\/\\\/radiociutat.com\\\/es\\\/carrer-major-tarragona-secciones\\\/carrer-major-la-manifestacion-unitaria-del-8m-en-tarragona\\\/\",\"url\":\"https:\\\/\\\/radiociutat.com\\\/es\\\/carrer-major-tarragona-secciones\\\/carrer-major-la-manifestacion-unitaria-del-8m-en-tarragona\\\/\",\"name\":\"Carrer Major | La manifestaci\u00f3n unitaria del 8M en Tarragona - R\u00e0dio Ciutat de Tarragona\",\"isPartOf\":{\"@id\":\"https:\\\/\\\/radiociutat.com\\\/es\\\/#website\"},\"datePublished\":\"2026-03-06T15:44:23+00:00\",\"dateModified\":\"2026-03-07T10:38:51+00:00\",\"author\":{\"@id\":\"https:\\\/\\\/radiociutat.com\\\/es\\\/#\\\/schema\\\/person\\\/04b6638f9d2a9ea77408db76c5d8f0b5\"},\"breadcrumb\":{\"@id\":\"https:\\\/\\\/radiociutat.com\\\/es\\\/carrer-major-tarragona-secciones\\\/carrer-major-la-manifestacion-unitaria-del-8m-en-tarragona\\\/#breadcrumb\"},\"inLanguage\":\"es\",\"potentialAction\":[{\"@type\":\"ReadAction\",\"target\":[\"https:\\\/\\\/radiociutat.com\\\/es\\\/carrer-major-tarragona-secciones\\\/carrer-major-la-manifestacion-unitaria-del-8m-en-tarragona\\\/\"]}]},{\"@type\":\"BreadcrumbList\",\"@id\":\"https:\\\/\\\/radiociutat.com\\\/es\\\/carrer-major-tarragona-secciones\\\/carrer-major-la-manifestacion-unitaria-del-8m-en-tarragona\\\/#breadcrumb\",\"itemListElement\":[{\"@type\":\"ListItem\",\"position\":1,\"name\":\"Inici\",\"item\":\"https:\\\/\\\/radiociutat.com\\\/es\\\/\"},{\"@type\":\"ListItem\",\"position\":2,\"name\":\"Carrer Major | La manifestaci\u00f3n unitaria del 8M en Tarragona\"}]},{\"@type\":\"WebSite\",\"@id\":\"https:\\\/\\\/radiociutat.com\\\/es\\\/#website\",\"url\":\"https:\\\/\\\/radiociutat.com\\\/es\\\/\",\"name\":\"R\u00e0dio Ciutat de Tarragona\",\"description\":\"R\u00e0dio Ciutat de Tarragona - RCTgn.cat R\u00e0dio Online\",\"potentialAction\":[{\"@type\":\"SearchAction\",\"target\":{\"@type\":\"EntryPoint\",\"urlTemplate\":\"https:\\\/\\\/radiociutat.com\\\/es\\\/?s={search_term_string}\"},\"query-input\":{\"@type\":\"PropertyValueSpecification\",\"valueRequired\":true,\"valueName\":\"search_term_string\"}}],\"inLanguage\":\"es\"},{\"@type\":\"Person\",\"@id\":\"https:\\\/\\\/radiociutat.com\\\/es\\\/#\\\/schema\\\/person\\\/04b6638f9d2a9ea77408db76c5d8f0b5\",\"name\":\"Redacci\u00f3\",\"sameAs\":[\"https:\\\/\\\/radiociutat.com\\\/wp-content\\\/uploads\\\/2023\\\/09\\\/LOGO-RCTGN-CUADRAT.png\"],\"url\":\"https:\\\/\\\/radiociutat.com\\\/es\\\/author\\\/jespinosa\\\/\"}]}<\/script>\n<!-- \/ Yoast SEO Premium plugin. -->","yoast_head_json":{"title":"Carrer Major | La manifestaci\u00f3n unitaria del 8M en Tarragona - R\u00e0dio Ciutat de Tarragona","robots":{"index":"index","follow":"follow","max-snippet":"max-snippet:-1","max-image-preview":"max-image-preview:large","max-video-preview":"max-video-preview:-1"},"canonical":"https:\/\/radiociutat.com\/es\/carrer-major-tarragona-secciones\/carrer-major-la-manifestacion-unitaria-del-8m-en-tarragona\/","og_locale":"es_ES","og_type":"article","og_title":"Carrer Major | La manifestaci\u00f3n unitaria del 8M en Tarragona","og_description":"La Plataforma Feminista del Camp ha convocado una manifestaci\u00f3n unitaria en Tarragona este domingo coincidiendo con el d\u00eda 8 de marzo, d\u00eda de la mujer trabajadora. Ser\u00e1 a partir de las 12h con inicio en la plaza Imperial Tarraco. Bajo el lema \u201cLucha feminista, lucha antirracista\u201d, llaman a llenar las calles para \u201chacer frente a [&hellip;]","og_url":"https:\/\/radiociutat.com\/es\/carrer-major-tarragona-secciones\/carrer-major-la-manifestacion-unitaria-del-8m-en-tarragona\/","og_site_name":"R\u00e0dio Ciutat de Tarragona","article_publisher":"https:\/\/www.facebook.com\/rctgn","article_published_time":"2026-03-06T15:44:23+00:00","article_modified_time":"2026-03-07T10:38:51+00:00","og_image":[{"width":3000,"height":3000,"url":"https:\/\/files.radiociutat.com\/rctgn\/wp-content\/uploads\/2021\/03\/LOGO-RCTGN-RADIO-CIUTAT-DE-TARRAGONA-TRANSPARENTE-TARRAGONA-2020-3000X3000-Redes1-copia.png","type":"image\/png"}],"author":"Redacci\u00f3","twitter_card":"summary_large_image","twitter_creator":"@RCTgn","twitter_site":"@RCTgn","twitter_misc":{"Escrito por":"Redacci\u00f3","Tiempo de lectura":"2 minutos"},"schema":{"@context":"https:\/\/schema.org","@graph":[{"@type":"Article","@id":"https:\/\/radiociutat.com\/es\/carrer-major-tarragona-secciones\/carrer-major-la-manifestacion-unitaria-del-8m-en-tarragona\/#article","isPartOf":{"@id":"https:\/\/radiociutat.com\/es\/carrer-major-tarragona-secciones\/carrer-major-la-manifestacion-unitaria-del-8m-en-tarragona\/"},"author":{"name":"Redacci\u00f3","@id":"https:\/\/radiociutat.com\/es\/#\/schema\/person\/04b6638f9d2a9ea77408db76c5d8f0b5"},"headline":"Carrer Major | La manifestaci\u00f3n unitaria del 8M en Tarragona","datePublished":"2026-03-06T15:44:23+00:00","dateModified":"2026-03-07T10:38:51+00:00","mainEntityOfPage":{"@id":"https:\/\/radiociutat.com\/es\/carrer-major-tarragona-secciones\/carrer-major-la-manifestacion-unitaria-del-8m-en-tarragona\/"},"wordCount":478,"keywords":["8M","Actualitat","calle mayor","d\u00eda de la mujer","not\u00edcies"],"articleSection":["Carrer Major Tarragona | Secciones"],"inLanguage":"es"},{"@type":"WebPage","@id":"https:\/\/radiociutat.com\/es\/carrer-major-tarragona-secciones\/carrer-major-la-manifestacion-unitaria-del-8m-en-tarragona\/","url":"https:\/\/radiociutat.com\/es\/carrer-major-tarragona-secciones\/carrer-major-la-manifestacion-unitaria-del-8m-en-tarragona\/","name":"Carrer Major | La manifestaci\u00f3n unitaria del 8M en Tarragona - R\u00e0dio Ciutat de Tarragona","isPartOf":{"@id":"https:\/\/radiociutat.com\/es\/#website"},"datePublished":"2026-03-06T15:44:23+00:00","dateModified":"2026-03-07T10:38:51+00:00","author":{"@id":"https:\/\/radiociutat.com\/es\/#\/schema\/person\/04b6638f9d2a9ea77408db76c5d8f0b5"},"breadcrumb":{"@id":"https:\/\/radiociutat.com\/es\/carrer-major-tarragona-secciones\/carrer-major-la-manifestacion-unitaria-del-8m-en-tarragona\/#breadcrumb"},"inLanguage":"es","potentialAction":[{"@type":"ReadAction","target":["https:\/\/radiociutat.com\/es\/carrer-major-tarragona-secciones\/carrer-major-la-manifestacion-unitaria-del-8m-en-tarragona\/"]}]},{"@type":"BreadcrumbList","@id":"https:\/\/radiociutat.com\/es\/carrer-major-tarragona-secciones\/carrer-major-la-manifestacion-unitaria-del-8m-en-tarragona\/#breadcrumb","itemListElement":[{"@type":"ListItem","position":1,"name":"Inici","item":"https:\/\/radiociutat.com\/es\/"},{"@type":"ListItem","position":2,"name":"Carrer Major | La manifestaci\u00f3n unitaria del 8M en Tarragona"}]},{"@type":"WebSite","@id":"https:\/\/radiociutat.com\/es\/#website","url":"https:\/\/radiociutat.com\/es\/","name":"R\u00e0dio Ciutat de Tarragona","description":"R\u00e0dio Ciutat de Tarragona - RCTgn.cat R\u00e0dio Online","potentialAction":[{"@type":"SearchAction","target":{"@type":"EntryPoint","urlTemplate":"https:\/\/radiociutat.com\/es\/?s={search_term_string}"},"query-input":{"@type":"PropertyValueSpecification","valueRequired":true,"valueName":"search_term_string"}}],"inLanguage":"es"},{"@type":"Person","@id":"https:\/\/radiociutat.com\/es\/#\/schema\/person\/04b6638f9d2a9ea77408db76c5d8f0b5","name":"Redacci\u00f3","sameAs":["https:\/\/radiociutat.com\/wp-content\/uploads\/2023\/09\/LOGO-RCTGN-CUADRAT.png"],"url":"https:\/\/radiociutat.com\/es\/author\/jespinosa\/"}]}},"_links":{"self":[{"href":"https:\/\/radiociutat.com\/es\/wp-json\/wp\/v2\/posts\/368236","targetHints":{"allow":["GET"]}}],"collection":[{"href":"https:\/\/radiociutat.com\/es\/wp-json\/wp\/v2\/posts"}],"about":[{"href":"https:\/\/radiociutat.com\/es\/wp-json\/wp\/v2\/types\/post"}],"author":[{"embeddable":true,"href":"https:\/\/radiociutat.com\/es\/wp-json\/wp\/v2\/users\/1"}],"replies":[{"embeddable":true,"href":"https:\/\/radiociutat.com\/es\/wp-json\/wp\/v2\/comments?post=368236"}],"version-history":[{"count":0,"href":"https:\/\/radiociutat.com\/es\/wp-json\/wp\/v2\/posts\/368236\/revisions"}],"wp:attachment":[{"href":"https:\/\/radiociutat.com\/es\/wp-json\/wp\/v2\/media?parent=368236"}],"wp:term":[{"taxonomy":"category","embeddable":true,"href":"https:\/\/radiociutat.com\/es\/wp-json\/wp\/v2\/categories?post=368236"},{"taxonomy":"post_tag","embeddable":true,"href":"https:\/\/radiociutat.com\/es\/wp-json\/wp\/v2\/tags?post=368236"}],"curies":[{"name":"wp","href":"https:\/\/api.w.org\/{rel}","templated":true}]}}