{"id":368042,"date":"2026-03-06T10:07:27","date_gmt":"2026-03-06T09:07:27","guid":{"rendered":"https:\/\/radiociutat.com\/programes-podcast\/carrer-major-la-aplicacion-acr-respon-con-el-dr-youcef-azeli\/"},"modified":"2026-03-15T10:45:26","modified_gmt":"2026-03-15T09:45:26","slug":"carrer-major-la-aplicacion-acr-respon-con-el-dr-youcef-azeli","status":"publish","type":"post","link":"https:\/\/radiociutat.com\/es\/carrer-major-tarragona-secciones\/carrer-major-la-aplicacion-acr-respon-con-el-dr-youcef-azeli\/","title":{"rendered":"Carrer Major | La aplicaci\u00f3n &#8216;ACR Respon&#8217;, con el Dr. Youcef Azeli"},"content":{"rendered":"\n<p>En la secci\u00f3n del COMT en &#8216;Carrer Major&#8217; hemos hablado con el doctor Youcef Azeli sobre &#8216;ACR Respon&#8217;, una aplicaci\u00f3n pionera en Espa\u00f1a que permite activar a voluntarios formados en reanimaci\u00f3n cardiopulmonar para ayudar a las v\u00edctimas de paros card\u00edacos antes de que llegue la ambulancia.<\/p>\n\n\n\n<p>El sistema de emergencias m\u00e9dicas ha impulsado esta aplicaci\u00f3n con el objetivo de mejorar la supervivencia de los casos de paro card\u00edaco, que actualmente tienen una tasa de supervivencia del 9% en Catalu\u00f1a. La nueva herramienta permite a voluntarios formados recibir alertas en tiempo real cuando se produce una emergencia a menos de 400 metros de distancia. Este sistema busca reducir el tiempo de espera, haciendo que la respuesta a la emergencia sea casi inmediata, con la posibilidad de prestar compresiones tor\u00e1cicas de calidad en los primeros minutos.<\/p>\n\n\n\n<p>El doctor Azeli ha destacado que, para mejorar esta respuesta, en la fase inicial del estudio, solo sanitarios, cuerpos de seguridad y bomberos formar\u00e1n parte de esta red de voluntarios. No obstante, el sistema se ampliar\u00e1 en una segunda fase para incluir a la ciudadan\u00eda que haya recibido formaci\u00f3n en soporte vital b\u00e1sico.<\/p>\n\n\n\n<p>Esta aplicaci\u00f3n tiene un gran potencial para salvar vidas, ya que mejorar\u00e1 la respuesta ante un paro card\u00edaco y aumentar\u00e1 las posibilidades de supervivencia de las v\u00edctimas. Adem\u00e1s, el doctor ha remarcado que, con el objetivo de crear una red eficiente, se espera que en un futuro se registren unos 1.400 agentes comunitarios en Tarragona, siguiendo modelos de \u00e9xito de otros pa\u00edses europeos como Dinamarca o Suecia.<\/p>\n","protected":false},"excerpt":{"rendered":"<p>En la secci\u00f3n del COMT en &#8216;Carrer Major&#8217; hemos hablado con el doctor Youcef Azeli sobre &#8216;ACR Respon&#8217;, una aplicaci\u00f3n pionera en Espa\u00f1a que permite activar a voluntarios formados en reanimaci\u00f3n cardiopulmonar para ayudar a las v\u00edctimas de paros card\u00edacos antes de que llegue la ambulancia. El sistema de emergencias m\u00e9dicas ha impulsado esta aplicaci\u00f3n [&hellip;]<\/p>\n","protected":false},"author":1,"featured_media":368040,"comment_status":"closed","ping_status":"closed","sticky":false,"template":"","format":"video","meta":{"footnotes":""},"categories":[13680],"tags":[13693,13694,13695,13696],"class_list":["post-368042","post","type-post","status-publish","format-video","has-post-thumbnail","hentry","category-carrer-major-tarragona-secciones","tag-acr-responde","tag-comt-2","tag-metges-es","tag-sem-2","post_format-post-format-video"],"yoast_head":"<!-- This site is optimized with the Yoast SEO Premium plugin v27.4 (Yoast SEO v27.5) - https:\/\/yoast.com\/product\/yoast-seo-premium-wordpress\/ -->\n<title>Carrer Major | La aplicaci\u00f3n &#039;ACR Respon&#039;, con el Dr. Youcef Azeli - R\u00e0dio Ciutat de Tarragona<\/title>\n<meta name=\"robots\" content=\"index, follow, max-snippet:-1, max-image-preview:large, max-video-preview:-1\" \/>\n<link rel=\"canonical\" href=\"https:\/\/radiociutat.com\/es\/carrer-major-tarragona-secciones\/carrer-major-la-aplicacion-acr-respon-con-el-dr-youcef-azeli\/\" \/>\n<meta property=\"og:locale\" content=\"es_ES\" \/>\n<meta property=\"og:type\" content=\"article\" \/>\n<meta property=\"og:title\" content=\"Carrer Major | La aplicaci\u00f3n &#039;ACR Respon&#039;, con el Dr. Youcef Azeli\" \/>\n<meta property=\"og:description\" content=\"En la secci\u00f3n del COMT en &#8216;Carrer Major&#8217; hemos hablado con el doctor Youcef Azeli sobre &#8216;ACR Respon&#8217;, una aplicaci\u00f3n pionera en Espa\u00f1a que permite activar a voluntarios formados en reanimaci\u00f3n cardiopulmonar para ayudar a las v\u00edctimas de paros card\u00edacos antes de que llegue la ambulancia. El sistema de emergencias m\u00e9dicas ha impulsado esta aplicaci\u00f3n [&hellip;]\" \/>\n<meta property=\"og:url\" content=\"https:\/\/radiociutat.com\/es\/carrer-major-tarragona-secciones\/carrer-major-la-aplicacion-acr-respon-con-el-dr-youcef-azeli\/\" \/>\n<meta property=\"og:site_name\" content=\"R\u00e0dio Ciutat de Tarragona\" \/>\n<meta property=\"article:publisher\" content=\"https:\/\/www.facebook.com\/rctgn\" \/>\n<meta property=\"article:published_time\" content=\"2026-03-06T09:07:27+00:00\" \/>\n<meta property=\"article:modified_time\" content=\"2026-03-15T09:45:26+00:00\" \/>\n<meta property=\"og:image\" content=\"https:\/\/files.radiociutat.com\/rctgn\/wp-content\/uploads\/2026\/03\/Dr-Youcef-Azeli-ACR-Respon-e1772787832947.png\" \/>\n\t<meta property=\"og:image:width\" content=\"1429\" \/>\n\t<meta property=\"og:image:height\" content=\"803\" \/>\n\t<meta property=\"og:image:type\" content=\"image\/png\" \/>\n<meta name=\"author\" content=\"Redacci\u00f3\" \/>\n<meta name=\"twitter:card\" content=\"summary_large_image\" \/>\n<meta name=\"twitter:creator\" content=\"@RCTgn\" \/>\n<meta name=\"twitter:site\" content=\"@RCTgn\" \/>\n<meta name=\"twitter:label1\" content=\"Escrito por\" \/>\n\t<meta name=\"twitter:data1\" content=\"Redacci\u00f3\" \/>\n\t<meta name=\"twitter:label2\" content=\"Tiempo de lectura\" \/>\n\t<meta name=\"twitter:data2\" content=\"1 minuto\" \/>\n<script type=\"application\/ld+json\" class=\"yoast-schema-graph\">{\"@context\":\"https:\\\/\\\/schema.org\",\"@graph\":[{\"@type\":\"Article\",\"@id\":\"https:\\\/\\\/radiociutat.com\\\/es\\\/carrer-major-tarragona-secciones\\\/carrer-major-la-aplicacion-acr-respon-con-el-dr-youcef-azeli\\\/#article\",\"isPartOf\":{\"@id\":\"https:\\\/\\\/radiociutat.com\\\/es\\\/carrer-major-tarragona-secciones\\\/carrer-major-la-aplicacion-acr-respon-con-el-dr-youcef-azeli\\\/\"},\"author\":{\"name\":\"Redacci\u00f3\",\"@id\":\"https:\\\/\\\/radiociutat.com\\\/es\\\/#\\\/schema\\\/person\\\/04b6638f9d2a9ea77408db76c5d8f0b5\"},\"headline\":\"Carrer Major | La aplicaci\u00f3n &#8216;ACR Respon&#8217;, con el Dr. Youcef Azeli\",\"datePublished\":\"2026-03-06T09:07:27+00:00\",\"dateModified\":\"2026-03-15T09:45:26+00:00\",\"mainEntityOfPage\":{\"@id\":\"https:\\\/\\\/radiociutat.com\\\/es\\\/carrer-major-tarragona-secciones\\\/carrer-major-la-aplicacion-acr-respon-con-el-dr-youcef-azeli\\\/\"},\"wordCount\":283,\"image\":{\"@id\":\"https:\\\/\\\/radiociutat.com\\\/es\\\/carrer-major-tarragona-secciones\\\/carrer-major-la-aplicacion-acr-respon-con-el-dr-youcef-azeli\\\/#primaryimage\"},\"thumbnailUrl\":\"https:\\\/\\\/files.radiociutat.com\\\/rctgn\\\/wp-content\\\/uploads\\\/2026\\\/03\\\/Dr-Youcef-Azeli-ACR-Respon-e1772787832947.png\",\"keywords\":[\"ACR Responde\",\"COMT\",\"Metges\",\"SEM\"],\"articleSection\":[\"Carrer Major Tarragona | Secciones\"],\"inLanguage\":\"es\"},{\"@type\":\"WebPage\",\"@id\":\"https:\\\/\\\/radiociutat.com\\\/es\\\/carrer-major-tarragona-secciones\\\/carrer-major-la-aplicacion-acr-respon-con-el-dr-youcef-azeli\\\/\",\"url\":\"https:\\\/\\\/radiociutat.com\\\/es\\\/carrer-major-tarragona-secciones\\\/carrer-major-la-aplicacion-acr-respon-con-el-dr-youcef-azeli\\\/\",\"name\":\"Carrer Major | La aplicaci\u00f3n 'ACR Respon', con el Dr. Youcef Azeli - R\u00e0dio Ciutat de Tarragona\",\"isPartOf\":{\"@id\":\"https:\\\/\\\/radiociutat.com\\\/es\\\/#website\"},\"primaryImageOfPage\":{\"@id\":\"https:\\\/\\\/radiociutat.com\\\/es\\\/carrer-major-tarragona-secciones\\\/carrer-major-la-aplicacion-acr-respon-con-el-dr-youcef-azeli\\\/#primaryimage\"},\"image\":{\"@id\":\"https:\\\/\\\/radiociutat.com\\\/es\\\/carrer-major-tarragona-secciones\\\/carrer-major-la-aplicacion-acr-respon-con-el-dr-youcef-azeli\\\/#primaryimage\"},\"thumbnailUrl\":\"https:\\\/\\\/files.radiociutat.com\\\/rctgn\\\/wp-content\\\/uploads\\\/2026\\\/03\\\/Dr-Youcef-Azeli-ACR-Respon-e1772787832947.png\",\"datePublished\":\"2026-03-06T09:07:27+00:00\",\"dateModified\":\"2026-03-15T09:45:26+00:00\",\"author\":{\"@id\":\"https:\\\/\\\/radiociutat.com\\\/es\\\/#\\\/schema\\\/person\\\/04b6638f9d2a9ea77408db76c5d8f0b5\"},\"breadcrumb\":{\"@id\":\"https:\\\/\\\/radiociutat.com\\\/es\\\/carrer-major-tarragona-secciones\\\/carrer-major-la-aplicacion-acr-respon-con-el-dr-youcef-azeli\\\/#breadcrumb\"},\"inLanguage\":\"es\",\"potentialAction\":[{\"@type\":\"ReadAction\",\"target\":[\"https:\\\/\\\/radiociutat.com\\\/es\\\/carrer-major-tarragona-secciones\\\/carrer-major-la-aplicacion-acr-respon-con-el-dr-youcef-azeli\\\/\"]}]},{\"@type\":\"ImageObject\",\"inLanguage\":\"es\",\"@id\":\"https:\\\/\\\/radiociutat.com\\\/es\\\/carrer-major-tarragona-secciones\\\/carrer-major-la-aplicacion-acr-respon-con-el-dr-youcef-azeli\\\/#primaryimage\",\"url\":\"https:\\\/\\\/files.radiociutat.com\\\/rctgn\\\/wp-content\\\/uploads\\\/2026\\\/03\\\/Dr-Youcef-Azeli-ACR-Respon-e1772787832947.png\",\"contentUrl\":\"https:\\\/\\\/files.radiociutat.com\\\/rctgn\\\/wp-content\\\/uploads\\\/2026\\\/03\\\/Dr-Youcef-Azeli-ACR-Respon-e1772787832947.png\",\"width\":1429,\"height\":803},{\"@type\":\"BreadcrumbList\",\"@id\":\"https:\\\/\\\/radiociutat.com\\\/es\\\/carrer-major-tarragona-secciones\\\/carrer-major-la-aplicacion-acr-respon-con-el-dr-youcef-azeli\\\/#breadcrumb\",\"itemListElement\":[{\"@type\":\"ListItem\",\"position\":1,\"name\":\"Inici\",\"item\":\"https:\\\/\\\/radiociutat.com\\\/es\\\/\"},{\"@type\":\"ListItem\",\"position\":2,\"name\":\"Carrer Major | La aplicaci\u00f3n &#8216;ACR Respon&#8217;, con el Dr. Youcef Azeli\"}]},{\"@type\":\"WebSite\",\"@id\":\"https:\\\/\\\/radiociutat.com\\\/es\\\/#website\",\"url\":\"https:\\\/\\\/radiociutat.com\\\/es\\\/\",\"name\":\"R\u00e0dio Ciutat de Tarragona\",\"description\":\"R\u00e0dio Ciutat de Tarragona - RCTgn.cat R\u00e0dio Online\",\"potentialAction\":[{\"@type\":\"SearchAction\",\"target\":{\"@type\":\"EntryPoint\",\"urlTemplate\":\"https:\\\/\\\/radiociutat.com\\\/es\\\/?s={search_term_string}\"},\"query-input\":{\"@type\":\"PropertyValueSpecification\",\"valueRequired\":true,\"valueName\":\"search_term_string\"}}],\"inLanguage\":\"es\"},{\"@type\":\"Person\",\"@id\":\"https:\\\/\\\/radiociutat.com\\\/es\\\/#\\\/schema\\\/person\\\/04b6638f9d2a9ea77408db76c5d8f0b5\",\"name\":\"Redacci\u00f3\",\"sameAs\":[\"https:\\\/\\\/radiociutat.com\\\/wp-content\\\/uploads\\\/2023\\\/09\\\/LOGO-RCTGN-CUADRAT.png\"],\"url\":\"https:\\\/\\\/radiociutat.com\\\/es\\\/author\\\/jespinosa\\\/\"}]}<\/script>\n<!-- \/ Yoast SEO Premium plugin. -->","yoast_head_json":{"title":"Carrer Major | La aplicaci\u00f3n 'ACR Respon', con el Dr. Youcef Azeli - R\u00e0dio Ciutat de Tarragona","robots":{"index":"index","follow":"follow","max-snippet":"max-snippet:-1","max-image-preview":"max-image-preview:large","max-video-preview":"max-video-preview:-1"},"canonical":"https:\/\/radiociutat.com\/es\/carrer-major-tarragona-secciones\/carrer-major-la-aplicacion-acr-respon-con-el-dr-youcef-azeli\/","og_locale":"es_ES","og_type":"article","og_title":"Carrer Major | La aplicaci\u00f3n 'ACR Respon', con el Dr. Youcef Azeli","og_description":"En la secci\u00f3n del COMT en &#8216;Carrer Major&#8217; hemos hablado con el doctor Youcef Azeli sobre &#8216;ACR Respon&#8217;, una aplicaci\u00f3n pionera en Espa\u00f1a que permite activar a voluntarios formados en reanimaci\u00f3n cardiopulmonar para ayudar a las v\u00edctimas de paros card\u00edacos antes de que llegue la ambulancia. El sistema de emergencias m\u00e9dicas ha impulsado esta aplicaci\u00f3n [&hellip;]","og_url":"https:\/\/radiociutat.com\/es\/carrer-major-tarragona-secciones\/carrer-major-la-aplicacion-acr-respon-con-el-dr-youcef-azeli\/","og_site_name":"R\u00e0dio Ciutat de Tarragona","article_publisher":"https:\/\/www.facebook.com\/rctgn","article_published_time":"2026-03-06T09:07:27+00:00","article_modified_time":"2026-03-15T09:45:26+00:00","og_image":[{"width":1429,"height":803,"url":"https:\/\/files.radiociutat.com\/rctgn\/wp-content\/uploads\/2026\/03\/Dr-Youcef-Azeli-ACR-Respon-e1772787832947.png","type":"image\/png"}],"author":"Redacci\u00f3","twitter_card":"summary_large_image","twitter_creator":"@RCTgn","twitter_site":"@RCTgn","twitter_misc":{"Escrito por":"Redacci\u00f3","Tiempo de lectura":"1 minuto"},"schema":{"@context":"https:\/\/schema.org","@graph":[{"@type":"Article","@id":"https:\/\/radiociutat.com\/es\/carrer-major-tarragona-secciones\/carrer-major-la-aplicacion-acr-respon-con-el-dr-youcef-azeli\/#article","isPartOf":{"@id":"https:\/\/radiociutat.com\/es\/carrer-major-tarragona-secciones\/carrer-major-la-aplicacion-acr-respon-con-el-dr-youcef-azeli\/"},"author":{"name":"Redacci\u00f3","@id":"https:\/\/radiociutat.com\/es\/#\/schema\/person\/04b6638f9d2a9ea77408db76c5d8f0b5"},"headline":"Carrer Major | La aplicaci\u00f3n &#8216;ACR Respon&#8217;, con el Dr. Youcef Azeli","datePublished":"2026-03-06T09:07:27+00:00","dateModified":"2026-03-15T09:45:26+00:00","mainEntityOfPage":{"@id":"https:\/\/radiociutat.com\/es\/carrer-major-tarragona-secciones\/carrer-major-la-aplicacion-acr-respon-con-el-dr-youcef-azeli\/"},"wordCount":283,"image":{"@id":"https:\/\/radiociutat.com\/es\/carrer-major-tarragona-secciones\/carrer-major-la-aplicacion-acr-respon-con-el-dr-youcef-azeli\/#primaryimage"},"thumbnailUrl":"https:\/\/files.radiociutat.com\/rctgn\/wp-content\/uploads\/2026\/03\/Dr-Youcef-Azeli-ACR-Respon-e1772787832947.png","keywords":["ACR Responde","COMT","Metges","SEM"],"articleSection":["Carrer Major Tarragona | Secciones"],"inLanguage":"es"},{"@type":"WebPage","@id":"https:\/\/radiociutat.com\/es\/carrer-major-tarragona-secciones\/carrer-major-la-aplicacion-acr-respon-con-el-dr-youcef-azeli\/","url":"https:\/\/radiociutat.com\/es\/carrer-major-tarragona-secciones\/carrer-major-la-aplicacion-acr-respon-con-el-dr-youcef-azeli\/","name":"Carrer Major | La aplicaci\u00f3n 'ACR Respon', con el Dr. Youcef Azeli - R\u00e0dio Ciutat de Tarragona","isPartOf":{"@id":"https:\/\/radiociutat.com\/es\/#website"},"primaryImageOfPage":{"@id":"https:\/\/radiociutat.com\/es\/carrer-major-tarragona-secciones\/carrer-major-la-aplicacion-acr-respon-con-el-dr-youcef-azeli\/#primaryimage"},"image":{"@id":"https:\/\/radiociutat.com\/es\/carrer-major-tarragona-secciones\/carrer-major-la-aplicacion-acr-respon-con-el-dr-youcef-azeli\/#primaryimage"},"thumbnailUrl":"https:\/\/files.radiociutat.com\/rctgn\/wp-content\/uploads\/2026\/03\/Dr-Youcef-Azeli-ACR-Respon-e1772787832947.png","datePublished":"2026-03-06T09:07:27+00:00","dateModified":"2026-03-15T09:45:26+00:00","author":{"@id":"https:\/\/radiociutat.com\/es\/#\/schema\/person\/04b6638f9d2a9ea77408db76c5d8f0b5"},"breadcrumb":{"@id":"https:\/\/radiociutat.com\/es\/carrer-major-tarragona-secciones\/carrer-major-la-aplicacion-acr-respon-con-el-dr-youcef-azeli\/#breadcrumb"},"inLanguage":"es","potentialAction":[{"@type":"ReadAction","target":["https:\/\/radiociutat.com\/es\/carrer-major-tarragona-secciones\/carrer-major-la-aplicacion-acr-respon-con-el-dr-youcef-azeli\/"]}]},{"@type":"ImageObject","inLanguage":"es","@id":"https:\/\/radiociutat.com\/es\/carrer-major-tarragona-secciones\/carrer-major-la-aplicacion-acr-respon-con-el-dr-youcef-azeli\/#primaryimage","url":"https:\/\/files.radiociutat.com\/rctgn\/wp-content\/uploads\/2026\/03\/Dr-Youcef-Azeli-ACR-Respon-e1772787832947.png","contentUrl":"https:\/\/files.radiociutat.com\/rctgn\/wp-content\/uploads\/2026\/03\/Dr-Youcef-Azeli-ACR-Respon-e1772787832947.png","width":1429,"height":803},{"@type":"BreadcrumbList","@id":"https:\/\/radiociutat.com\/es\/carrer-major-tarragona-secciones\/carrer-major-la-aplicacion-acr-respon-con-el-dr-youcef-azeli\/#breadcrumb","itemListElement":[{"@type":"ListItem","position":1,"name":"Inici","item":"https:\/\/radiociutat.com\/es\/"},{"@type":"ListItem","position":2,"name":"Carrer Major | La aplicaci\u00f3n &#8216;ACR Respon&#8217;, con el Dr. Youcef Azeli"}]},{"@type":"WebSite","@id":"https:\/\/radiociutat.com\/es\/#website","url":"https:\/\/radiociutat.com\/es\/","name":"R\u00e0dio Ciutat de Tarragona","description":"R\u00e0dio Ciutat de Tarragona - RCTgn.cat R\u00e0dio Online","potentialAction":[{"@type":"SearchAction","target":{"@type":"EntryPoint","urlTemplate":"https:\/\/radiociutat.com\/es\/?s={search_term_string}"},"query-input":{"@type":"PropertyValueSpecification","valueRequired":true,"valueName":"search_term_string"}}],"inLanguage":"es"},{"@type":"Person","@id":"https:\/\/radiociutat.com\/es\/#\/schema\/person\/04b6638f9d2a9ea77408db76c5d8f0b5","name":"Redacci\u00f3","sameAs":["https:\/\/radiociutat.com\/wp-content\/uploads\/2023\/09\/LOGO-RCTGN-CUADRAT.png"],"url":"https:\/\/radiociutat.com\/es\/author\/jespinosa\/"}]}},"_links":{"self":[{"href":"https:\/\/radiociutat.com\/es\/wp-json\/wp\/v2\/posts\/368042","targetHints":{"allow":["GET"]}}],"collection":[{"href":"https:\/\/radiociutat.com\/es\/wp-json\/wp\/v2\/posts"}],"about":[{"href":"https:\/\/radiociutat.com\/es\/wp-json\/wp\/v2\/types\/post"}],"author":[{"embeddable":true,"href":"https:\/\/radiociutat.com\/es\/wp-json\/wp\/v2\/users\/1"}],"replies":[{"embeddable":true,"href":"https:\/\/radiociutat.com\/es\/wp-json\/wp\/v2\/comments?post=368042"}],"version-history":[{"count":1,"href":"https:\/\/radiociutat.com\/es\/wp-json\/wp\/v2\/posts\/368042\/revisions"}],"predecessor-version":[{"id":369625,"href":"https:\/\/radiociutat.com\/es\/wp-json\/wp\/v2\/posts\/368042\/revisions\/369625"}],"wp:featuredmedia":[{"embeddable":true,"href":"https:\/\/radiociutat.com\/es\/wp-json\/wp\/v2\/media\/368040"}],"wp:attachment":[{"href":"https:\/\/radiociutat.com\/es\/wp-json\/wp\/v2\/media?parent=368042"}],"wp:term":[{"taxonomy":"category","embeddable":true,"href":"https:\/\/radiociutat.com\/es\/wp-json\/wp\/v2\/categories?post=368042"},{"taxonomy":"post_tag","embeddable":true,"href":"https:\/\/radiociutat.com\/es\/wp-json\/wp\/v2\/tags?post=368042"}],"curies":[{"name":"wp","href":"https:\/\/api.w.org\/{rel}","templated":true}]}}