{"id":367960,"date":"2026-03-05T12:44:15","date_gmt":"2026-03-05T11:44:15","guid":{"rendered":"https:\/\/radiociutat.com\/programes-podcast\/el-espacio-joven-kesse-acoge-una-veintena-de-actividades-gratuitas-por-semana-santa\/"},"modified":"2026-03-15T10:45:27","modified_gmt":"2026-03-15T09:45:27","slug":"el-espacio-joven-kesse-acoge-una-veintena-de-actividades-gratuitas-por-semana-santa","status":"publish","type":"post","link":"https:\/\/radiociutat.com\/es\/ultimas-noticias\/cronicas\/el-espacio-joven-kesse-acoge-una-veintena-de-actividades-gratuitas-por-semana-santa\/","title":{"rendered":"El Espacio Joven Kesse acoge una veintena de actividades gratuitas por Semana Santa"},"content":{"rendered":"\n<p>El Espacio Joven Kesse de Tarragona volver\u00e1 a convertirse en un punto de encuentro para los j\u00f3venes durante las vacaciones de <strong>Semana Santa<\/strong>. El Servicio Municipal de Juventud ha presentado una nueva edici\u00f3n de su programa d\u2019activitats, que este a\u00f1o ofrecer\u00e1 <strong>21 propuestas gratuitas entre el 27 de marzo y el 2 de abril<\/strong>, pensadas para fomentar la cultura, el deporte, la formaci\u00f3n y la participaci\u00f3n juvenil.<\/p>\n\n\n\n<p>Durante la presentaci\u00f3n, el concejal de Juventud, <strong>Guillermo Garcia<\/strong>, ha destacado que estos d\u00edas sin actividad lectiva son una oportunidad para<strong> generar nuevas din\u00e1micas y espacios de encuentro entre j\u00f3venes<\/strong>. \u00abEl objetivo es que puedan descubrir intereses, compartir experiencias y participar en actividades que vayan m\u00e1s all\u00e1 de las conexiones digitales habituales\u00bb. <\/p>\n\n\n\n<figure class=\"wp-block-audio\"><audio controls src=\"https:\/\/files.radiociutat.com\/rctgn\/wp-content\/uploads\/2026\/03\/Tall-Guillermo-Garcia-Casal-Jove.mp3\"><\/audio><\/figure>\n\n\n\n<p>Entre las actividades destacadas est\u00e1 la charla del meteor\u00f3logo y ge\u00f3grafo <strong>Francesc Mauri<\/strong>, que abordar\u00e1 el impacto del cambio clim\u00e1tico y posibles soluciones desde el \u00e1mbito local hasta el global. Tambi\u00e9n se ha programado una actuaci\u00f3n de la artista <strong>Joina<\/strong> y un curso de iniciaci\u00f3n al ocio educativo para j\u00f3venes de 16 y 17 a\u00f1os.<\/p>\n\n\n\n<p>Una de las citas m\u00e1s singulares ser\u00e1 el encuentro para conmemorar <strong>los 25 a\u00f1os de la m\u00fasica urbana en Tarragona<\/strong>, impulsado por el vide\u00f3grafo Arnau Pe\u00f1a. El acto reunir\u00e1 a artistas y productores locales en una mesa redonda y una sesi\u00f3n musical para poner en valor la escena urbana de la ciudad.<\/p>\n\n\n\n<p>Adem\u00e1s, el programa incluye actividades vinculadas al patrimonio, propuestas cient\u00edficas sobre el eclipse solar previsto para agosto y juegos de descubrimiento de la ciudad. En total, se ofrecen m\u00e1s de <strong>800 plazas<\/strong> dirigidas a j\u00f3venes de entre 12 y 35 a\u00f1os.<\/p>\n","protected":false},"excerpt":{"rendered":"<p>El Espacio Joven Kesse de Tarragona volver\u00e1 a convertirse en un punto de encuentro para los j\u00f3venes durante las vacaciones de Semana Santa. El Servicio Municipal de Juventud ha presentado una nueva edici\u00f3n de su programa d\u2019activitats, que este a\u00f1o ofrecer\u00e1 21 propuestas gratuitas entre el 27 de marzo y el 2 de abril, pensadas [&hellip;]<\/p>\n","protected":false},"author":84,"featured_media":367955,"comment_status":"closed","ping_status":"closed","sticky":false,"template":"","format":"standard","meta":{"footnotes":""},"categories":[13688],"tags":[13697],"class_list":["post-367960","post","type-post","status-publish","format-standard","has-post-thumbnail","hentry","category-cronicas","tag-espacio-joven-kesse"],"yoast_head":"<!-- This site is optimized with the Yoast SEO Premium plugin v27.4 (Yoast SEO v27.5) - https:\/\/yoast.com\/product\/yoast-seo-premium-wordpress\/ -->\n<title>El Espacio Joven Kesse acoge una veintena de actividades gratuitas por Semana Santa - R\u00e0dio Ciutat de Tarragona<\/title>\n<meta name=\"robots\" content=\"index, follow, max-snippet:-1, max-image-preview:large, max-video-preview:-1\" \/>\n<link rel=\"canonical\" href=\"https:\/\/radiociutat.com\/es\/ultimas-noticias\/cronicas\/el-espacio-joven-kesse-acoge-una-veintena-de-actividades-gratuitas-por-semana-santa\/\" \/>\n<meta property=\"og:locale\" content=\"es_ES\" \/>\n<meta property=\"og:type\" content=\"article\" \/>\n<meta property=\"og:title\" content=\"El Espacio Joven Kesse acoge una veintena de actividades gratuitas por Semana Santa\" \/>\n<meta property=\"og:description\" content=\"El Espacio Joven Kesse de Tarragona volver\u00e1 a convertirse en un punto de encuentro para los j\u00f3venes durante las vacaciones de Semana Santa. El Servicio Municipal de Juventud ha presentado una nueva edici\u00f3n de su programa d\u2019activitats, que este a\u00f1o ofrecer\u00e1 21 propuestas gratuitas entre el 27 de marzo y el 2 de abril, pensadas [&hellip;]\" \/>\n<meta property=\"og:url\" content=\"https:\/\/radiociutat.com\/es\/ultimas-noticias\/cronicas\/el-espacio-joven-kesse-acoge-una-veintena-de-actividades-gratuitas-por-semana-santa\/\" \/>\n<meta property=\"og:site_name\" content=\"R\u00e0dio Ciutat de Tarragona\" \/>\n<meta property=\"article:publisher\" content=\"https:\/\/www.facebook.com\/rctgn\" \/>\n<meta property=\"article:published_time\" content=\"2026-03-05T11:44:15+00:00\" \/>\n<meta property=\"article:modified_time\" content=\"2026-03-15T09:45:27+00:00\" \/>\n<meta property=\"og:image\" content=\"https:\/\/files.radiociutat.com\/rctgn\/wp-content\/uploads\/2026\/03\/Casal-Jove-Setmana-Santa.jpeg\" \/>\n\t<meta property=\"og:image:width\" content=\"1600\" \/>\n\t<meta property=\"og:image:height\" content=\"1200\" \/>\n\t<meta property=\"og:image:type\" content=\"image\/jpeg\" \/>\n<meta name=\"author\" content=\"Adri\u00e0 Duch\" \/>\n<meta name=\"twitter:card\" content=\"summary_large_image\" \/>\n<meta name=\"twitter:creator\" content=\"@RCTgn\" \/>\n<meta name=\"twitter:site\" content=\"@RCTgn\" \/>\n<meta name=\"twitter:label1\" content=\"Escrito por\" \/>\n\t<meta name=\"twitter:data1\" content=\"Adri\u00e0 Duch\" \/>\n\t<meta name=\"twitter:label2\" content=\"Tiempo de lectura\" \/>\n\t<meta name=\"twitter:data2\" content=\"1 minuto\" \/>\n<script type=\"application\/ld+json\" class=\"yoast-schema-graph\">{\"@context\":\"https:\\\/\\\/schema.org\",\"@graph\":[{\"@type\":\"Article\",\"@id\":\"https:\\\/\\\/radiociutat.com\\\/es\\\/ultimas-noticias\\\/cronicas\\\/el-espacio-joven-kesse-acoge-una-veintena-de-actividades-gratuitas-por-semana-santa\\\/#article\",\"isPartOf\":{\"@id\":\"https:\\\/\\\/radiociutat.com\\\/es\\\/ultimas-noticias\\\/cronicas\\\/el-espacio-joven-kesse-acoge-una-veintena-de-actividades-gratuitas-por-semana-santa\\\/\"},\"author\":{\"name\":\"Adri\u00e0 Duch\",\"@id\":\"https:\\\/\\\/radiociutat.com\\\/es\\\/#\\\/schema\\\/person\\\/daeecbc4942e3432e8d8b8663bf7d714\"},\"headline\":\"El Espacio Joven Kesse acoge una veintena de actividades gratuitas por Semana Santa\",\"datePublished\":\"2026-03-05T11:44:15+00:00\",\"dateModified\":\"2026-03-15T09:45:27+00:00\",\"mainEntityOfPage\":{\"@id\":\"https:\\\/\\\/radiociutat.com\\\/es\\\/ultimas-noticias\\\/cronicas\\\/el-espacio-joven-kesse-acoge-una-veintena-de-actividades-gratuitas-por-semana-santa\\\/\"},\"wordCount\":301,\"image\":{\"@id\":\"https:\\\/\\\/radiociutat.com\\\/es\\\/ultimas-noticias\\\/cronicas\\\/el-espacio-joven-kesse-acoge-una-veintena-de-actividades-gratuitas-por-semana-santa\\\/#primaryimage\"},\"thumbnailUrl\":\"https:\\\/\\\/files.radiociutat.com\\\/rctgn\\\/wp-content\\\/uploads\\\/2026\\\/03\\\/Casal-Jove-Setmana-Santa.jpeg\",\"keywords\":[\"Espacio Joven Kesse\"],\"articleSection\":[\"Cr\u00f3nicas\"],\"inLanguage\":\"es\"},{\"@type\":\"WebPage\",\"@id\":\"https:\\\/\\\/radiociutat.com\\\/es\\\/ultimas-noticias\\\/cronicas\\\/el-espacio-joven-kesse-acoge-una-veintena-de-actividades-gratuitas-por-semana-santa\\\/\",\"url\":\"https:\\\/\\\/radiociutat.com\\\/es\\\/ultimas-noticias\\\/cronicas\\\/el-espacio-joven-kesse-acoge-una-veintena-de-actividades-gratuitas-por-semana-santa\\\/\",\"name\":\"El Espacio Joven Kesse acoge una veintena de actividades gratuitas por Semana Santa - R\u00e0dio Ciutat de Tarragona\",\"isPartOf\":{\"@id\":\"https:\\\/\\\/radiociutat.com\\\/es\\\/#website\"},\"primaryImageOfPage\":{\"@id\":\"https:\\\/\\\/radiociutat.com\\\/es\\\/ultimas-noticias\\\/cronicas\\\/el-espacio-joven-kesse-acoge-una-veintena-de-actividades-gratuitas-por-semana-santa\\\/#primaryimage\"},\"image\":{\"@id\":\"https:\\\/\\\/radiociutat.com\\\/es\\\/ultimas-noticias\\\/cronicas\\\/el-espacio-joven-kesse-acoge-una-veintena-de-actividades-gratuitas-por-semana-santa\\\/#primaryimage\"},\"thumbnailUrl\":\"https:\\\/\\\/files.radiociutat.com\\\/rctgn\\\/wp-content\\\/uploads\\\/2026\\\/03\\\/Casal-Jove-Setmana-Santa.jpeg\",\"datePublished\":\"2026-03-05T11:44:15+00:00\",\"dateModified\":\"2026-03-15T09:45:27+00:00\",\"author\":{\"@id\":\"https:\\\/\\\/radiociutat.com\\\/es\\\/#\\\/schema\\\/person\\\/daeecbc4942e3432e8d8b8663bf7d714\"},\"breadcrumb\":{\"@id\":\"https:\\\/\\\/radiociutat.com\\\/es\\\/ultimas-noticias\\\/cronicas\\\/el-espacio-joven-kesse-acoge-una-veintena-de-actividades-gratuitas-por-semana-santa\\\/#breadcrumb\"},\"inLanguage\":\"es\",\"potentialAction\":[{\"@type\":\"ReadAction\",\"target\":[\"https:\\\/\\\/radiociutat.com\\\/es\\\/ultimas-noticias\\\/cronicas\\\/el-espacio-joven-kesse-acoge-una-veintena-de-actividades-gratuitas-por-semana-santa\\\/\"]}]},{\"@type\":\"ImageObject\",\"inLanguage\":\"es\",\"@id\":\"https:\\\/\\\/radiociutat.com\\\/es\\\/ultimas-noticias\\\/cronicas\\\/el-espacio-joven-kesse-acoge-una-veintena-de-actividades-gratuitas-por-semana-santa\\\/#primaryimage\",\"url\":\"https:\\\/\\\/files.radiociutat.com\\\/rctgn\\\/wp-content\\\/uploads\\\/2026\\\/03\\\/Casal-Jove-Setmana-Santa.jpeg\",\"contentUrl\":\"https:\\\/\\\/files.radiociutat.com\\\/rctgn\\\/wp-content\\\/uploads\\\/2026\\\/03\\\/Casal-Jove-Setmana-Santa.jpeg\",\"width\":1600,\"height\":1200},{\"@type\":\"BreadcrumbList\",\"@id\":\"https:\\\/\\\/radiociutat.com\\\/es\\\/ultimas-noticias\\\/cronicas\\\/el-espacio-joven-kesse-acoge-una-veintena-de-actividades-gratuitas-por-semana-santa\\\/#breadcrumb\",\"itemListElement\":[{\"@type\":\"ListItem\",\"position\":1,\"name\":\"Inici\",\"item\":\"https:\\\/\\\/radiociutat.com\\\/es\\\/\"},{\"@type\":\"ListItem\",\"position\":2,\"name\":\"El Espacio Joven Kesse acoge una veintena de actividades gratuitas por Semana Santa\"}]},{\"@type\":\"WebSite\",\"@id\":\"https:\\\/\\\/radiociutat.com\\\/es\\\/#website\",\"url\":\"https:\\\/\\\/radiociutat.com\\\/es\\\/\",\"name\":\"R\u00e0dio Ciutat de Tarragona\",\"description\":\"R\u00e0dio Ciutat de Tarragona - RCTgn.cat R\u00e0dio Online\",\"potentialAction\":[{\"@type\":\"SearchAction\",\"target\":{\"@type\":\"EntryPoint\",\"urlTemplate\":\"https:\\\/\\\/radiociutat.com\\\/es\\\/?s={search_term_string}\"},\"query-input\":{\"@type\":\"PropertyValueSpecification\",\"valueRequired\":true,\"valueName\":\"search_term_string\"}}],\"inLanguage\":\"es\"},{\"@type\":\"Person\",\"@id\":\"https:\\\/\\\/radiociutat.com\\\/es\\\/#\\\/schema\\\/person\\\/daeecbc4942e3432e8d8b8663bf7d714\",\"name\":\"Adri\u00e0 Duch\",\"sameAs\":[\"https:\\\/\\\/radiociutat.com\\\/wp-content\\\/uploads\\\/2024\\\/02\\\/ADRIA-DUCH.png\"],\"url\":\"https:\\\/\\\/radiociutat.com\\\/es\\\/author\\\/adria-duch\\\/\"}]}<\/script>\n<!-- \/ Yoast SEO Premium plugin. -->","yoast_head_json":{"title":"El Espacio Joven Kesse acoge una veintena de actividades gratuitas por Semana Santa - R\u00e0dio Ciutat de Tarragona","robots":{"index":"index","follow":"follow","max-snippet":"max-snippet:-1","max-image-preview":"max-image-preview:large","max-video-preview":"max-video-preview:-1"},"canonical":"https:\/\/radiociutat.com\/es\/ultimas-noticias\/cronicas\/el-espacio-joven-kesse-acoge-una-veintena-de-actividades-gratuitas-por-semana-santa\/","og_locale":"es_ES","og_type":"article","og_title":"El Espacio Joven Kesse acoge una veintena de actividades gratuitas por Semana Santa","og_description":"El Espacio Joven Kesse de Tarragona volver\u00e1 a convertirse en un punto de encuentro para los j\u00f3venes durante las vacaciones de Semana Santa. El Servicio Municipal de Juventud ha presentado una nueva edici\u00f3n de su programa d\u2019activitats, que este a\u00f1o ofrecer\u00e1 21 propuestas gratuitas entre el 27 de marzo y el 2 de abril, pensadas [&hellip;]","og_url":"https:\/\/radiociutat.com\/es\/ultimas-noticias\/cronicas\/el-espacio-joven-kesse-acoge-una-veintena-de-actividades-gratuitas-por-semana-santa\/","og_site_name":"R\u00e0dio Ciutat de Tarragona","article_publisher":"https:\/\/www.facebook.com\/rctgn","article_published_time":"2026-03-05T11:44:15+00:00","article_modified_time":"2026-03-15T09:45:27+00:00","og_image":[{"width":1600,"height":1200,"url":"https:\/\/files.radiociutat.com\/rctgn\/wp-content\/uploads\/2026\/03\/Casal-Jove-Setmana-Santa.jpeg","type":"image\/jpeg"}],"author":"Adri\u00e0 Duch","twitter_card":"summary_large_image","twitter_creator":"@RCTgn","twitter_site":"@RCTgn","twitter_misc":{"Escrito por":"Adri\u00e0 Duch","Tiempo de lectura":"1 minuto"},"schema":{"@context":"https:\/\/schema.org","@graph":[{"@type":"Article","@id":"https:\/\/radiociutat.com\/es\/ultimas-noticias\/cronicas\/el-espacio-joven-kesse-acoge-una-veintena-de-actividades-gratuitas-por-semana-santa\/#article","isPartOf":{"@id":"https:\/\/radiociutat.com\/es\/ultimas-noticias\/cronicas\/el-espacio-joven-kesse-acoge-una-veintena-de-actividades-gratuitas-por-semana-santa\/"},"author":{"name":"Adri\u00e0 Duch","@id":"https:\/\/radiociutat.com\/es\/#\/schema\/person\/daeecbc4942e3432e8d8b8663bf7d714"},"headline":"El Espacio Joven Kesse acoge una veintena de actividades gratuitas por Semana Santa","datePublished":"2026-03-05T11:44:15+00:00","dateModified":"2026-03-15T09:45:27+00:00","mainEntityOfPage":{"@id":"https:\/\/radiociutat.com\/es\/ultimas-noticias\/cronicas\/el-espacio-joven-kesse-acoge-una-veintena-de-actividades-gratuitas-por-semana-santa\/"},"wordCount":301,"image":{"@id":"https:\/\/radiociutat.com\/es\/ultimas-noticias\/cronicas\/el-espacio-joven-kesse-acoge-una-veintena-de-actividades-gratuitas-por-semana-santa\/#primaryimage"},"thumbnailUrl":"https:\/\/files.radiociutat.com\/rctgn\/wp-content\/uploads\/2026\/03\/Casal-Jove-Setmana-Santa.jpeg","keywords":["Espacio Joven Kesse"],"articleSection":["Cr\u00f3nicas"],"inLanguage":"es"},{"@type":"WebPage","@id":"https:\/\/radiociutat.com\/es\/ultimas-noticias\/cronicas\/el-espacio-joven-kesse-acoge-una-veintena-de-actividades-gratuitas-por-semana-santa\/","url":"https:\/\/radiociutat.com\/es\/ultimas-noticias\/cronicas\/el-espacio-joven-kesse-acoge-una-veintena-de-actividades-gratuitas-por-semana-santa\/","name":"El Espacio Joven Kesse acoge una veintena de actividades gratuitas por Semana Santa - R\u00e0dio Ciutat de Tarragona","isPartOf":{"@id":"https:\/\/radiociutat.com\/es\/#website"},"primaryImageOfPage":{"@id":"https:\/\/radiociutat.com\/es\/ultimas-noticias\/cronicas\/el-espacio-joven-kesse-acoge-una-veintena-de-actividades-gratuitas-por-semana-santa\/#primaryimage"},"image":{"@id":"https:\/\/radiociutat.com\/es\/ultimas-noticias\/cronicas\/el-espacio-joven-kesse-acoge-una-veintena-de-actividades-gratuitas-por-semana-santa\/#primaryimage"},"thumbnailUrl":"https:\/\/files.radiociutat.com\/rctgn\/wp-content\/uploads\/2026\/03\/Casal-Jove-Setmana-Santa.jpeg","datePublished":"2026-03-05T11:44:15+00:00","dateModified":"2026-03-15T09:45:27+00:00","author":{"@id":"https:\/\/radiociutat.com\/es\/#\/schema\/person\/daeecbc4942e3432e8d8b8663bf7d714"},"breadcrumb":{"@id":"https:\/\/radiociutat.com\/es\/ultimas-noticias\/cronicas\/el-espacio-joven-kesse-acoge-una-veintena-de-actividades-gratuitas-por-semana-santa\/#breadcrumb"},"inLanguage":"es","potentialAction":[{"@type":"ReadAction","target":["https:\/\/radiociutat.com\/es\/ultimas-noticias\/cronicas\/el-espacio-joven-kesse-acoge-una-veintena-de-actividades-gratuitas-por-semana-santa\/"]}]},{"@type":"ImageObject","inLanguage":"es","@id":"https:\/\/radiociutat.com\/es\/ultimas-noticias\/cronicas\/el-espacio-joven-kesse-acoge-una-veintena-de-actividades-gratuitas-por-semana-santa\/#primaryimage","url":"https:\/\/files.radiociutat.com\/rctgn\/wp-content\/uploads\/2026\/03\/Casal-Jove-Setmana-Santa.jpeg","contentUrl":"https:\/\/files.radiociutat.com\/rctgn\/wp-content\/uploads\/2026\/03\/Casal-Jove-Setmana-Santa.jpeg","width":1600,"height":1200},{"@type":"BreadcrumbList","@id":"https:\/\/radiociutat.com\/es\/ultimas-noticias\/cronicas\/el-espacio-joven-kesse-acoge-una-veintena-de-actividades-gratuitas-por-semana-santa\/#breadcrumb","itemListElement":[{"@type":"ListItem","position":1,"name":"Inici","item":"https:\/\/radiociutat.com\/es\/"},{"@type":"ListItem","position":2,"name":"El Espacio Joven Kesse acoge una veintena de actividades gratuitas por Semana Santa"}]},{"@type":"WebSite","@id":"https:\/\/radiociutat.com\/es\/#website","url":"https:\/\/radiociutat.com\/es\/","name":"R\u00e0dio Ciutat de Tarragona","description":"R\u00e0dio Ciutat de Tarragona - RCTgn.cat R\u00e0dio Online","potentialAction":[{"@type":"SearchAction","target":{"@type":"EntryPoint","urlTemplate":"https:\/\/radiociutat.com\/es\/?s={search_term_string}"},"query-input":{"@type":"PropertyValueSpecification","valueRequired":true,"valueName":"search_term_string"}}],"inLanguage":"es"},{"@type":"Person","@id":"https:\/\/radiociutat.com\/es\/#\/schema\/person\/daeecbc4942e3432e8d8b8663bf7d714","name":"Adri\u00e0 Duch","sameAs":["https:\/\/radiociutat.com\/wp-content\/uploads\/2024\/02\/ADRIA-DUCH.png"],"url":"https:\/\/radiociutat.com\/es\/author\/adria-duch\/"}]}},"_links":{"self":[{"href":"https:\/\/radiociutat.com\/es\/wp-json\/wp\/v2\/posts\/367960","targetHints":{"allow":["GET"]}}],"collection":[{"href":"https:\/\/radiociutat.com\/es\/wp-json\/wp\/v2\/posts"}],"about":[{"href":"https:\/\/radiociutat.com\/es\/wp-json\/wp\/v2\/types\/post"}],"author":[{"embeddable":true,"href":"https:\/\/radiociutat.com\/es\/wp-json\/wp\/v2\/users\/84"}],"replies":[{"embeddable":true,"href":"https:\/\/radiociutat.com\/es\/wp-json\/wp\/v2\/comments?post=367960"}],"version-history":[{"count":1,"href":"https:\/\/radiociutat.com\/es\/wp-json\/wp\/v2\/posts\/367960\/revisions"}],"predecessor-version":[{"id":369626,"href":"https:\/\/radiociutat.com\/es\/wp-json\/wp\/v2\/posts\/367960\/revisions\/369626"}],"wp:featuredmedia":[{"embeddable":true,"href":"https:\/\/radiociutat.com\/es\/wp-json\/wp\/v2\/media\/367955"}],"wp:attachment":[{"href":"https:\/\/radiociutat.com\/es\/wp-json\/wp\/v2\/media?parent=367960"}],"wp:term":[{"taxonomy":"category","embeddable":true,"href":"https:\/\/radiociutat.com\/es\/wp-json\/wp\/v2\/categories?post=367960"},{"taxonomy":"post_tag","embeddable":true,"href":"https:\/\/radiociutat.com\/es\/wp-json\/wp\/v2\/tags?post=367960"}],"curies":[{"name":"wp","href":"https:\/\/api.w.org\/{rel}","templated":true}]}}