{"id":367933,"date":"2026-03-05T12:17:20","date_gmt":"2026-03-05T11:17:20","guid":{"rendered":"https:\/\/radiociutat.com\/programes-podcast\/el-hospital-joan-xxiii-impulsa-la-logopedia-en-la-recuperacion-de-pacientes-con-ictus\/"},"modified":"2026-03-15T10:45:29","modified_gmt":"2026-03-15T09:45:29","slug":"el-hospital-joan-xxiii-impulsa-la-logopedia-en-la-recuperacion-de-pacientes-con-ictus","status":"publish","type":"post","link":"https:\/\/radiociutat.com\/es\/ultimas-noticias\/cronicas\/el-hospital-joan-xxiii-impulsa-la-logopedia-en-la-recuperacion-de-pacientes-con-ictus\/","title":{"rendered":"El Hospital Joan XXIII impulsa la logopedia en la recuperaci\u00f3n de pacientes con ictus"},"content":{"rendered":"\n<p>El Hospital Universitario Joan XXIII de Tarragona est\u00e1 impulsando el trabajo logop\u00e9dico en la recuperaci\u00f3n de pacientes con ictus y otras patolog\u00edas complejas. Durante el 2025, se valoraron m\u00e1s de 3.300 pacientes ingresados y se atendi\u00f3 a 54 personas en terapias ambulatorias. <\/p>\n\n\n\n<p>La logopedia es esencial para tratar alteraciones de la comunicaci\u00f3n, el habla, la voz y la degluci\u00f3n, especialmente en fases agudas como ictus o cirug\u00edas oncol\u00f3gicas. El servicio, dirigido por las logopedas Irene Jodar y Rosa Esp\u00edn, incluye terapias individuales y grupales, destacando la rehabilitaci\u00f3n del lenguaje y la comunicaci\u00f3n en situaciones reales. <\/p>\n\n\n\n<p>Este enfoque favorece la motivaci\u00f3n y el apoyo mutuo entre los pacientes, mejorando su calidad de vida y acelerando la recuperaci\u00f3n. El Hospital Joan XXIII trabaja de manera coordinada con otros servicios para garantizar una atenci\u00f3n integral, segura y adaptada a las necesidades de cada paciente.<\/p>\n","protected":false},"excerpt":{"rendered":"<p>El Hospital Universitario Joan XXIII de Tarragona est\u00e1 impulsando el trabajo logop\u00e9dico en la recuperaci\u00f3n de pacientes con ictus y otras patolog\u00edas complejas. Durante el 2025, se valoraron m\u00e1s de 3.300 pacientes ingresados y se atendi\u00f3 a 54 personas en terapias ambulatorias. La logopedia es esencial para tratar alteraciones de la comunicaci\u00f3n, el habla, la [&hellip;]<\/p>\n","protected":false},"author":1,"featured_media":367931,"comment_status":"closed","ping_status":"closed","sticky":false,"template":"","format":"standard","meta":{"footnotes":""},"categories":[13688],"tags":[],"class_list":["post-367933","post","type-post","status-publish","format-standard","has-post-thumbnail","hentry","category-cronicas"],"yoast_head":"<!-- This site is optimized with the Yoast SEO Premium plugin v27.4 (Yoast SEO v27.5) - https:\/\/yoast.com\/product\/yoast-seo-premium-wordpress\/ -->\n<title>El Hospital Joan XXIII impulsa la logopedia en la recuperaci\u00f3n de pacientes con ictus - R\u00e0dio Ciutat de Tarragona<\/title>\n<meta name=\"robots\" content=\"index, follow, max-snippet:-1, max-image-preview:large, max-video-preview:-1\" \/>\n<link rel=\"canonical\" href=\"https:\/\/radiociutat.com\/es\/ultimas-noticias\/cronicas\/el-hospital-joan-xxiii-impulsa-la-logopedia-en-la-recuperacion-de-pacientes-con-ictus\/\" \/>\n<meta property=\"og:locale\" content=\"es_ES\" \/>\n<meta property=\"og:type\" content=\"article\" \/>\n<meta property=\"og:title\" content=\"El Hospital Joan XXIII impulsa la logopedia en la recuperaci\u00f3n de pacientes con ictus\" \/>\n<meta property=\"og:description\" content=\"El Hospital Universitario Joan XXIII de Tarragona est\u00e1 impulsando el trabajo logop\u00e9dico en la recuperaci\u00f3n de pacientes con ictus y otras patolog\u00edas complejas. Durante el 2025, se valoraron m\u00e1s de 3.300 pacientes ingresados y se atendi\u00f3 a 54 personas en terapias ambulatorias. La logopedia es esencial para tratar alteraciones de la comunicaci\u00f3n, el habla, la [&hellip;]\" \/>\n<meta property=\"og:url\" content=\"https:\/\/radiociutat.com\/es\/ultimas-noticias\/cronicas\/el-hospital-joan-xxiii-impulsa-la-logopedia-en-la-recuperacion-de-pacientes-con-ictus\/\" \/>\n<meta property=\"og:site_name\" content=\"R\u00e0dio Ciutat de Tarragona\" \/>\n<meta property=\"article:publisher\" content=\"https:\/\/www.facebook.com\/rctgn\" \/>\n<meta property=\"article:published_time\" content=\"2026-03-05T11:17:20+00:00\" \/>\n<meta property=\"article:modified_time\" content=\"2026-03-15T09:45:29+00:00\" \/>\n<meta property=\"og:image\" content=\"https:\/\/files.radiociutat.com\/rctgn\/wp-content\/uploads\/2026\/03\/Logopedia-ictus-hospital-joan-xxiii-scaled-e1772709223476.jpg\" \/>\n\t<meta property=\"og:image:width\" content=\"2560\" \/>\n\t<meta property=\"og:image:height\" content=\"1705\" \/>\n\t<meta property=\"og:image:type\" content=\"image\/jpeg\" \/>\n<meta name=\"author\" content=\"Redacci\u00f3\" \/>\n<meta name=\"twitter:card\" content=\"summary_large_image\" \/>\n<meta name=\"twitter:creator\" content=\"@RCTgn\" \/>\n<meta name=\"twitter:site\" content=\"@RCTgn\" \/>\n<meta name=\"twitter:label1\" content=\"Escrito por\" \/>\n\t<meta name=\"twitter:data1\" content=\"Redacci\u00f3\" \/>\n\t<meta name=\"twitter:label2\" content=\"Tiempo de lectura\" \/>\n\t<meta name=\"twitter:data2\" content=\"1 minuto\" \/>\n<script type=\"application\/ld+json\" class=\"yoast-schema-graph\">{\"@context\":\"https:\\\/\\\/schema.org\",\"@graph\":[{\"@type\":\"Article\",\"@id\":\"https:\\\/\\\/radiociutat.com\\\/es\\\/ultimas-noticias\\\/cronicas\\\/el-hospital-joan-xxiii-impulsa-la-logopedia-en-la-recuperacion-de-pacientes-con-ictus\\\/#article\",\"isPartOf\":{\"@id\":\"https:\\\/\\\/radiociutat.com\\\/es\\\/ultimas-noticias\\\/cronicas\\\/el-hospital-joan-xxiii-impulsa-la-logopedia-en-la-recuperacion-de-pacientes-con-ictus\\\/\"},\"author\":{\"name\":\"Redacci\u00f3\",\"@id\":\"https:\\\/\\\/radiociutat.com\\\/es\\\/#\\\/schema\\\/person\\\/04b6638f9d2a9ea77408db76c5d8f0b5\"},\"headline\":\"El Hospital Joan XXIII impulsa la logopedia en la recuperaci\u00f3n de pacientes con ictus\",\"datePublished\":\"2026-03-05T11:17:20+00:00\",\"dateModified\":\"2026-03-15T09:45:29+00:00\",\"mainEntityOfPage\":{\"@id\":\"https:\\\/\\\/radiociutat.com\\\/es\\\/ultimas-noticias\\\/cronicas\\\/el-hospital-joan-xxiii-impulsa-la-logopedia-en-la-recuperacion-de-pacientes-con-ictus\\\/\"},\"wordCount\":167,\"image\":{\"@id\":\"https:\\\/\\\/radiociutat.com\\\/es\\\/ultimas-noticias\\\/cronicas\\\/el-hospital-joan-xxiii-impulsa-la-logopedia-en-la-recuperacion-de-pacientes-con-ictus\\\/#primaryimage\"},\"thumbnailUrl\":\"https:\\\/\\\/files.radiociutat.com\\\/rctgn\\\/wp-content\\\/uploads\\\/2026\\\/03\\\/Logopedia-ictus-hospital-joan-xxiii-scaled-e1772709223476.jpg\",\"articleSection\":[\"Cr\u00f3nicas\"],\"inLanguage\":\"es\"},{\"@type\":\"WebPage\",\"@id\":\"https:\\\/\\\/radiociutat.com\\\/es\\\/ultimas-noticias\\\/cronicas\\\/el-hospital-joan-xxiii-impulsa-la-logopedia-en-la-recuperacion-de-pacientes-con-ictus\\\/\",\"url\":\"https:\\\/\\\/radiociutat.com\\\/es\\\/ultimas-noticias\\\/cronicas\\\/el-hospital-joan-xxiii-impulsa-la-logopedia-en-la-recuperacion-de-pacientes-con-ictus\\\/\",\"name\":\"El Hospital Joan XXIII impulsa la logopedia en la recuperaci\u00f3n de pacientes con ictus - R\u00e0dio Ciutat de Tarragona\",\"isPartOf\":{\"@id\":\"https:\\\/\\\/radiociutat.com\\\/es\\\/#website\"},\"primaryImageOfPage\":{\"@id\":\"https:\\\/\\\/radiociutat.com\\\/es\\\/ultimas-noticias\\\/cronicas\\\/el-hospital-joan-xxiii-impulsa-la-logopedia-en-la-recuperacion-de-pacientes-con-ictus\\\/#primaryimage\"},\"image\":{\"@id\":\"https:\\\/\\\/radiociutat.com\\\/es\\\/ultimas-noticias\\\/cronicas\\\/el-hospital-joan-xxiii-impulsa-la-logopedia-en-la-recuperacion-de-pacientes-con-ictus\\\/#primaryimage\"},\"thumbnailUrl\":\"https:\\\/\\\/files.radiociutat.com\\\/rctgn\\\/wp-content\\\/uploads\\\/2026\\\/03\\\/Logopedia-ictus-hospital-joan-xxiii-scaled-e1772709223476.jpg\",\"datePublished\":\"2026-03-05T11:17:20+00:00\",\"dateModified\":\"2026-03-15T09:45:29+00:00\",\"author\":{\"@id\":\"https:\\\/\\\/radiociutat.com\\\/es\\\/#\\\/schema\\\/person\\\/04b6638f9d2a9ea77408db76c5d8f0b5\"},\"breadcrumb\":{\"@id\":\"https:\\\/\\\/radiociutat.com\\\/es\\\/ultimas-noticias\\\/cronicas\\\/el-hospital-joan-xxiii-impulsa-la-logopedia-en-la-recuperacion-de-pacientes-con-ictus\\\/#breadcrumb\"},\"inLanguage\":\"es\",\"potentialAction\":[{\"@type\":\"ReadAction\",\"target\":[\"https:\\\/\\\/radiociutat.com\\\/es\\\/ultimas-noticias\\\/cronicas\\\/el-hospital-joan-xxiii-impulsa-la-logopedia-en-la-recuperacion-de-pacientes-con-ictus\\\/\"]}]},{\"@type\":\"ImageObject\",\"inLanguage\":\"es\",\"@id\":\"https:\\\/\\\/radiociutat.com\\\/es\\\/ultimas-noticias\\\/cronicas\\\/el-hospital-joan-xxiii-impulsa-la-logopedia-en-la-recuperacion-de-pacientes-con-ictus\\\/#primaryimage\",\"url\":\"https:\\\/\\\/files.radiociutat.com\\\/rctgn\\\/wp-content\\\/uploads\\\/2026\\\/03\\\/Logopedia-ictus-hospital-joan-xxiii-scaled-e1772709223476.jpg\",\"contentUrl\":\"https:\\\/\\\/files.radiociutat.com\\\/rctgn\\\/wp-content\\\/uploads\\\/2026\\\/03\\\/Logopedia-ictus-hospital-joan-xxiii-scaled-e1772709223476.jpg\",\"width\":2560,\"height\":1705},{\"@type\":\"BreadcrumbList\",\"@id\":\"https:\\\/\\\/radiociutat.com\\\/es\\\/ultimas-noticias\\\/cronicas\\\/el-hospital-joan-xxiii-impulsa-la-logopedia-en-la-recuperacion-de-pacientes-con-ictus\\\/#breadcrumb\",\"itemListElement\":[{\"@type\":\"ListItem\",\"position\":1,\"name\":\"Inici\",\"item\":\"https:\\\/\\\/radiociutat.com\\\/es\\\/\"},{\"@type\":\"ListItem\",\"position\":2,\"name\":\"El Hospital Joan XXIII impulsa la logopedia en la recuperaci\u00f3n de pacientes con ictus\"}]},{\"@type\":\"WebSite\",\"@id\":\"https:\\\/\\\/radiociutat.com\\\/es\\\/#website\",\"url\":\"https:\\\/\\\/radiociutat.com\\\/es\\\/\",\"name\":\"R\u00e0dio Ciutat de Tarragona\",\"description\":\"R\u00e0dio Ciutat de Tarragona - RCTgn.cat R\u00e0dio Online\",\"potentialAction\":[{\"@type\":\"SearchAction\",\"target\":{\"@type\":\"EntryPoint\",\"urlTemplate\":\"https:\\\/\\\/radiociutat.com\\\/es\\\/?s={search_term_string}\"},\"query-input\":{\"@type\":\"PropertyValueSpecification\",\"valueRequired\":true,\"valueName\":\"search_term_string\"}}],\"inLanguage\":\"es\"},{\"@type\":\"Person\",\"@id\":\"https:\\\/\\\/radiociutat.com\\\/es\\\/#\\\/schema\\\/person\\\/04b6638f9d2a9ea77408db76c5d8f0b5\",\"name\":\"Redacci\u00f3\",\"sameAs\":[\"https:\\\/\\\/radiociutat.com\\\/wp-content\\\/uploads\\\/2023\\\/09\\\/LOGO-RCTGN-CUADRAT.png\"],\"url\":\"https:\\\/\\\/radiociutat.com\\\/es\\\/author\\\/jespinosa\\\/\"}]}<\/script>\n<!-- \/ Yoast SEO Premium plugin. -->","yoast_head_json":{"title":"El Hospital Joan XXIII impulsa la logopedia en la recuperaci\u00f3n de pacientes con ictus - R\u00e0dio Ciutat de Tarragona","robots":{"index":"index","follow":"follow","max-snippet":"max-snippet:-1","max-image-preview":"max-image-preview:large","max-video-preview":"max-video-preview:-1"},"canonical":"https:\/\/radiociutat.com\/es\/ultimas-noticias\/cronicas\/el-hospital-joan-xxiii-impulsa-la-logopedia-en-la-recuperacion-de-pacientes-con-ictus\/","og_locale":"es_ES","og_type":"article","og_title":"El Hospital Joan XXIII impulsa la logopedia en la recuperaci\u00f3n de pacientes con ictus","og_description":"El Hospital Universitario Joan XXIII de Tarragona est\u00e1 impulsando el trabajo logop\u00e9dico en la recuperaci\u00f3n de pacientes con ictus y otras patolog\u00edas complejas. Durante el 2025, se valoraron m\u00e1s de 3.300 pacientes ingresados y se atendi\u00f3 a 54 personas en terapias ambulatorias. La logopedia es esencial para tratar alteraciones de la comunicaci\u00f3n, el habla, la [&hellip;]","og_url":"https:\/\/radiociutat.com\/es\/ultimas-noticias\/cronicas\/el-hospital-joan-xxiii-impulsa-la-logopedia-en-la-recuperacion-de-pacientes-con-ictus\/","og_site_name":"R\u00e0dio Ciutat de Tarragona","article_publisher":"https:\/\/www.facebook.com\/rctgn","article_published_time":"2026-03-05T11:17:20+00:00","article_modified_time":"2026-03-15T09:45:29+00:00","og_image":[{"width":2560,"height":1705,"url":"https:\/\/files.radiociutat.com\/rctgn\/wp-content\/uploads\/2026\/03\/Logopedia-ictus-hospital-joan-xxiii-scaled-e1772709223476.jpg","type":"image\/jpeg"}],"author":"Redacci\u00f3","twitter_card":"summary_large_image","twitter_creator":"@RCTgn","twitter_site":"@RCTgn","twitter_misc":{"Escrito por":"Redacci\u00f3","Tiempo de lectura":"1 minuto"},"schema":{"@context":"https:\/\/schema.org","@graph":[{"@type":"Article","@id":"https:\/\/radiociutat.com\/es\/ultimas-noticias\/cronicas\/el-hospital-joan-xxiii-impulsa-la-logopedia-en-la-recuperacion-de-pacientes-con-ictus\/#article","isPartOf":{"@id":"https:\/\/radiociutat.com\/es\/ultimas-noticias\/cronicas\/el-hospital-joan-xxiii-impulsa-la-logopedia-en-la-recuperacion-de-pacientes-con-ictus\/"},"author":{"name":"Redacci\u00f3","@id":"https:\/\/radiociutat.com\/es\/#\/schema\/person\/04b6638f9d2a9ea77408db76c5d8f0b5"},"headline":"El Hospital Joan XXIII impulsa la logopedia en la recuperaci\u00f3n de pacientes con ictus","datePublished":"2026-03-05T11:17:20+00:00","dateModified":"2026-03-15T09:45:29+00:00","mainEntityOfPage":{"@id":"https:\/\/radiociutat.com\/es\/ultimas-noticias\/cronicas\/el-hospital-joan-xxiii-impulsa-la-logopedia-en-la-recuperacion-de-pacientes-con-ictus\/"},"wordCount":167,"image":{"@id":"https:\/\/radiociutat.com\/es\/ultimas-noticias\/cronicas\/el-hospital-joan-xxiii-impulsa-la-logopedia-en-la-recuperacion-de-pacientes-con-ictus\/#primaryimage"},"thumbnailUrl":"https:\/\/files.radiociutat.com\/rctgn\/wp-content\/uploads\/2026\/03\/Logopedia-ictus-hospital-joan-xxiii-scaled-e1772709223476.jpg","articleSection":["Cr\u00f3nicas"],"inLanguage":"es"},{"@type":"WebPage","@id":"https:\/\/radiociutat.com\/es\/ultimas-noticias\/cronicas\/el-hospital-joan-xxiii-impulsa-la-logopedia-en-la-recuperacion-de-pacientes-con-ictus\/","url":"https:\/\/radiociutat.com\/es\/ultimas-noticias\/cronicas\/el-hospital-joan-xxiii-impulsa-la-logopedia-en-la-recuperacion-de-pacientes-con-ictus\/","name":"El Hospital Joan XXIII impulsa la logopedia en la recuperaci\u00f3n de pacientes con ictus - R\u00e0dio Ciutat de Tarragona","isPartOf":{"@id":"https:\/\/radiociutat.com\/es\/#website"},"primaryImageOfPage":{"@id":"https:\/\/radiociutat.com\/es\/ultimas-noticias\/cronicas\/el-hospital-joan-xxiii-impulsa-la-logopedia-en-la-recuperacion-de-pacientes-con-ictus\/#primaryimage"},"image":{"@id":"https:\/\/radiociutat.com\/es\/ultimas-noticias\/cronicas\/el-hospital-joan-xxiii-impulsa-la-logopedia-en-la-recuperacion-de-pacientes-con-ictus\/#primaryimage"},"thumbnailUrl":"https:\/\/files.radiociutat.com\/rctgn\/wp-content\/uploads\/2026\/03\/Logopedia-ictus-hospital-joan-xxiii-scaled-e1772709223476.jpg","datePublished":"2026-03-05T11:17:20+00:00","dateModified":"2026-03-15T09:45:29+00:00","author":{"@id":"https:\/\/radiociutat.com\/es\/#\/schema\/person\/04b6638f9d2a9ea77408db76c5d8f0b5"},"breadcrumb":{"@id":"https:\/\/radiociutat.com\/es\/ultimas-noticias\/cronicas\/el-hospital-joan-xxiii-impulsa-la-logopedia-en-la-recuperacion-de-pacientes-con-ictus\/#breadcrumb"},"inLanguage":"es","potentialAction":[{"@type":"ReadAction","target":["https:\/\/radiociutat.com\/es\/ultimas-noticias\/cronicas\/el-hospital-joan-xxiii-impulsa-la-logopedia-en-la-recuperacion-de-pacientes-con-ictus\/"]}]},{"@type":"ImageObject","inLanguage":"es","@id":"https:\/\/radiociutat.com\/es\/ultimas-noticias\/cronicas\/el-hospital-joan-xxiii-impulsa-la-logopedia-en-la-recuperacion-de-pacientes-con-ictus\/#primaryimage","url":"https:\/\/files.radiociutat.com\/rctgn\/wp-content\/uploads\/2026\/03\/Logopedia-ictus-hospital-joan-xxiii-scaled-e1772709223476.jpg","contentUrl":"https:\/\/files.radiociutat.com\/rctgn\/wp-content\/uploads\/2026\/03\/Logopedia-ictus-hospital-joan-xxiii-scaled-e1772709223476.jpg","width":2560,"height":1705},{"@type":"BreadcrumbList","@id":"https:\/\/radiociutat.com\/es\/ultimas-noticias\/cronicas\/el-hospital-joan-xxiii-impulsa-la-logopedia-en-la-recuperacion-de-pacientes-con-ictus\/#breadcrumb","itemListElement":[{"@type":"ListItem","position":1,"name":"Inici","item":"https:\/\/radiociutat.com\/es\/"},{"@type":"ListItem","position":2,"name":"El Hospital Joan XXIII impulsa la logopedia en la recuperaci\u00f3n de pacientes con ictus"}]},{"@type":"WebSite","@id":"https:\/\/radiociutat.com\/es\/#website","url":"https:\/\/radiociutat.com\/es\/","name":"R\u00e0dio Ciutat de Tarragona","description":"R\u00e0dio Ciutat de Tarragona - RCTgn.cat R\u00e0dio Online","potentialAction":[{"@type":"SearchAction","target":{"@type":"EntryPoint","urlTemplate":"https:\/\/radiociutat.com\/es\/?s={search_term_string}"},"query-input":{"@type":"PropertyValueSpecification","valueRequired":true,"valueName":"search_term_string"}}],"inLanguage":"es"},{"@type":"Person","@id":"https:\/\/radiociutat.com\/es\/#\/schema\/person\/04b6638f9d2a9ea77408db76c5d8f0b5","name":"Redacci\u00f3","sameAs":["https:\/\/radiociutat.com\/wp-content\/uploads\/2023\/09\/LOGO-RCTGN-CUADRAT.png"],"url":"https:\/\/radiociutat.com\/es\/author\/jespinosa\/"}]}},"_links":{"self":[{"href":"https:\/\/radiociutat.com\/es\/wp-json\/wp\/v2\/posts\/367933","targetHints":{"allow":["GET"]}}],"collection":[{"href":"https:\/\/radiociutat.com\/es\/wp-json\/wp\/v2\/posts"}],"about":[{"href":"https:\/\/radiociutat.com\/es\/wp-json\/wp\/v2\/types\/post"}],"author":[{"embeddable":true,"href":"https:\/\/radiociutat.com\/es\/wp-json\/wp\/v2\/users\/1"}],"replies":[{"embeddable":true,"href":"https:\/\/radiociutat.com\/es\/wp-json\/wp\/v2\/comments?post=367933"}],"version-history":[{"count":1,"href":"https:\/\/radiociutat.com\/es\/wp-json\/wp\/v2\/posts\/367933\/revisions"}],"predecessor-version":[{"id":369627,"href":"https:\/\/radiociutat.com\/es\/wp-json\/wp\/v2\/posts\/367933\/revisions\/369627"}],"wp:featuredmedia":[{"embeddable":true,"href":"https:\/\/radiociutat.com\/es\/wp-json\/wp\/v2\/media\/367931"}],"wp:attachment":[{"href":"https:\/\/radiociutat.com\/es\/wp-json\/wp\/v2\/media?parent=367933"}],"wp:term":[{"taxonomy":"category","embeddable":true,"href":"https:\/\/radiociutat.com\/es\/wp-json\/wp\/v2\/categories?post=367933"},{"taxonomy":"post_tag","embeddable":true,"href":"https:\/\/radiociutat.com\/es\/wp-json\/wp\/v2\/tags?post=367933"}],"curies":[{"name":"wp","href":"https:\/\/api.w.org\/{rel}","templated":true}]}}