{"id":367925,"date":"2026-03-05T12:01:46","date_gmt":"2026-03-05T11:01:46","guid":{"rendered":"https:\/\/radiociutat.com\/programes-podcast\/turismarket-cierra-su-tercera-edicion-superando-los-6-900-visitantes\/"},"modified":"2026-03-15T10:45:30","modified_gmt":"2026-03-15T09:45:30","slug":"turismarket-cierra-su-tercera-edicion-superando-los-6-900-visitantes","status":"publish","type":"post","link":"https:\/\/radiociutat.com\/es\/ultimas-noticias\/cronicas\/turismarket-cierra-su-tercera-edicion-superando-los-6-900-visitantes\/","title":{"rendered":"TurisMarket cierra su tercera edici\u00f3n superando los 6.900 visitantes"},"content":{"rendered":"\n<p>La tercera edici\u00f3n de TurisMarket ha cerrado este martes con un balance positivo y un r\u00e9cord de asistencia de 6.900 profesionales. Organizado por la FEHT, el sal\u00f3n se ha consolidado como el gran evento para los sectores de la hosteler\u00eda y el turismo de la provincia de Tarragona.<\/p>\n\n\n\n<p>Con m\u00e1s de 120 expositores y m\u00e1s de 60 actividades, TurisMarket ha presentado novedades en tecnolog\u00eda, sostenibilidad y dise\u00f1o para mejorar la competitividad del sector. La presidenta de la FEHT, Berta Cabr\u00e9, ha destacado que la alta participaci\u00f3n demuestra que el sector necesitaba este espacio para generar negocio y compartir conocimiento.<\/p>\n\n\n\n<p>Uno de los espacios destacados ha sido la 8\u00aa Jornada Trabaja en el Turismo, con m\u00e1s de 30 empresas ofreciendo m\u00e1s de 2.000 puestos de trabajo. Tambi\u00e9n han participado estudiantes de la Universidad Rovira i Virgili y del Instituto Escuela de Hosteler\u00eda y Turismo de Cambrils.<\/p>\n\n\n\n<p>TurisMarket se consolida como una plataforma clave para impulsar la innovaci\u00f3n y la profesionalizaci\u00f3n del turismo en Tarragona, con la mirada puesta en la pr\u00f3xima edici\u00f3n.<\/p>\n","protected":false},"excerpt":{"rendered":"<p>La tercera edici\u00f3n de TurisMarket ha cerrado este martes con un balance positivo y un r\u00e9cord de asistencia de 6.900 profesionales. Organizado por la FEHT, el sal\u00f3n se ha consolidado como el gran evento para los sectores de la hosteler\u00eda y el turismo de la provincia de Tarragona. Con m\u00e1s de 120 expositores y m\u00e1s [&hellip;]<\/p>\n","protected":false},"author":1,"featured_media":367923,"comment_status":"closed","ping_status":"closed","sticky":false,"template":"","format":"standard","meta":{"footnotes":""},"categories":[13688],"tags":[13698,13699],"class_list":["post-367925","post","type-post","status-publish","format-standard","has-post-thumbnail","hentry","category-cronicas","tag-tourismarket-2","tag-turisme-es"],"yoast_head":"<!-- This site is optimized with the Yoast SEO Premium plugin v27.4 (Yoast SEO v27.5) - https:\/\/yoast.com\/product\/yoast-seo-premium-wordpress\/ -->\n<title>TurisMarket cierra su tercera edici\u00f3n superando los 6.900 visitantes - R\u00e0dio Ciutat de Tarragona<\/title>\n<meta name=\"robots\" content=\"index, follow, max-snippet:-1, max-image-preview:large, max-video-preview:-1\" \/>\n<link rel=\"canonical\" href=\"https:\/\/radiociutat.com\/es\/ultimas-noticias\/cronicas\/turismarket-cierra-su-tercera-edicion-superando-los-6-900-visitantes\/\" \/>\n<meta property=\"og:locale\" content=\"es_ES\" \/>\n<meta property=\"og:type\" content=\"article\" \/>\n<meta property=\"og:title\" content=\"TurisMarket cierra su tercera edici\u00f3n superando los 6.900 visitantes\" \/>\n<meta property=\"og:description\" content=\"La tercera edici\u00f3n de TurisMarket ha cerrado este martes con un balance positivo y un r\u00e9cord de asistencia de 6.900 profesionales. Organizado por la FEHT, el sal\u00f3n se ha consolidado como el gran evento para los sectores de la hosteler\u00eda y el turismo de la provincia de Tarragona. Con m\u00e1s de 120 expositores y m\u00e1s [&hellip;]\" \/>\n<meta property=\"og:url\" content=\"https:\/\/radiociutat.com\/es\/ultimas-noticias\/cronicas\/turismarket-cierra-su-tercera-edicion-superando-los-6-900-visitantes\/\" \/>\n<meta property=\"og:site_name\" content=\"R\u00e0dio Ciutat de Tarragona\" \/>\n<meta property=\"article:publisher\" content=\"https:\/\/www.facebook.com\/rctgn\" \/>\n<meta property=\"article:published_time\" content=\"2026-03-05T11:01:46+00:00\" \/>\n<meta property=\"article:modified_time\" content=\"2026-03-15T09:45:30+00:00\" \/>\n<meta property=\"og:image\" content=\"https:\/\/files.radiociutat.com\/rctgn\/wp-content\/uploads\/2026\/03\/turismarket-2026-e1772708478595.jpg\" \/>\n\t<meta property=\"og:image:width\" content=\"1800\" \/>\n\t<meta property=\"og:image:height\" content=\"1200\" \/>\n\t<meta property=\"og:image:type\" content=\"image\/jpeg\" \/>\n<meta name=\"author\" content=\"Redacci\u00f3\" \/>\n<meta name=\"twitter:card\" content=\"summary_large_image\" \/>\n<meta name=\"twitter:creator\" content=\"@RCTgn\" \/>\n<meta name=\"twitter:site\" content=\"@RCTgn\" \/>\n<meta name=\"twitter:label1\" content=\"Escrito por\" \/>\n\t<meta name=\"twitter:data1\" content=\"Redacci\u00f3\" \/>\n\t<meta name=\"twitter:label2\" content=\"Tiempo de lectura\" \/>\n\t<meta name=\"twitter:data2\" content=\"1 minuto\" \/>\n<script type=\"application\/ld+json\" class=\"yoast-schema-graph\">{\"@context\":\"https:\\\/\\\/schema.org\",\"@graph\":[{\"@type\":\"Article\",\"@id\":\"https:\\\/\\\/radiociutat.com\\\/es\\\/ultimas-noticias\\\/cronicas\\\/turismarket-cierra-su-tercera-edicion-superando-los-6-900-visitantes\\\/#article\",\"isPartOf\":{\"@id\":\"https:\\\/\\\/radiociutat.com\\\/es\\\/ultimas-noticias\\\/cronicas\\\/turismarket-cierra-su-tercera-edicion-superando-los-6-900-visitantes\\\/\"},\"author\":{\"name\":\"Redacci\u00f3\",\"@id\":\"https:\\\/\\\/radiociutat.com\\\/es\\\/#\\\/schema\\\/person\\\/04b6638f9d2a9ea77408db76c5d8f0b5\"},\"headline\":\"TurisMarket cierra su tercera edici\u00f3n superando los 6.900 visitantes\",\"datePublished\":\"2026-03-05T11:01:46+00:00\",\"dateModified\":\"2026-03-15T09:45:30+00:00\",\"mainEntityOfPage\":{\"@id\":\"https:\\\/\\\/radiociutat.com\\\/es\\\/ultimas-noticias\\\/cronicas\\\/turismarket-cierra-su-tercera-edicion-superando-los-6-900-visitantes\\\/\"},\"wordCount\":191,\"image\":{\"@id\":\"https:\\\/\\\/radiociutat.com\\\/es\\\/ultimas-noticias\\\/cronicas\\\/turismarket-cierra-su-tercera-edicion-superando-los-6-900-visitantes\\\/#primaryimage\"},\"thumbnailUrl\":\"https:\\\/\\\/files.radiociutat.com\\\/rctgn\\\/wp-content\\\/uploads\\\/2026\\\/03\\\/turismarket-2026-e1772708478595.jpg\",\"keywords\":[\"Tourismarket\",\"Turisme\"],\"articleSection\":[\"Cr\u00f3nicas\"],\"inLanguage\":\"es\"},{\"@type\":\"WebPage\",\"@id\":\"https:\\\/\\\/radiociutat.com\\\/es\\\/ultimas-noticias\\\/cronicas\\\/turismarket-cierra-su-tercera-edicion-superando-los-6-900-visitantes\\\/\",\"url\":\"https:\\\/\\\/radiociutat.com\\\/es\\\/ultimas-noticias\\\/cronicas\\\/turismarket-cierra-su-tercera-edicion-superando-los-6-900-visitantes\\\/\",\"name\":\"TurisMarket cierra su tercera edici\u00f3n superando los 6.900 visitantes - R\u00e0dio Ciutat de Tarragona\",\"isPartOf\":{\"@id\":\"https:\\\/\\\/radiociutat.com\\\/es\\\/#website\"},\"primaryImageOfPage\":{\"@id\":\"https:\\\/\\\/radiociutat.com\\\/es\\\/ultimas-noticias\\\/cronicas\\\/turismarket-cierra-su-tercera-edicion-superando-los-6-900-visitantes\\\/#primaryimage\"},\"image\":{\"@id\":\"https:\\\/\\\/radiociutat.com\\\/es\\\/ultimas-noticias\\\/cronicas\\\/turismarket-cierra-su-tercera-edicion-superando-los-6-900-visitantes\\\/#primaryimage\"},\"thumbnailUrl\":\"https:\\\/\\\/files.radiociutat.com\\\/rctgn\\\/wp-content\\\/uploads\\\/2026\\\/03\\\/turismarket-2026-e1772708478595.jpg\",\"datePublished\":\"2026-03-05T11:01:46+00:00\",\"dateModified\":\"2026-03-15T09:45:30+00:00\",\"author\":{\"@id\":\"https:\\\/\\\/radiociutat.com\\\/es\\\/#\\\/schema\\\/person\\\/04b6638f9d2a9ea77408db76c5d8f0b5\"},\"breadcrumb\":{\"@id\":\"https:\\\/\\\/radiociutat.com\\\/es\\\/ultimas-noticias\\\/cronicas\\\/turismarket-cierra-su-tercera-edicion-superando-los-6-900-visitantes\\\/#breadcrumb\"},\"inLanguage\":\"es\",\"potentialAction\":[{\"@type\":\"ReadAction\",\"target\":[\"https:\\\/\\\/radiociutat.com\\\/es\\\/ultimas-noticias\\\/cronicas\\\/turismarket-cierra-su-tercera-edicion-superando-los-6-900-visitantes\\\/\"]}]},{\"@type\":\"ImageObject\",\"inLanguage\":\"es\",\"@id\":\"https:\\\/\\\/radiociutat.com\\\/es\\\/ultimas-noticias\\\/cronicas\\\/turismarket-cierra-su-tercera-edicion-superando-los-6-900-visitantes\\\/#primaryimage\",\"url\":\"https:\\\/\\\/files.radiociutat.com\\\/rctgn\\\/wp-content\\\/uploads\\\/2026\\\/03\\\/turismarket-2026-e1772708478595.jpg\",\"contentUrl\":\"https:\\\/\\\/files.radiociutat.com\\\/rctgn\\\/wp-content\\\/uploads\\\/2026\\\/03\\\/turismarket-2026-e1772708478595.jpg\",\"width\":1800,\"height\":1200},{\"@type\":\"BreadcrumbList\",\"@id\":\"https:\\\/\\\/radiociutat.com\\\/es\\\/ultimas-noticias\\\/cronicas\\\/turismarket-cierra-su-tercera-edicion-superando-los-6-900-visitantes\\\/#breadcrumb\",\"itemListElement\":[{\"@type\":\"ListItem\",\"position\":1,\"name\":\"Inici\",\"item\":\"https:\\\/\\\/radiociutat.com\\\/es\\\/\"},{\"@type\":\"ListItem\",\"position\":2,\"name\":\"TurisMarket cierra su tercera edici\u00f3n superando los 6.900 visitantes\"}]},{\"@type\":\"WebSite\",\"@id\":\"https:\\\/\\\/radiociutat.com\\\/es\\\/#website\",\"url\":\"https:\\\/\\\/radiociutat.com\\\/es\\\/\",\"name\":\"R\u00e0dio Ciutat de Tarragona\",\"description\":\"R\u00e0dio Ciutat de Tarragona - RCTgn.cat R\u00e0dio Online\",\"potentialAction\":[{\"@type\":\"SearchAction\",\"target\":{\"@type\":\"EntryPoint\",\"urlTemplate\":\"https:\\\/\\\/radiociutat.com\\\/es\\\/?s={search_term_string}\"},\"query-input\":{\"@type\":\"PropertyValueSpecification\",\"valueRequired\":true,\"valueName\":\"search_term_string\"}}],\"inLanguage\":\"es\"},{\"@type\":\"Person\",\"@id\":\"https:\\\/\\\/radiociutat.com\\\/es\\\/#\\\/schema\\\/person\\\/04b6638f9d2a9ea77408db76c5d8f0b5\",\"name\":\"Redacci\u00f3\",\"sameAs\":[\"https:\\\/\\\/radiociutat.com\\\/wp-content\\\/uploads\\\/2023\\\/09\\\/LOGO-RCTGN-CUADRAT.png\"],\"url\":\"https:\\\/\\\/radiociutat.com\\\/es\\\/author\\\/jespinosa\\\/\"}]}<\/script>\n<!-- \/ Yoast SEO Premium plugin. -->","yoast_head_json":{"title":"TurisMarket cierra su tercera edici\u00f3n superando los 6.900 visitantes - R\u00e0dio Ciutat de Tarragona","robots":{"index":"index","follow":"follow","max-snippet":"max-snippet:-1","max-image-preview":"max-image-preview:large","max-video-preview":"max-video-preview:-1"},"canonical":"https:\/\/radiociutat.com\/es\/ultimas-noticias\/cronicas\/turismarket-cierra-su-tercera-edicion-superando-los-6-900-visitantes\/","og_locale":"es_ES","og_type":"article","og_title":"TurisMarket cierra su tercera edici\u00f3n superando los 6.900 visitantes","og_description":"La tercera edici\u00f3n de TurisMarket ha cerrado este martes con un balance positivo y un r\u00e9cord de asistencia de 6.900 profesionales. Organizado por la FEHT, el sal\u00f3n se ha consolidado como el gran evento para los sectores de la hosteler\u00eda y el turismo de la provincia de Tarragona. Con m\u00e1s de 120 expositores y m\u00e1s [&hellip;]","og_url":"https:\/\/radiociutat.com\/es\/ultimas-noticias\/cronicas\/turismarket-cierra-su-tercera-edicion-superando-los-6-900-visitantes\/","og_site_name":"R\u00e0dio Ciutat de Tarragona","article_publisher":"https:\/\/www.facebook.com\/rctgn","article_published_time":"2026-03-05T11:01:46+00:00","article_modified_time":"2026-03-15T09:45:30+00:00","og_image":[{"width":1800,"height":1200,"url":"https:\/\/files.radiociutat.com\/rctgn\/wp-content\/uploads\/2026\/03\/turismarket-2026-e1772708478595.jpg","type":"image\/jpeg"}],"author":"Redacci\u00f3","twitter_card":"summary_large_image","twitter_creator":"@RCTgn","twitter_site":"@RCTgn","twitter_misc":{"Escrito por":"Redacci\u00f3","Tiempo de lectura":"1 minuto"},"schema":{"@context":"https:\/\/schema.org","@graph":[{"@type":"Article","@id":"https:\/\/radiociutat.com\/es\/ultimas-noticias\/cronicas\/turismarket-cierra-su-tercera-edicion-superando-los-6-900-visitantes\/#article","isPartOf":{"@id":"https:\/\/radiociutat.com\/es\/ultimas-noticias\/cronicas\/turismarket-cierra-su-tercera-edicion-superando-los-6-900-visitantes\/"},"author":{"name":"Redacci\u00f3","@id":"https:\/\/radiociutat.com\/es\/#\/schema\/person\/04b6638f9d2a9ea77408db76c5d8f0b5"},"headline":"TurisMarket cierra su tercera edici\u00f3n superando los 6.900 visitantes","datePublished":"2026-03-05T11:01:46+00:00","dateModified":"2026-03-15T09:45:30+00:00","mainEntityOfPage":{"@id":"https:\/\/radiociutat.com\/es\/ultimas-noticias\/cronicas\/turismarket-cierra-su-tercera-edicion-superando-los-6-900-visitantes\/"},"wordCount":191,"image":{"@id":"https:\/\/radiociutat.com\/es\/ultimas-noticias\/cronicas\/turismarket-cierra-su-tercera-edicion-superando-los-6-900-visitantes\/#primaryimage"},"thumbnailUrl":"https:\/\/files.radiociutat.com\/rctgn\/wp-content\/uploads\/2026\/03\/turismarket-2026-e1772708478595.jpg","keywords":["Tourismarket","Turisme"],"articleSection":["Cr\u00f3nicas"],"inLanguage":"es"},{"@type":"WebPage","@id":"https:\/\/radiociutat.com\/es\/ultimas-noticias\/cronicas\/turismarket-cierra-su-tercera-edicion-superando-los-6-900-visitantes\/","url":"https:\/\/radiociutat.com\/es\/ultimas-noticias\/cronicas\/turismarket-cierra-su-tercera-edicion-superando-los-6-900-visitantes\/","name":"TurisMarket cierra su tercera edici\u00f3n superando los 6.900 visitantes - R\u00e0dio Ciutat de Tarragona","isPartOf":{"@id":"https:\/\/radiociutat.com\/es\/#website"},"primaryImageOfPage":{"@id":"https:\/\/radiociutat.com\/es\/ultimas-noticias\/cronicas\/turismarket-cierra-su-tercera-edicion-superando-los-6-900-visitantes\/#primaryimage"},"image":{"@id":"https:\/\/radiociutat.com\/es\/ultimas-noticias\/cronicas\/turismarket-cierra-su-tercera-edicion-superando-los-6-900-visitantes\/#primaryimage"},"thumbnailUrl":"https:\/\/files.radiociutat.com\/rctgn\/wp-content\/uploads\/2026\/03\/turismarket-2026-e1772708478595.jpg","datePublished":"2026-03-05T11:01:46+00:00","dateModified":"2026-03-15T09:45:30+00:00","author":{"@id":"https:\/\/radiociutat.com\/es\/#\/schema\/person\/04b6638f9d2a9ea77408db76c5d8f0b5"},"breadcrumb":{"@id":"https:\/\/radiociutat.com\/es\/ultimas-noticias\/cronicas\/turismarket-cierra-su-tercera-edicion-superando-los-6-900-visitantes\/#breadcrumb"},"inLanguage":"es","potentialAction":[{"@type":"ReadAction","target":["https:\/\/radiociutat.com\/es\/ultimas-noticias\/cronicas\/turismarket-cierra-su-tercera-edicion-superando-los-6-900-visitantes\/"]}]},{"@type":"ImageObject","inLanguage":"es","@id":"https:\/\/radiociutat.com\/es\/ultimas-noticias\/cronicas\/turismarket-cierra-su-tercera-edicion-superando-los-6-900-visitantes\/#primaryimage","url":"https:\/\/files.radiociutat.com\/rctgn\/wp-content\/uploads\/2026\/03\/turismarket-2026-e1772708478595.jpg","contentUrl":"https:\/\/files.radiociutat.com\/rctgn\/wp-content\/uploads\/2026\/03\/turismarket-2026-e1772708478595.jpg","width":1800,"height":1200},{"@type":"BreadcrumbList","@id":"https:\/\/radiociutat.com\/es\/ultimas-noticias\/cronicas\/turismarket-cierra-su-tercera-edicion-superando-los-6-900-visitantes\/#breadcrumb","itemListElement":[{"@type":"ListItem","position":1,"name":"Inici","item":"https:\/\/radiociutat.com\/es\/"},{"@type":"ListItem","position":2,"name":"TurisMarket cierra su tercera edici\u00f3n superando los 6.900 visitantes"}]},{"@type":"WebSite","@id":"https:\/\/radiociutat.com\/es\/#website","url":"https:\/\/radiociutat.com\/es\/","name":"R\u00e0dio Ciutat de Tarragona","description":"R\u00e0dio Ciutat de Tarragona - RCTgn.cat R\u00e0dio Online","potentialAction":[{"@type":"SearchAction","target":{"@type":"EntryPoint","urlTemplate":"https:\/\/radiociutat.com\/es\/?s={search_term_string}"},"query-input":{"@type":"PropertyValueSpecification","valueRequired":true,"valueName":"search_term_string"}}],"inLanguage":"es"},{"@type":"Person","@id":"https:\/\/radiociutat.com\/es\/#\/schema\/person\/04b6638f9d2a9ea77408db76c5d8f0b5","name":"Redacci\u00f3","sameAs":["https:\/\/radiociutat.com\/wp-content\/uploads\/2023\/09\/LOGO-RCTGN-CUADRAT.png"],"url":"https:\/\/radiociutat.com\/es\/author\/jespinosa\/"}]}},"_links":{"self":[{"href":"https:\/\/radiociutat.com\/es\/wp-json\/wp\/v2\/posts\/367925","targetHints":{"allow":["GET"]}}],"collection":[{"href":"https:\/\/radiociutat.com\/es\/wp-json\/wp\/v2\/posts"}],"about":[{"href":"https:\/\/radiociutat.com\/es\/wp-json\/wp\/v2\/types\/post"}],"author":[{"embeddable":true,"href":"https:\/\/radiociutat.com\/es\/wp-json\/wp\/v2\/users\/1"}],"replies":[{"embeddable":true,"href":"https:\/\/radiociutat.com\/es\/wp-json\/wp\/v2\/comments?post=367925"}],"version-history":[{"count":1,"href":"https:\/\/radiociutat.com\/es\/wp-json\/wp\/v2\/posts\/367925\/revisions"}],"predecessor-version":[{"id":369628,"href":"https:\/\/radiociutat.com\/es\/wp-json\/wp\/v2\/posts\/367925\/revisions\/369628"}],"wp:featuredmedia":[{"embeddable":true,"href":"https:\/\/radiociutat.com\/es\/wp-json\/wp\/v2\/media\/367923"}],"wp:attachment":[{"href":"https:\/\/radiociutat.com\/es\/wp-json\/wp\/v2\/media?parent=367925"}],"wp:term":[{"taxonomy":"category","embeddable":true,"href":"https:\/\/radiociutat.com\/es\/wp-json\/wp\/v2\/categories?post=367925"},{"taxonomy":"post_tag","embeddable":true,"href":"https:\/\/radiociutat.com\/es\/wp-json\/wp\/v2\/tags?post=367925"}],"curies":[{"name":"wp","href":"https:\/\/api.w.org\/{rel}","templated":true}]}}