{"id":367909,"date":"2026-03-05T11:25:15","date_gmt":"2026-03-05T10:25:15","guid":{"rendered":"https:\/\/radiociutat.com\/programes-podcast\/el-alcalde-de-tarragona-distinguido-como-mejor-dirigente-institucional-en-el-ambito-deportivo\/"},"modified":"2026-03-05T11:30:15","modified_gmt":"2026-03-05T10:30:15","slug":"el-alcalde-de-tarragona-distinguido-como-mejor-dirigente-institucional-en-el-ambito-deportivo","status":"publish","type":"post","link":"https:\/\/radiociutat.com\/es\/ultimas-noticias\/cronicas\/el-alcalde-de-tarragona-distinguido-como-mejor-dirigente-institucional-en-el-ambito-deportivo\/","title":{"rendered":"El alcalde de Tarragona, distinguido como Mejor Dirigente Institucional en el \u00e1mbito deportivo"},"content":{"rendered":"\n<p>El alcalde de Tarragona, Rub\u00e9n Vi\u00f1uales, recibir\u00e1 este viernes la distinci\u00f3n de Mejor Dirigente Institucional, un premio que otorga anualmente la Associaci\u00f3 Catalana de Dirigents de l\u2019Esport y que reconoce \u00abla trayectoria y compromiso con la promoci\u00f3n del deporte desde el \u00e1mbito institucional\u00bb. <\/p>\n\n\n\n<p>El acto de entrega se realizar\u00e1 en el marco de la Nit del Dirigent que tendr\u00e1 lugar en el Hotel Catalonia Plaza de Barcelona a partir de las 21h. La Nit del Dirigent es uno de los eventos principales de la Associaci\u00f3 Catalana de Dirigents de l\u2019Esport en el cual se reconoce la labor llevada a cabo por dirigentes y exdirigentes de instituciones, clubes, federaciones y profesionales del sector deportivo. <\/p>\n\n\n\n<h3 class=\"wp-block-heading\" id=\"h-nou-premi-al-protagonisme-esportiu-de-tarragona-els-ultims-temps\"><strong><em>Nuevo premio al protagonismo deportivo de Tarragona en los \u00faltimos tiempos<\/em><\/strong><\/h3>\n\n\n\n<p>Este premio llega poco despu\u00e9s de que el Ayuntamiento de Tarragona fuese distinguido con el Premio Nacional del Deporte por ser la ciudad de Espa\u00f1a que m\u00e1s contribuy\u00f3 a la promoci\u00f3n deportiva en el a\u00f1o 2024 y con el galard\u00f3n <em>Gigante Apoyo Institucional, Tarragona, mejor ciudad de deportes <\/em>en reconocimiento al compromiso de la ciudad en el desarrollo y la promoci\u00f3n del deporte.<\/p>\n\n\n\n<p>Durante el pasado 2025, Tarragona fue sede de 55 eventos deportivos que han llenado las instalaciones deportivas municipales y numerosos espacios p\u00fablicos de la ciudad. Estas citas deportivas reunieron a un total de 39.610 deportistas y 67.860 acompa\u00f1antes, que generaron un gasto traducido en un impacto econ\u00f3mico de m\u00e1s de 13 millones de euros en la ciudad.<\/p>\n","protected":false},"excerpt":{"rendered":"<p>El alcalde de Tarragona, Rub\u00e9n Vi\u00f1uales, recibir\u00e1 este viernes la distinci\u00f3n de Mejor Dirigente Institucional, un premio que otorga anualmente la Associaci\u00f3 Catalana de Dirigents de l\u2019Esport y que reconoce \u00abla trayectoria y compromiso con la promoci\u00f3n del deporte desde el \u00e1mbito institucional\u00bb. El acto de entrega se realizar\u00e1 en el marco de la Nit [&hellip;]<\/p>\n","protected":false},"author":1,"featured_media":345672,"comment_status":"closed","ping_status":"closed","sticky":false,"template":"","format":"standard","meta":{"footnotes":""},"categories":[13688],"tags":[13700],"class_list":["post-367909","post","type-post","status-publish","format-standard","has-post-thumbnail","hentry","category-cronicas","tag-ruben-vinuales-5"],"yoast_head":"<!-- This site is optimized with the Yoast SEO Premium plugin v27.4 (Yoast SEO v27.5) - https:\/\/yoast.com\/product\/yoast-seo-premium-wordpress\/ -->\n<title>El alcalde de Tarragona, distinguido como Mejor Dirigente Institucional en el \u00e1mbito deportivo - R\u00e0dio Ciutat de Tarragona<\/title>\n<meta name=\"robots\" content=\"index, follow, max-snippet:-1, max-image-preview:large, max-video-preview:-1\" \/>\n<link rel=\"canonical\" href=\"https:\/\/radiociutat.com\/es\/ultimas-noticias\/cronicas\/el-alcalde-de-tarragona-distinguido-como-mejor-dirigente-institucional-en-el-ambito-deportivo\/\" \/>\n<meta property=\"og:locale\" content=\"es_ES\" \/>\n<meta property=\"og:type\" content=\"article\" \/>\n<meta property=\"og:title\" content=\"El alcalde de Tarragona, distinguido como Mejor Dirigente Institucional en el \u00e1mbito deportivo\" \/>\n<meta property=\"og:description\" content=\"El alcalde de Tarragona, Rub\u00e9n Vi\u00f1uales, recibir\u00e1 este viernes la distinci\u00f3n de Mejor Dirigente Institucional, un premio que otorga anualmente la Associaci\u00f3 Catalana de Dirigents de l\u2019Esport y que reconoce \u00abla trayectoria y compromiso con la promoci\u00f3n del deporte desde el \u00e1mbito institucional\u00bb. El acto de entrega se realizar\u00e1 en el marco de la Nit [&hellip;]\" \/>\n<meta property=\"og:url\" content=\"https:\/\/radiociutat.com\/es\/ultimas-noticias\/cronicas\/el-alcalde-de-tarragona-distinguido-como-mejor-dirigente-institucional-en-el-ambito-deportivo\/\" \/>\n<meta property=\"og:site_name\" content=\"R\u00e0dio Ciutat de Tarragona\" \/>\n<meta property=\"article:publisher\" content=\"https:\/\/www.facebook.com\/rctgn\" \/>\n<meta property=\"article:published_time\" content=\"2026-03-05T10:25:15+00:00\" \/>\n<meta property=\"article:modified_time\" content=\"2026-03-05T10:30:15+00:00\" \/>\n<meta property=\"og:image\" content=\"https:\/\/files.radiociutat.com\/rctgn\/wp-content\/uploads\/2024\/08\/berni-alvarez-vinuales-e1724318323751.jpg\" \/>\n\t<meta property=\"og:image:width\" content=\"800\" \/>\n\t<meta property=\"og:image:height\" content=\"600\" \/>\n\t<meta property=\"og:image:type\" content=\"image\/jpeg\" \/>\n<meta name=\"author\" content=\"Redacci\u00f3\" \/>\n<meta name=\"twitter:card\" content=\"summary_large_image\" \/>\n<meta name=\"twitter:creator\" content=\"@RCTgn\" \/>\n<meta name=\"twitter:site\" content=\"@RCTgn\" \/>\n<meta name=\"twitter:label1\" content=\"Escrito por\" \/>\n\t<meta name=\"twitter:data1\" content=\"Redacci\u00f3\" \/>\n\t<meta name=\"twitter:label2\" content=\"Tiempo de lectura\" \/>\n\t<meta name=\"twitter:data2\" content=\"1 minuto\" \/>\n<script type=\"application\/ld+json\" class=\"yoast-schema-graph\">{\"@context\":\"https:\\\/\\\/schema.org\",\"@graph\":[{\"@type\":\"Article\",\"@id\":\"https:\\\/\\\/radiociutat.com\\\/es\\\/ultimas-noticias\\\/cronicas\\\/el-alcalde-de-tarragona-distinguido-como-mejor-dirigente-institucional-en-el-ambito-deportivo\\\/#article\",\"isPartOf\":{\"@id\":\"https:\\\/\\\/radiociutat.com\\\/es\\\/ultimas-noticias\\\/cronicas\\\/el-alcalde-de-tarragona-distinguido-como-mejor-dirigente-institucional-en-el-ambito-deportivo\\\/\"},\"author\":{\"name\":\"Redacci\u00f3\",\"@id\":\"https:\\\/\\\/radiociutat.com\\\/es\\\/#\\\/schema\\\/person\\\/04b6638f9d2a9ea77408db76c5d8f0b5\"},\"headline\":\"El alcalde de Tarragona, distinguido como Mejor Dirigente Institucional en el \u00e1mbito deportivo\",\"datePublished\":\"2026-03-05T10:25:15+00:00\",\"dateModified\":\"2026-03-05T10:30:15+00:00\",\"mainEntityOfPage\":{\"@id\":\"https:\\\/\\\/radiociutat.com\\\/es\\\/ultimas-noticias\\\/cronicas\\\/el-alcalde-de-tarragona-distinguido-como-mejor-dirigente-institucional-en-el-ambito-deportivo\\\/\"},\"wordCount\":268,\"image\":{\"@id\":\"https:\\\/\\\/radiociutat.com\\\/es\\\/ultimas-noticias\\\/cronicas\\\/el-alcalde-de-tarragona-distinguido-como-mejor-dirigente-institucional-en-el-ambito-deportivo\\\/#primaryimage\"},\"thumbnailUrl\":\"https:\\\/\\\/files.radiociutat.com\\\/rctgn\\\/wp-content\\\/uploads\\\/2024\\\/08\\\/berni-alvarez-vinuales-e1724318323751.jpg\",\"keywords\":[\"Rub\u00e9n Vi\u00f1uales\"],\"articleSection\":[\"Cr\u00f3nicas\"],\"inLanguage\":\"es\"},{\"@type\":\"WebPage\",\"@id\":\"https:\\\/\\\/radiociutat.com\\\/es\\\/ultimas-noticias\\\/cronicas\\\/el-alcalde-de-tarragona-distinguido-como-mejor-dirigente-institucional-en-el-ambito-deportivo\\\/\",\"url\":\"https:\\\/\\\/radiociutat.com\\\/es\\\/ultimas-noticias\\\/cronicas\\\/el-alcalde-de-tarragona-distinguido-como-mejor-dirigente-institucional-en-el-ambito-deportivo\\\/\",\"name\":\"El alcalde de Tarragona, distinguido como Mejor Dirigente Institucional en el \u00e1mbito deportivo - R\u00e0dio Ciutat de Tarragona\",\"isPartOf\":{\"@id\":\"https:\\\/\\\/radiociutat.com\\\/es\\\/#website\"},\"primaryImageOfPage\":{\"@id\":\"https:\\\/\\\/radiociutat.com\\\/es\\\/ultimas-noticias\\\/cronicas\\\/el-alcalde-de-tarragona-distinguido-como-mejor-dirigente-institucional-en-el-ambito-deportivo\\\/#primaryimage\"},\"image\":{\"@id\":\"https:\\\/\\\/radiociutat.com\\\/es\\\/ultimas-noticias\\\/cronicas\\\/el-alcalde-de-tarragona-distinguido-como-mejor-dirigente-institucional-en-el-ambito-deportivo\\\/#primaryimage\"},\"thumbnailUrl\":\"https:\\\/\\\/files.radiociutat.com\\\/rctgn\\\/wp-content\\\/uploads\\\/2024\\\/08\\\/berni-alvarez-vinuales-e1724318323751.jpg\",\"datePublished\":\"2026-03-05T10:25:15+00:00\",\"dateModified\":\"2026-03-05T10:30:15+00:00\",\"author\":{\"@id\":\"https:\\\/\\\/radiociutat.com\\\/es\\\/#\\\/schema\\\/person\\\/04b6638f9d2a9ea77408db76c5d8f0b5\"},\"breadcrumb\":{\"@id\":\"https:\\\/\\\/radiociutat.com\\\/es\\\/ultimas-noticias\\\/cronicas\\\/el-alcalde-de-tarragona-distinguido-como-mejor-dirigente-institucional-en-el-ambito-deportivo\\\/#breadcrumb\"},\"inLanguage\":\"es\",\"potentialAction\":[{\"@type\":\"ReadAction\",\"target\":[\"https:\\\/\\\/radiociutat.com\\\/es\\\/ultimas-noticias\\\/cronicas\\\/el-alcalde-de-tarragona-distinguido-como-mejor-dirigente-institucional-en-el-ambito-deportivo\\\/\"]}]},{\"@type\":\"ImageObject\",\"inLanguage\":\"es\",\"@id\":\"https:\\\/\\\/radiociutat.com\\\/es\\\/ultimas-noticias\\\/cronicas\\\/el-alcalde-de-tarragona-distinguido-como-mejor-dirigente-institucional-en-el-ambito-deportivo\\\/#primaryimage\",\"url\":\"https:\\\/\\\/files.radiociutat.com\\\/rctgn\\\/wp-content\\\/uploads\\\/2024\\\/08\\\/berni-alvarez-vinuales-e1724318323751.jpg\",\"contentUrl\":\"https:\\\/\\\/files.radiociutat.com\\\/rctgn\\\/wp-content\\\/uploads\\\/2024\\\/08\\\/berni-alvarez-vinuales-e1724318323751.jpg\",\"width\":800,\"height\":600,\"caption\":\"Foto: Ajuntament de Tarragona\"},{\"@type\":\"BreadcrumbList\",\"@id\":\"https:\\\/\\\/radiociutat.com\\\/es\\\/ultimas-noticias\\\/cronicas\\\/el-alcalde-de-tarragona-distinguido-como-mejor-dirigente-institucional-en-el-ambito-deportivo\\\/#breadcrumb\",\"itemListElement\":[{\"@type\":\"ListItem\",\"position\":1,\"name\":\"Inici\",\"item\":\"https:\\\/\\\/radiociutat.com\\\/es\\\/\"},{\"@type\":\"ListItem\",\"position\":2,\"name\":\"El alcalde de Tarragona, distinguido como Mejor Dirigente Institucional en el \u00e1mbito deportivo\"}]},{\"@type\":\"WebSite\",\"@id\":\"https:\\\/\\\/radiociutat.com\\\/es\\\/#website\",\"url\":\"https:\\\/\\\/radiociutat.com\\\/es\\\/\",\"name\":\"R\u00e0dio Ciutat de Tarragona\",\"description\":\"R\u00e0dio Ciutat de Tarragona - RCTgn.cat R\u00e0dio Online\",\"potentialAction\":[{\"@type\":\"SearchAction\",\"target\":{\"@type\":\"EntryPoint\",\"urlTemplate\":\"https:\\\/\\\/radiociutat.com\\\/es\\\/?s={search_term_string}\"},\"query-input\":{\"@type\":\"PropertyValueSpecification\",\"valueRequired\":true,\"valueName\":\"search_term_string\"}}],\"inLanguage\":\"es\"},{\"@type\":\"Person\",\"@id\":\"https:\\\/\\\/radiociutat.com\\\/es\\\/#\\\/schema\\\/person\\\/04b6638f9d2a9ea77408db76c5d8f0b5\",\"name\":\"Redacci\u00f3\",\"sameAs\":[\"https:\\\/\\\/radiociutat.com\\\/wp-content\\\/uploads\\\/2023\\\/09\\\/LOGO-RCTGN-CUADRAT.png\"],\"url\":\"https:\\\/\\\/radiociutat.com\\\/es\\\/author\\\/jespinosa\\\/\"}]}<\/script>\n<!-- \/ Yoast SEO Premium plugin. -->","yoast_head_json":{"title":"El alcalde de Tarragona, distinguido como Mejor Dirigente Institucional en el \u00e1mbito deportivo - R\u00e0dio Ciutat de Tarragona","robots":{"index":"index","follow":"follow","max-snippet":"max-snippet:-1","max-image-preview":"max-image-preview:large","max-video-preview":"max-video-preview:-1"},"canonical":"https:\/\/radiociutat.com\/es\/ultimas-noticias\/cronicas\/el-alcalde-de-tarragona-distinguido-como-mejor-dirigente-institucional-en-el-ambito-deportivo\/","og_locale":"es_ES","og_type":"article","og_title":"El alcalde de Tarragona, distinguido como Mejor Dirigente Institucional en el \u00e1mbito deportivo","og_description":"El alcalde de Tarragona, Rub\u00e9n Vi\u00f1uales, recibir\u00e1 este viernes la distinci\u00f3n de Mejor Dirigente Institucional, un premio que otorga anualmente la Associaci\u00f3 Catalana de Dirigents de l\u2019Esport y que reconoce \u00abla trayectoria y compromiso con la promoci\u00f3n del deporte desde el \u00e1mbito institucional\u00bb. El acto de entrega se realizar\u00e1 en el marco de la Nit [&hellip;]","og_url":"https:\/\/radiociutat.com\/es\/ultimas-noticias\/cronicas\/el-alcalde-de-tarragona-distinguido-como-mejor-dirigente-institucional-en-el-ambito-deportivo\/","og_site_name":"R\u00e0dio Ciutat de Tarragona","article_publisher":"https:\/\/www.facebook.com\/rctgn","article_published_time":"2026-03-05T10:25:15+00:00","article_modified_time":"2026-03-05T10:30:15+00:00","og_image":[{"width":800,"height":600,"url":"https:\/\/files.radiociutat.com\/rctgn\/wp-content\/uploads\/2024\/08\/berni-alvarez-vinuales-e1724318323751.jpg","type":"image\/jpeg"}],"author":"Redacci\u00f3","twitter_card":"summary_large_image","twitter_creator":"@RCTgn","twitter_site":"@RCTgn","twitter_misc":{"Escrito por":"Redacci\u00f3","Tiempo de lectura":"1 minuto"},"schema":{"@context":"https:\/\/schema.org","@graph":[{"@type":"Article","@id":"https:\/\/radiociutat.com\/es\/ultimas-noticias\/cronicas\/el-alcalde-de-tarragona-distinguido-como-mejor-dirigente-institucional-en-el-ambito-deportivo\/#article","isPartOf":{"@id":"https:\/\/radiociutat.com\/es\/ultimas-noticias\/cronicas\/el-alcalde-de-tarragona-distinguido-como-mejor-dirigente-institucional-en-el-ambito-deportivo\/"},"author":{"name":"Redacci\u00f3","@id":"https:\/\/radiociutat.com\/es\/#\/schema\/person\/04b6638f9d2a9ea77408db76c5d8f0b5"},"headline":"El alcalde de Tarragona, distinguido como Mejor Dirigente Institucional en el \u00e1mbito deportivo","datePublished":"2026-03-05T10:25:15+00:00","dateModified":"2026-03-05T10:30:15+00:00","mainEntityOfPage":{"@id":"https:\/\/radiociutat.com\/es\/ultimas-noticias\/cronicas\/el-alcalde-de-tarragona-distinguido-como-mejor-dirigente-institucional-en-el-ambito-deportivo\/"},"wordCount":268,"image":{"@id":"https:\/\/radiociutat.com\/es\/ultimas-noticias\/cronicas\/el-alcalde-de-tarragona-distinguido-como-mejor-dirigente-institucional-en-el-ambito-deportivo\/#primaryimage"},"thumbnailUrl":"https:\/\/files.radiociutat.com\/rctgn\/wp-content\/uploads\/2024\/08\/berni-alvarez-vinuales-e1724318323751.jpg","keywords":["Rub\u00e9n Vi\u00f1uales"],"articleSection":["Cr\u00f3nicas"],"inLanguage":"es"},{"@type":"WebPage","@id":"https:\/\/radiociutat.com\/es\/ultimas-noticias\/cronicas\/el-alcalde-de-tarragona-distinguido-como-mejor-dirigente-institucional-en-el-ambito-deportivo\/","url":"https:\/\/radiociutat.com\/es\/ultimas-noticias\/cronicas\/el-alcalde-de-tarragona-distinguido-como-mejor-dirigente-institucional-en-el-ambito-deportivo\/","name":"El alcalde de Tarragona, distinguido como Mejor Dirigente Institucional en el \u00e1mbito deportivo - R\u00e0dio Ciutat de Tarragona","isPartOf":{"@id":"https:\/\/radiociutat.com\/es\/#website"},"primaryImageOfPage":{"@id":"https:\/\/radiociutat.com\/es\/ultimas-noticias\/cronicas\/el-alcalde-de-tarragona-distinguido-como-mejor-dirigente-institucional-en-el-ambito-deportivo\/#primaryimage"},"image":{"@id":"https:\/\/radiociutat.com\/es\/ultimas-noticias\/cronicas\/el-alcalde-de-tarragona-distinguido-como-mejor-dirigente-institucional-en-el-ambito-deportivo\/#primaryimage"},"thumbnailUrl":"https:\/\/files.radiociutat.com\/rctgn\/wp-content\/uploads\/2024\/08\/berni-alvarez-vinuales-e1724318323751.jpg","datePublished":"2026-03-05T10:25:15+00:00","dateModified":"2026-03-05T10:30:15+00:00","author":{"@id":"https:\/\/radiociutat.com\/es\/#\/schema\/person\/04b6638f9d2a9ea77408db76c5d8f0b5"},"breadcrumb":{"@id":"https:\/\/radiociutat.com\/es\/ultimas-noticias\/cronicas\/el-alcalde-de-tarragona-distinguido-como-mejor-dirigente-institucional-en-el-ambito-deportivo\/#breadcrumb"},"inLanguage":"es","potentialAction":[{"@type":"ReadAction","target":["https:\/\/radiociutat.com\/es\/ultimas-noticias\/cronicas\/el-alcalde-de-tarragona-distinguido-como-mejor-dirigente-institucional-en-el-ambito-deportivo\/"]}]},{"@type":"ImageObject","inLanguage":"es","@id":"https:\/\/radiociutat.com\/es\/ultimas-noticias\/cronicas\/el-alcalde-de-tarragona-distinguido-como-mejor-dirigente-institucional-en-el-ambito-deportivo\/#primaryimage","url":"https:\/\/files.radiociutat.com\/rctgn\/wp-content\/uploads\/2024\/08\/berni-alvarez-vinuales-e1724318323751.jpg","contentUrl":"https:\/\/files.radiociutat.com\/rctgn\/wp-content\/uploads\/2024\/08\/berni-alvarez-vinuales-e1724318323751.jpg","width":800,"height":600,"caption":"Foto: Ajuntament de Tarragona"},{"@type":"BreadcrumbList","@id":"https:\/\/radiociutat.com\/es\/ultimas-noticias\/cronicas\/el-alcalde-de-tarragona-distinguido-como-mejor-dirigente-institucional-en-el-ambito-deportivo\/#breadcrumb","itemListElement":[{"@type":"ListItem","position":1,"name":"Inici","item":"https:\/\/radiociutat.com\/es\/"},{"@type":"ListItem","position":2,"name":"El alcalde de Tarragona, distinguido como Mejor Dirigente Institucional en el \u00e1mbito deportivo"}]},{"@type":"WebSite","@id":"https:\/\/radiociutat.com\/es\/#website","url":"https:\/\/radiociutat.com\/es\/","name":"R\u00e0dio Ciutat de Tarragona","description":"R\u00e0dio Ciutat de Tarragona - RCTgn.cat R\u00e0dio Online","potentialAction":[{"@type":"SearchAction","target":{"@type":"EntryPoint","urlTemplate":"https:\/\/radiociutat.com\/es\/?s={search_term_string}"},"query-input":{"@type":"PropertyValueSpecification","valueRequired":true,"valueName":"search_term_string"}}],"inLanguage":"es"},{"@type":"Person","@id":"https:\/\/radiociutat.com\/es\/#\/schema\/person\/04b6638f9d2a9ea77408db76c5d8f0b5","name":"Redacci\u00f3","sameAs":["https:\/\/radiociutat.com\/wp-content\/uploads\/2023\/09\/LOGO-RCTGN-CUADRAT.png"],"url":"https:\/\/radiociutat.com\/es\/author\/jespinosa\/"}]}},"_links":{"self":[{"href":"https:\/\/radiociutat.com\/es\/wp-json\/wp\/v2\/posts\/367909","targetHints":{"allow":["GET"]}}],"collection":[{"href":"https:\/\/radiociutat.com\/es\/wp-json\/wp\/v2\/posts"}],"about":[{"href":"https:\/\/radiociutat.com\/es\/wp-json\/wp\/v2\/types\/post"}],"author":[{"embeddable":true,"href":"https:\/\/radiociutat.com\/es\/wp-json\/wp\/v2\/users\/1"}],"replies":[{"embeddable":true,"href":"https:\/\/radiociutat.com\/es\/wp-json\/wp\/v2\/comments?post=367909"}],"version-history":[{"count":0,"href":"https:\/\/radiociutat.com\/es\/wp-json\/wp\/v2\/posts\/367909\/revisions"}],"wp:featuredmedia":[{"embeddable":true,"href":"https:\/\/radiociutat.com\/es\/wp-json\/wp\/v2\/media\/345672"}],"wp:attachment":[{"href":"https:\/\/radiociutat.com\/es\/wp-json\/wp\/v2\/media?parent=367909"}],"wp:term":[{"taxonomy":"category","embeddable":true,"href":"https:\/\/radiociutat.com\/es\/wp-json\/wp\/v2\/categories?post=367909"},{"taxonomy":"post_tag","embeddable":true,"href":"https:\/\/radiociutat.com\/es\/wp-json\/wp\/v2\/tags?post=367909"}],"curies":[{"name":"wp","href":"https:\/\/api.w.org\/{rel}","templated":true}]}}