{"id":367874,"date":"2026-03-05T10:24:05","date_gmt":"2026-03-05T09:24:05","guid":{"rendered":"https:\/\/radiociutat.com\/programes-podcast\/renfe-incrementa-la-oferta-avant-con-1-100-plazas-diarias-mas-en-el-corredor-lleida-tarragona-barcelona\/"},"modified":"2026-03-05T10:25:21","modified_gmt":"2026-03-05T09:25:21","slug":"renfe-incrementa-la-oferta-avant-con-1-100-plazas-diarias-mas-en-el-corredor-lleida-tarragona-barcelona","status":"publish","type":"post","link":"https:\/\/radiociutat.com\/es\/ultimas-noticias\/cronicas\/renfe-incrementa-la-oferta-avant-con-1-100-plazas-diarias-mas-en-el-corredor-lleida-tarragona-barcelona\/","title":{"rendered":"Renfe incrementa la oferta Avant con 1.100 plazas diarias m\u00e1s en el corredor Lleida-Tarragona-Barcelona"},"content":{"rendered":"\n<p>El pr\u00f3ximo lunes 9 de marzo, en el marco del plan de mejora de los servicios Avant<strong>, Renfe incrementar\u00e1 en 1.134 las plazas diarias, de lunes a viernes, en el servicio entre Lleida, Tarragona y Barcelona.<\/strong> Este aumento, que representa un 50% m\u00e1s de la oferta total, ser\u00e1 posible gracias a la<strong> incorporaci\u00f3n de trenes de gran capacida<\/strong>t. Son los de la Serie 106 (Alta Velocidad de Gran Capacidad) con un total de 581 plazas en cada trayecto, que seg\u00fan la compa\u00f1\u00eda, incorporan mejoras sustanciales en accesibilidad y optimizaci\u00f3n energ\u00e9tica frente al material de la Serie 120 con el que se presta el servicio actualmente.<strong> Los usuarios de los trenes Avant en este corredor hab\u00edan reiterado la demanda de m\u00e1s frecuencias<\/strong> por la falta de oferta actual.<\/p>\n\n\n\n<p>Actualmente,<strong> Renfe opera ocho frecuencias diarias<\/strong> entre Lleida, Tarragona y Barcelona. El incremento de la oferta se ha establecido en las siguientes circulaciones: A las 7.05\u202fh de Lleida a Barcelona con 105 plazas m\u00e1s por circulaci\u00f3n; a las 19:23\u202fh de Lleida a Barcelona con 343 plazas m\u00e1s por circulaci\u00f3n; a las 18:05 de Barcelona a Lleida con 343 plazas m\u00e1s por circulaci\u00f3n; y a las 21:30\u202fh de Barcelona a Lleida con 343 plazas m\u00e1s por circulaci\u00f3n.<\/p>\n\n\n\n<p>Seg\u00fan Renfe, el establecimiento de este refuerzo de oferta se ha determinado mediante<strong> un estudio de movilidad al corredor,<\/strong> disponiendo el incremento de la oferta en algunas de las circulaciones m\u00e1s solicitadas del mismo y con el objetivo de atender la movilidad recurrente. La compa\u00f1\u00eda a\u00f1ade que estas actuaciones se enmarcan en un plan estrat\u00e9gico de adaptaci\u00f3n de la oferta de los servicios Avant a la demanda y que ya prev\u00e9 diversas actuaciones implantadas, como los servicios de altas prestaciones de Extremadura o la mejora de la oferta de plazas en los servicios Avant de Puertollano, Valladolid y Segovia.<\/p>\n","protected":false},"excerpt":{"rendered":"<p>El pr\u00f3ximo lunes 9 de marzo, en el marco del plan de mejora de los servicios Avant, Renfe incrementar\u00e1 en 1.134 las plazas diarias, de lunes a viernes, en el servicio entre Lleida, Tarragona y Barcelona. Este aumento, que representa un 50% m\u00e1s de la oferta total, ser\u00e1 posible gracias a la incorporaci\u00f3n de trenes [&hellip;]<\/p>\n","protected":false},"author":57,"featured_media":367872,"comment_status":"closed","ping_status":"closed","sticky":false,"template":"","format":"standard","meta":{"footnotes":""},"categories":[13688],"tags":[13701,13702],"class_list":["post-367874","post","type-post","status-publish","format-standard","has-post-thumbnail","hentry","category-cronicas","tag-avant-2","tag-renfe-es"],"yoast_head":"<!-- This site is optimized with the Yoast SEO Premium plugin v27.4 (Yoast SEO v27.5) - https:\/\/yoast.com\/product\/yoast-seo-premium-wordpress\/ -->\n<title>Renfe incrementa la oferta Avant con 1.100 plazas diarias m\u00e1s en el corredor Lleida-Tarragona-Barcelona - R\u00e0dio Ciutat de Tarragona<\/title>\n<meta name=\"robots\" content=\"index, follow, max-snippet:-1, max-image-preview:large, max-video-preview:-1\" \/>\n<link rel=\"canonical\" href=\"https:\/\/radiociutat.com\/es\/ultimas-noticias\/cronicas\/renfe-incrementa-la-oferta-avant-con-1-100-plazas-diarias-mas-en-el-corredor-lleida-tarragona-barcelona\/\" \/>\n<meta property=\"og:locale\" content=\"es_ES\" \/>\n<meta property=\"og:type\" content=\"article\" \/>\n<meta property=\"og:title\" content=\"Renfe incrementa la oferta Avant con 1.100 plazas diarias m\u00e1s en el corredor Lleida-Tarragona-Barcelona\" \/>\n<meta property=\"og:description\" content=\"El pr\u00f3ximo lunes 9 de marzo, en el marco del plan de mejora de los servicios Avant, Renfe incrementar\u00e1 en 1.134 las plazas diarias, de lunes a viernes, en el servicio entre Lleida, Tarragona y Barcelona. Este aumento, que representa un 50% m\u00e1s de la oferta total, ser\u00e1 posible gracias a la incorporaci\u00f3n de trenes [&hellip;]\" \/>\n<meta property=\"og:url\" content=\"https:\/\/radiociutat.com\/es\/ultimas-noticias\/cronicas\/renfe-incrementa-la-oferta-avant-con-1-100-plazas-diarias-mas-en-el-corredor-lleida-tarragona-barcelona\/\" \/>\n<meta property=\"og:site_name\" content=\"R\u00e0dio Ciutat de Tarragona\" \/>\n<meta property=\"article:publisher\" content=\"https:\/\/www.facebook.com\/rctgn\" \/>\n<meta property=\"article:published_time\" content=\"2026-03-05T09:24:05+00:00\" \/>\n<meta property=\"article:modified_time\" content=\"2026-03-05T09:25:21+00:00\" \/>\n<meta property=\"og:image\" content=\"https:\/\/files.radiociutat.com\/rctgn\/wp-content\/uploads\/2026\/03\/tREN-avant-1024x683.jpg\" \/>\n\t<meta property=\"og:image:width\" content=\"1024\" \/>\n\t<meta property=\"og:image:height\" content=\"683\" \/>\n\t<meta property=\"og:image:type\" content=\"image\/jpeg\" \/>\n<meta name=\"author\" content=\"ACN\" \/>\n<meta name=\"twitter:card\" content=\"summary_large_image\" \/>\n<meta name=\"twitter:creator\" content=\"@RCTgn\" \/>\n<meta name=\"twitter:site\" content=\"@RCTgn\" \/>\n<meta name=\"twitter:label1\" content=\"Escrito por\" \/>\n\t<meta name=\"twitter:data1\" content=\"ACN\" \/>\n\t<meta name=\"twitter:label2\" content=\"Tiempo de lectura\" \/>\n\t<meta name=\"twitter:data2\" content=\"2 minutos\" \/>\n<script type=\"application\/ld+json\" class=\"yoast-schema-graph\">{\"@context\":\"https:\\\/\\\/schema.org\",\"@graph\":[{\"@type\":\"Article\",\"@id\":\"https:\\\/\\\/radiociutat.com\\\/es\\\/ultimas-noticias\\\/cronicas\\\/renfe-incrementa-la-oferta-avant-con-1-100-plazas-diarias-mas-en-el-corredor-lleida-tarragona-barcelona\\\/#article\",\"isPartOf\":{\"@id\":\"https:\\\/\\\/radiociutat.com\\\/es\\\/ultimas-noticias\\\/cronicas\\\/renfe-incrementa-la-oferta-avant-con-1-100-plazas-diarias-mas-en-el-corredor-lleida-tarragona-barcelona\\\/\"},\"author\":{\"name\":\"ACN\",\"@id\":\"https:\\\/\\\/radiociutat.com\\\/es\\\/#\\\/schema\\\/person\\\/ea8722499f2255e1477bd2975629dc71\"},\"headline\":\"Renfe incrementa la oferta Avant con 1.100 plazas diarias m\u00e1s en el corredor Lleida-Tarragona-Barcelona\",\"datePublished\":\"2026-03-05T09:24:05+00:00\",\"dateModified\":\"2026-03-05T09:25:21+00:00\",\"mainEntityOfPage\":{\"@id\":\"https:\\\/\\\/radiociutat.com\\\/es\\\/ultimas-noticias\\\/cronicas\\\/renfe-incrementa-la-oferta-avant-con-1-100-plazas-diarias-mas-en-el-corredor-lleida-tarragona-barcelona\\\/\"},\"wordCount\":328,\"image\":{\"@id\":\"https:\\\/\\\/radiociutat.com\\\/es\\\/ultimas-noticias\\\/cronicas\\\/renfe-incrementa-la-oferta-avant-con-1-100-plazas-diarias-mas-en-el-corredor-lleida-tarragona-barcelona\\\/#primaryimage\"},\"thumbnailUrl\":\"https:\\\/\\\/files.radiociutat.com\\\/rctgn\\\/wp-content\\\/uploads\\\/2026\\\/03\\\/tREN-avant.jpg\",\"keywords\":[\"Avant\",\"RENFE\"],\"articleSection\":[\"Cr\u00f3nicas\"],\"inLanguage\":\"es\"},{\"@type\":\"WebPage\",\"@id\":\"https:\\\/\\\/radiociutat.com\\\/es\\\/ultimas-noticias\\\/cronicas\\\/renfe-incrementa-la-oferta-avant-con-1-100-plazas-diarias-mas-en-el-corredor-lleida-tarragona-barcelona\\\/\",\"url\":\"https:\\\/\\\/radiociutat.com\\\/es\\\/ultimas-noticias\\\/cronicas\\\/renfe-incrementa-la-oferta-avant-con-1-100-plazas-diarias-mas-en-el-corredor-lleida-tarragona-barcelona\\\/\",\"name\":\"Renfe incrementa la oferta Avant con 1.100 plazas diarias m\u00e1s en el corredor Lleida-Tarragona-Barcelona - R\u00e0dio Ciutat de Tarragona\",\"isPartOf\":{\"@id\":\"https:\\\/\\\/radiociutat.com\\\/es\\\/#website\"},\"primaryImageOfPage\":{\"@id\":\"https:\\\/\\\/radiociutat.com\\\/es\\\/ultimas-noticias\\\/cronicas\\\/renfe-incrementa-la-oferta-avant-con-1-100-plazas-diarias-mas-en-el-corredor-lleida-tarragona-barcelona\\\/#primaryimage\"},\"image\":{\"@id\":\"https:\\\/\\\/radiociutat.com\\\/es\\\/ultimas-noticias\\\/cronicas\\\/renfe-incrementa-la-oferta-avant-con-1-100-plazas-diarias-mas-en-el-corredor-lleida-tarragona-barcelona\\\/#primaryimage\"},\"thumbnailUrl\":\"https:\\\/\\\/files.radiociutat.com\\\/rctgn\\\/wp-content\\\/uploads\\\/2026\\\/03\\\/tREN-avant.jpg\",\"datePublished\":\"2026-03-05T09:24:05+00:00\",\"dateModified\":\"2026-03-05T09:25:21+00:00\",\"author\":{\"@id\":\"https:\\\/\\\/radiociutat.com\\\/es\\\/#\\\/schema\\\/person\\\/ea8722499f2255e1477bd2975629dc71\"},\"breadcrumb\":{\"@id\":\"https:\\\/\\\/radiociutat.com\\\/es\\\/ultimas-noticias\\\/cronicas\\\/renfe-incrementa-la-oferta-avant-con-1-100-plazas-diarias-mas-en-el-corredor-lleida-tarragona-barcelona\\\/#breadcrumb\"},\"inLanguage\":\"es\",\"potentialAction\":[{\"@type\":\"ReadAction\",\"target\":[\"https:\\\/\\\/radiociutat.com\\\/es\\\/ultimas-noticias\\\/cronicas\\\/renfe-incrementa-la-oferta-avant-con-1-100-plazas-diarias-mas-en-el-corredor-lleida-tarragona-barcelona\\\/\"]}]},{\"@type\":\"ImageObject\",\"inLanguage\":\"es\",\"@id\":\"https:\\\/\\\/radiociutat.com\\\/es\\\/ultimas-noticias\\\/cronicas\\\/renfe-incrementa-la-oferta-avant-con-1-100-plazas-diarias-mas-en-el-corredor-lleida-tarragona-barcelona\\\/#primaryimage\",\"url\":\"https:\\\/\\\/files.radiociutat.com\\\/rctgn\\\/wp-content\\\/uploads\\\/2026\\\/03\\\/tREN-avant.jpg\",\"contentUrl\":\"https:\\\/\\\/files.radiociutat.com\\\/rctgn\\\/wp-content\\\/uploads\\\/2026\\\/03\\\/tREN-avant.jpg\",\"width\":2500,\"height\":1667},{\"@type\":\"BreadcrumbList\",\"@id\":\"https:\\\/\\\/radiociutat.com\\\/es\\\/ultimas-noticias\\\/cronicas\\\/renfe-incrementa-la-oferta-avant-con-1-100-plazas-diarias-mas-en-el-corredor-lleida-tarragona-barcelona\\\/#breadcrumb\",\"itemListElement\":[{\"@type\":\"ListItem\",\"position\":1,\"name\":\"Inici\",\"item\":\"https:\\\/\\\/radiociutat.com\\\/es\\\/\"},{\"@type\":\"ListItem\",\"position\":2,\"name\":\"Renfe incrementa la oferta Avant con 1.100 plazas diarias m\u00e1s en el corredor Lleida-Tarragona-Barcelona\"}]},{\"@type\":\"WebSite\",\"@id\":\"https:\\\/\\\/radiociutat.com\\\/es\\\/#website\",\"url\":\"https:\\\/\\\/radiociutat.com\\\/es\\\/\",\"name\":\"R\u00e0dio Ciutat de Tarragona\",\"description\":\"R\u00e0dio Ciutat de Tarragona - RCTgn.cat R\u00e0dio Online\",\"potentialAction\":[{\"@type\":\"SearchAction\",\"target\":{\"@type\":\"EntryPoint\",\"urlTemplate\":\"https:\\\/\\\/radiociutat.com\\\/es\\\/?s={search_term_string}\"},\"query-input\":{\"@type\":\"PropertyValueSpecification\",\"valueRequired\":true,\"valueName\":\"search_term_string\"}}],\"inLanguage\":\"es\"},{\"@type\":\"Person\",\"@id\":\"https:\\\/\\\/radiociutat.com\\\/es\\\/#\\\/schema\\\/person\\\/ea8722499f2255e1477bd2975629dc71\",\"name\":\"ACN\",\"sameAs\":[\"https:\\\/\\\/radiociutat.com\\\/wp-content\\\/uploads\\\/2023\\\/09\\\/acn-e1694789176650.png\"],\"url\":\"https:\\\/\\\/radiociutat.com\\\/es\\\/author\\\/acn\\\/\"}]}<\/script>\n<!-- \/ Yoast SEO Premium plugin. -->","yoast_head_json":{"title":"Renfe incrementa la oferta Avant con 1.100 plazas diarias m\u00e1s en el corredor Lleida-Tarragona-Barcelona - R\u00e0dio Ciutat de Tarragona","robots":{"index":"index","follow":"follow","max-snippet":"max-snippet:-1","max-image-preview":"max-image-preview:large","max-video-preview":"max-video-preview:-1"},"canonical":"https:\/\/radiociutat.com\/es\/ultimas-noticias\/cronicas\/renfe-incrementa-la-oferta-avant-con-1-100-plazas-diarias-mas-en-el-corredor-lleida-tarragona-barcelona\/","og_locale":"es_ES","og_type":"article","og_title":"Renfe incrementa la oferta Avant con 1.100 plazas diarias m\u00e1s en el corredor Lleida-Tarragona-Barcelona","og_description":"El pr\u00f3ximo lunes 9 de marzo, en el marco del plan de mejora de los servicios Avant, Renfe incrementar\u00e1 en 1.134 las plazas diarias, de lunes a viernes, en el servicio entre Lleida, Tarragona y Barcelona. Este aumento, que representa un 50% m\u00e1s de la oferta total, ser\u00e1 posible gracias a la incorporaci\u00f3n de trenes [&hellip;]","og_url":"https:\/\/radiociutat.com\/es\/ultimas-noticias\/cronicas\/renfe-incrementa-la-oferta-avant-con-1-100-plazas-diarias-mas-en-el-corredor-lleida-tarragona-barcelona\/","og_site_name":"R\u00e0dio Ciutat de Tarragona","article_publisher":"https:\/\/www.facebook.com\/rctgn","article_published_time":"2026-03-05T09:24:05+00:00","article_modified_time":"2026-03-05T09:25:21+00:00","og_image":[{"width":1024,"height":683,"url":"https:\/\/files.radiociutat.com\/rctgn\/wp-content\/uploads\/2026\/03\/tREN-avant-1024x683.jpg","type":"image\/jpeg"}],"author":"ACN","twitter_card":"summary_large_image","twitter_creator":"@RCTgn","twitter_site":"@RCTgn","twitter_misc":{"Escrito por":"ACN","Tiempo de lectura":"2 minutos"},"schema":{"@context":"https:\/\/schema.org","@graph":[{"@type":"Article","@id":"https:\/\/radiociutat.com\/es\/ultimas-noticias\/cronicas\/renfe-incrementa-la-oferta-avant-con-1-100-plazas-diarias-mas-en-el-corredor-lleida-tarragona-barcelona\/#article","isPartOf":{"@id":"https:\/\/radiociutat.com\/es\/ultimas-noticias\/cronicas\/renfe-incrementa-la-oferta-avant-con-1-100-plazas-diarias-mas-en-el-corredor-lleida-tarragona-barcelona\/"},"author":{"name":"ACN","@id":"https:\/\/radiociutat.com\/es\/#\/schema\/person\/ea8722499f2255e1477bd2975629dc71"},"headline":"Renfe incrementa la oferta Avant con 1.100 plazas diarias m\u00e1s en el corredor Lleida-Tarragona-Barcelona","datePublished":"2026-03-05T09:24:05+00:00","dateModified":"2026-03-05T09:25:21+00:00","mainEntityOfPage":{"@id":"https:\/\/radiociutat.com\/es\/ultimas-noticias\/cronicas\/renfe-incrementa-la-oferta-avant-con-1-100-plazas-diarias-mas-en-el-corredor-lleida-tarragona-barcelona\/"},"wordCount":328,"image":{"@id":"https:\/\/radiociutat.com\/es\/ultimas-noticias\/cronicas\/renfe-incrementa-la-oferta-avant-con-1-100-plazas-diarias-mas-en-el-corredor-lleida-tarragona-barcelona\/#primaryimage"},"thumbnailUrl":"https:\/\/files.radiociutat.com\/rctgn\/wp-content\/uploads\/2026\/03\/tREN-avant.jpg","keywords":["Avant","RENFE"],"articleSection":["Cr\u00f3nicas"],"inLanguage":"es"},{"@type":"WebPage","@id":"https:\/\/radiociutat.com\/es\/ultimas-noticias\/cronicas\/renfe-incrementa-la-oferta-avant-con-1-100-plazas-diarias-mas-en-el-corredor-lleida-tarragona-barcelona\/","url":"https:\/\/radiociutat.com\/es\/ultimas-noticias\/cronicas\/renfe-incrementa-la-oferta-avant-con-1-100-plazas-diarias-mas-en-el-corredor-lleida-tarragona-barcelona\/","name":"Renfe incrementa la oferta Avant con 1.100 plazas diarias m\u00e1s en el corredor Lleida-Tarragona-Barcelona - R\u00e0dio Ciutat de Tarragona","isPartOf":{"@id":"https:\/\/radiociutat.com\/es\/#website"},"primaryImageOfPage":{"@id":"https:\/\/radiociutat.com\/es\/ultimas-noticias\/cronicas\/renfe-incrementa-la-oferta-avant-con-1-100-plazas-diarias-mas-en-el-corredor-lleida-tarragona-barcelona\/#primaryimage"},"image":{"@id":"https:\/\/radiociutat.com\/es\/ultimas-noticias\/cronicas\/renfe-incrementa-la-oferta-avant-con-1-100-plazas-diarias-mas-en-el-corredor-lleida-tarragona-barcelona\/#primaryimage"},"thumbnailUrl":"https:\/\/files.radiociutat.com\/rctgn\/wp-content\/uploads\/2026\/03\/tREN-avant.jpg","datePublished":"2026-03-05T09:24:05+00:00","dateModified":"2026-03-05T09:25:21+00:00","author":{"@id":"https:\/\/radiociutat.com\/es\/#\/schema\/person\/ea8722499f2255e1477bd2975629dc71"},"breadcrumb":{"@id":"https:\/\/radiociutat.com\/es\/ultimas-noticias\/cronicas\/renfe-incrementa-la-oferta-avant-con-1-100-plazas-diarias-mas-en-el-corredor-lleida-tarragona-barcelona\/#breadcrumb"},"inLanguage":"es","potentialAction":[{"@type":"ReadAction","target":["https:\/\/radiociutat.com\/es\/ultimas-noticias\/cronicas\/renfe-incrementa-la-oferta-avant-con-1-100-plazas-diarias-mas-en-el-corredor-lleida-tarragona-barcelona\/"]}]},{"@type":"ImageObject","inLanguage":"es","@id":"https:\/\/radiociutat.com\/es\/ultimas-noticias\/cronicas\/renfe-incrementa-la-oferta-avant-con-1-100-plazas-diarias-mas-en-el-corredor-lleida-tarragona-barcelona\/#primaryimage","url":"https:\/\/files.radiociutat.com\/rctgn\/wp-content\/uploads\/2026\/03\/tREN-avant.jpg","contentUrl":"https:\/\/files.radiociutat.com\/rctgn\/wp-content\/uploads\/2026\/03\/tREN-avant.jpg","width":2500,"height":1667},{"@type":"BreadcrumbList","@id":"https:\/\/radiociutat.com\/es\/ultimas-noticias\/cronicas\/renfe-incrementa-la-oferta-avant-con-1-100-plazas-diarias-mas-en-el-corredor-lleida-tarragona-barcelona\/#breadcrumb","itemListElement":[{"@type":"ListItem","position":1,"name":"Inici","item":"https:\/\/radiociutat.com\/es\/"},{"@type":"ListItem","position":2,"name":"Renfe incrementa la oferta Avant con 1.100 plazas diarias m\u00e1s en el corredor Lleida-Tarragona-Barcelona"}]},{"@type":"WebSite","@id":"https:\/\/radiociutat.com\/es\/#website","url":"https:\/\/radiociutat.com\/es\/","name":"R\u00e0dio Ciutat de Tarragona","description":"R\u00e0dio Ciutat de Tarragona - RCTgn.cat R\u00e0dio Online","potentialAction":[{"@type":"SearchAction","target":{"@type":"EntryPoint","urlTemplate":"https:\/\/radiociutat.com\/es\/?s={search_term_string}"},"query-input":{"@type":"PropertyValueSpecification","valueRequired":true,"valueName":"search_term_string"}}],"inLanguage":"es"},{"@type":"Person","@id":"https:\/\/radiociutat.com\/es\/#\/schema\/person\/ea8722499f2255e1477bd2975629dc71","name":"ACN","sameAs":["https:\/\/radiociutat.com\/wp-content\/uploads\/2023\/09\/acn-e1694789176650.png"],"url":"https:\/\/radiociutat.com\/es\/author\/acn\/"}]}},"_links":{"self":[{"href":"https:\/\/radiociutat.com\/es\/wp-json\/wp\/v2\/posts\/367874","targetHints":{"allow":["GET"]}}],"collection":[{"href":"https:\/\/radiociutat.com\/es\/wp-json\/wp\/v2\/posts"}],"about":[{"href":"https:\/\/radiociutat.com\/es\/wp-json\/wp\/v2\/types\/post"}],"author":[{"embeddable":true,"href":"https:\/\/radiociutat.com\/es\/wp-json\/wp\/v2\/users\/57"}],"replies":[{"embeddable":true,"href":"https:\/\/radiociutat.com\/es\/wp-json\/wp\/v2\/comments?post=367874"}],"version-history":[{"count":0,"href":"https:\/\/radiociutat.com\/es\/wp-json\/wp\/v2\/posts\/367874\/revisions"}],"wp:featuredmedia":[{"embeddable":true,"href":"https:\/\/radiociutat.com\/es\/wp-json\/wp\/v2\/media\/367872"}],"wp:attachment":[{"href":"https:\/\/radiociutat.com\/es\/wp-json\/wp\/v2\/media?parent=367874"}],"wp:term":[{"taxonomy":"category","embeddable":true,"href":"https:\/\/radiociutat.com\/es\/wp-json\/wp\/v2\/categories?post=367874"},{"taxonomy":"post_tag","embeddable":true,"href":"https:\/\/radiociutat.com\/es\/wp-json\/wp\/v2\/tags?post=367874"}],"curies":[{"name":"wp","href":"https:\/\/api.w.org\/{rel}","templated":true}]}}