{"id":367867,"date":"2026-03-05T10:15:00","date_gmt":"2026-03-05T09:15:00","guid":{"rendered":"https:\/\/radiociutat.com\/programes-podcast\/carrer-major-ong-los-campos-de-solidaridad-con-setem-tarragona\/"},"modified":"2026-03-15T10:45:30","modified_gmt":"2026-03-15T09:45:30","slug":"carrer-major-ong-los-campos-de-solidaridad-con-setem-tarragona","status":"publish","type":"post","link":"https:\/\/radiociutat.com\/es\/carrer-major-tarragona-secciones\/carrer-major-ong-los-campos-de-solidaridad-con-setem-tarragona\/","title":{"rendered":"Carrer Major | ONG: Los campos de solidaridad con SETEM Tarragona"},"content":{"rendered":"\n<p>En #CarrerMajor hemos hablado con <strong>Laura Aguad\u00e9<\/strong> y <strong>Cristina Camps<\/strong>, miembros de SETEM Tarragona, para descubrir los campos de solidaridad que impulsa la asociaci\u00f3n y otras actividades activistas que organizan.<\/p>\n\n\n\n<p id=\"h-\">Se trata de un proceso que ofrece la oportunidad de conocer organizaciones y alternativas sociales del Sur Global, con el objetivo de formar sobre las crecientes desigualdades Norte-Sur, promover la transformaci\u00f3n social con propuestas de movilizaci\u00f3n locales, y conectar los colectivos y entidades del Sur Global con la comunidad de activistas de SETEM Catalu\u00f1a.<\/p>\n\n\n\n<p id=\"h-\">A trav\u00e9s de diferentes itinerarios de activismo, que incorporan un proceso formativo en Catalu\u00f1a, una estancia internacional de 3 semanas, y la participaci\u00f3n y movilizaci\u00f3n comunitaria en Catalu\u00f1a, se ofrece la oportunidad de profundizar en diversas tem\u00e1ticas, de la mano de entidades y movimientos sociales del Sur Global, especializadas en \u00e1mbitos como la soberan\u00eda alimentaria, derechos laborales, justicia clim\u00e1tica y de g\u00e9nero, soberan\u00eda de los pueblos, y econom\u00eda social y solidaria. M\u00e1s de 8.000 personas han participado desde el a\u00f1o 1991.<\/p>\n","protected":false},"excerpt":{"rendered":"<p>En #CarrerMajor hemos hablado con Laura Aguad\u00e9 y Cristina Camps, miembros de SETEM Tarragona, para descubrir los campos de solidaridad que impulsa la asociaci\u00f3n y otras actividades activistas que organizan. Se trata de un proceso que ofrece la oportunidad de conocer organizaciones y alternativas sociales del Sur Global, con el objetivo de formar sobre las [&hellip;]<\/p>\n","protected":false},"author":104,"featured_media":240478,"comment_status":"closed","ping_status":"closed","sticky":false,"template":"","format":"video","meta":{"footnotes":""},"categories":[13680,13703],"tags":[13704,13705,13706],"class_list":["post-367867","post","type-post","status-publish","format-video","has-post-thumbnail","hentry","category-carrer-major-tarragona-secciones","category-ong","tag-callemayor","tag-ong-2","tag-setem-tarragona-2","post_format-post-format-video"],"yoast_head":"<!-- This site is optimized with the Yoast SEO Premium plugin v27.4 (Yoast SEO v27.5) - https:\/\/yoast.com\/product\/yoast-seo-premium-wordpress\/ -->\n<title>Carrer Major | ONG: Los campos de solidaridad con SETEM Tarragona - R\u00e0dio Ciutat de Tarragona<\/title>\n<meta name=\"robots\" content=\"index, follow, max-snippet:-1, max-image-preview:large, max-video-preview:-1\" \/>\n<link rel=\"canonical\" href=\"https:\/\/radiociutat.com\/es\/carrer-major-tarragona-secciones\/carrer-major-ong-los-campos-de-solidaridad-con-setem-tarragona\/\" \/>\n<meta property=\"og:locale\" content=\"es_ES\" \/>\n<meta property=\"og:type\" content=\"article\" \/>\n<meta property=\"og:title\" content=\"Carrer Major | ONG: Los campos de solidaridad con SETEM Tarragona\" \/>\n<meta property=\"og:description\" content=\"En #CarrerMajor hemos hablado con Laura Aguad\u00e9 y Cristina Camps, miembros de SETEM Tarragona, para descubrir los campos de solidaridad que impulsa la asociaci\u00f3n y otras actividades activistas que organizan. Se trata de un proceso que ofrece la oportunidad de conocer organizaciones y alternativas sociales del Sur Global, con el objetivo de formar sobre las [&hellip;]\" \/>\n<meta property=\"og:url\" content=\"https:\/\/radiociutat.com\/es\/carrer-major-tarragona-secciones\/carrer-major-ong-los-campos-de-solidaridad-con-setem-tarragona\/\" \/>\n<meta property=\"og:site_name\" content=\"R\u00e0dio Ciutat de Tarragona\" \/>\n<meta property=\"article:publisher\" content=\"https:\/\/www.facebook.com\/rctgn\" \/>\n<meta property=\"article:published_time\" content=\"2026-03-05T09:15:00+00:00\" \/>\n<meta property=\"article:modified_time\" content=\"2026-03-15T09:45:30+00:00\" \/>\n<meta property=\"og:image\" content=\"https:\/\/files.radiociutat.com\/rctgn\/wp-content\/uploads\/2026\/03\/ONG-03-03-e1772548682671.jpg\" \/>\n\t<meta property=\"og:image:width\" content=\"1668\" \/>\n\t<meta property=\"og:image:height\" content=\"920\" \/>\n\t<meta property=\"og:image:type\" content=\"image\/jpeg\" \/>\n<meta name=\"author\" content=\"Eduard Par\u00eds\" \/>\n<meta name=\"twitter:card\" content=\"summary_large_image\" \/>\n<meta name=\"twitter:creator\" content=\"@RCTgn\" \/>\n<meta name=\"twitter:site\" content=\"@RCTgn\" \/>\n<meta name=\"twitter:label1\" content=\"Escrito por\" \/>\n\t<meta name=\"twitter:data1\" content=\"Eduard Par\u00eds\" \/>\n\t<meta name=\"twitter:label2\" content=\"Tiempo de lectura\" \/>\n\t<meta name=\"twitter:data2\" content=\"1 minuto\" \/>\n<script type=\"application\/ld+json\" class=\"yoast-schema-graph\">{\"@context\":\"https:\\\/\\\/schema.org\",\"@graph\":[{\"@type\":\"Article\",\"@id\":\"https:\\\/\\\/radiociutat.com\\\/es\\\/carrer-major-tarragona-secciones\\\/carrer-major-ong-los-campos-de-solidaridad-con-setem-tarragona\\\/#article\",\"isPartOf\":{\"@id\":\"https:\\\/\\\/radiociutat.com\\\/es\\\/carrer-major-tarragona-secciones\\\/carrer-major-ong-los-campos-de-solidaridad-con-setem-tarragona\\\/\"},\"author\":{\"name\":\"Eduard Par\u00eds\",\"@id\":\"https:\\\/\\\/radiociutat.com\\\/es\\\/#\\\/schema\\\/person\\\/0e9e2a935ba5449ab0f804a7b413a7ca\"},\"headline\":\"Carrer Major | ONG: Los campos de solidaridad con SETEM Tarragona\",\"datePublished\":\"2026-03-05T09:15:00+00:00\",\"dateModified\":\"2026-03-15T09:45:30+00:00\",\"mainEntityOfPage\":{\"@id\":\"https:\\\/\\\/radiociutat.com\\\/es\\\/carrer-major-tarragona-secciones\\\/carrer-major-ong-los-campos-de-solidaridad-con-setem-tarragona\\\/\"},\"wordCount\":189,\"image\":{\"@id\":\"https:\\\/\\\/radiociutat.com\\\/es\\\/carrer-major-tarragona-secciones\\\/carrer-major-ong-los-campos-de-solidaridad-con-setem-tarragona\\\/#primaryimage\"},\"thumbnailUrl\":\"https:\\\/\\\/files.radiociutat.com\\\/rctgn\\\/wp-content\\\/uploads\\\/2026\\\/03\\\/ONG-03-03-e1772548682671.jpg\",\"keywords\":[\"#CalleMayor\",\"ONG\",\"SETEM Tarragona\"],\"articleSection\":[\"Carrer Major Tarragona | Secciones\",\"ONG\"],\"inLanguage\":\"es\"},{\"@type\":\"WebPage\",\"@id\":\"https:\\\/\\\/radiociutat.com\\\/es\\\/carrer-major-tarragona-secciones\\\/carrer-major-ong-los-campos-de-solidaridad-con-setem-tarragona\\\/\",\"url\":\"https:\\\/\\\/radiociutat.com\\\/es\\\/carrer-major-tarragona-secciones\\\/carrer-major-ong-los-campos-de-solidaridad-con-setem-tarragona\\\/\",\"name\":\"Carrer Major | ONG: Los campos de solidaridad con SETEM Tarragona - R\u00e0dio Ciutat de Tarragona\",\"isPartOf\":{\"@id\":\"https:\\\/\\\/radiociutat.com\\\/es\\\/#website\"},\"primaryImageOfPage\":{\"@id\":\"https:\\\/\\\/radiociutat.com\\\/es\\\/carrer-major-tarragona-secciones\\\/carrer-major-ong-los-campos-de-solidaridad-con-setem-tarragona\\\/#primaryimage\"},\"image\":{\"@id\":\"https:\\\/\\\/radiociutat.com\\\/es\\\/carrer-major-tarragona-secciones\\\/carrer-major-ong-los-campos-de-solidaridad-con-setem-tarragona\\\/#primaryimage\"},\"thumbnailUrl\":\"https:\\\/\\\/files.radiociutat.com\\\/rctgn\\\/wp-content\\\/uploads\\\/2026\\\/03\\\/ONG-03-03-e1772548682671.jpg\",\"datePublished\":\"2026-03-05T09:15:00+00:00\",\"dateModified\":\"2026-03-15T09:45:30+00:00\",\"author\":{\"@id\":\"https:\\\/\\\/radiociutat.com\\\/es\\\/#\\\/schema\\\/person\\\/0e9e2a935ba5449ab0f804a7b413a7ca\"},\"breadcrumb\":{\"@id\":\"https:\\\/\\\/radiociutat.com\\\/es\\\/carrer-major-tarragona-secciones\\\/carrer-major-ong-los-campos-de-solidaridad-con-setem-tarragona\\\/#breadcrumb\"},\"inLanguage\":\"es\",\"potentialAction\":[{\"@type\":\"ReadAction\",\"target\":[\"https:\\\/\\\/radiociutat.com\\\/es\\\/carrer-major-tarragona-secciones\\\/carrer-major-ong-los-campos-de-solidaridad-con-setem-tarragona\\\/\"]}]},{\"@type\":\"ImageObject\",\"inLanguage\":\"es\",\"@id\":\"https:\\\/\\\/radiociutat.com\\\/es\\\/carrer-major-tarragona-secciones\\\/carrer-major-ong-los-campos-de-solidaridad-con-setem-tarragona\\\/#primaryimage\",\"url\":\"https:\\\/\\\/files.radiociutat.com\\\/rctgn\\\/wp-content\\\/uploads\\\/2026\\\/03\\\/ONG-03-03-e1772548682671.jpg\",\"contentUrl\":\"https:\\\/\\\/files.radiociutat.com\\\/rctgn\\\/wp-content\\\/uploads\\\/2026\\\/03\\\/ONG-03-03-e1772548682671.jpg\",\"width\":1668,\"height\":920},{\"@type\":\"BreadcrumbList\",\"@id\":\"https:\\\/\\\/radiociutat.com\\\/es\\\/carrer-major-tarragona-secciones\\\/carrer-major-ong-los-campos-de-solidaridad-con-setem-tarragona\\\/#breadcrumb\",\"itemListElement\":[{\"@type\":\"ListItem\",\"position\":1,\"name\":\"Inici\",\"item\":\"https:\\\/\\\/radiociutat.com\\\/es\\\/\"},{\"@type\":\"ListItem\",\"position\":2,\"name\":\"Carrer Major | ONG: Los campos de solidaridad con SETEM Tarragona\"}]},{\"@type\":\"WebSite\",\"@id\":\"https:\\\/\\\/radiociutat.com\\\/es\\\/#website\",\"url\":\"https:\\\/\\\/radiociutat.com\\\/es\\\/\",\"name\":\"R\u00e0dio Ciutat de Tarragona\",\"description\":\"R\u00e0dio Ciutat de Tarragona - RCTgn.cat R\u00e0dio Online\",\"potentialAction\":[{\"@type\":\"SearchAction\",\"target\":{\"@type\":\"EntryPoint\",\"urlTemplate\":\"https:\\\/\\\/radiociutat.com\\\/es\\\/?s={search_term_string}\"},\"query-input\":{\"@type\":\"PropertyValueSpecification\",\"valueRequired\":true,\"valueName\":\"search_term_string\"}}],\"inLanguage\":\"es\"},{\"@type\":\"Person\",\"@id\":\"https:\\\/\\\/radiociutat.com\\\/es\\\/#\\\/schema\\\/person\\\/0e9e2a935ba5449ab0f804a7b413a7ca\",\"name\":\"Eduard Par\u00eds\",\"url\":\"https:\\\/\\\/radiociutat.com\\\/es\\\/author\\\/eparis\\\/\"}]}<\/script>\n<!-- \/ Yoast SEO Premium plugin. -->","yoast_head_json":{"title":"Carrer Major | ONG: Los campos de solidaridad con SETEM Tarragona - R\u00e0dio Ciutat de Tarragona","robots":{"index":"index","follow":"follow","max-snippet":"max-snippet:-1","max-image-preview":"max-image-preview:large","max-video-preview":"max-video-preview:-1"},"canonical":"https:\/\/radiociutat.com\/es\/carrer-major-tarragona-secciones\/carrer-major-ong-los-campos-de-solidaridad-con-setem-tarragona\/","og_locale":"es_ES","og_type":"article","og_title":"Carrer Major | ONG: Los campos de solidaridad con SETEM Tarragona","og_description":"En #CarrerMajor hemos hablado con Laura Aguad\u00e9 y Cristina Camps, miembros de SETEM Tarragona, para descubrir los campos de solidaridad que impulsa la asociaci\u00f3n y otras actividades activistas que organizan. Se trata de un proceso que ofrece la oportunidad de conocer organizaciones y alternativas sociales del Sur Global, con el objetivo de formar sobre las [&hellip;]","og_url":"https:\/\/radiociutat.com\/es\/carrer-major-tarragona-secciones\/carrer-major-ong-los-campos-de-solidaridad-con-setem-tarragona\/","og_site_name":"R\u00e0dio Ciutat de Tarragona","article_publisher":"https:\/\/www.facebook.com\/rctgn","article_published_time":"2026-03-05T09:15:00+00:00","article_modified_time":"2026-03-15T09:45:30+00:00","og_image":[{"width":1668,"height":920,"url":"https:\/\/files.radiociutat.com\/rctgn\/wp-content\/uploads\/2026\/03\/ONG-03-03-e1772548682671.jpg","type":"image\/jpeg"}],"author":"Eduard Par\u00eds","twitter_card":"summary_large_image","twitter_creator":"@RCTgn","twitter_site":"@RCTgn","twitter_misc":{"Escrito por":"Eduard Par\u00eds","Tiempo de lectura":"1 minuto"},"schema":{"@context":"https:\/\/schema.org","@graph":[{"@type":"Article","@id":"https:\/\/radiociutat.com\/es\/carrer-major-tarragona-secciones\/carrer-major-ong-los-campos-de-solidaridad-con-setem-tarragona\/#article","isPartOf":{"@id":"https:\/\/radiociutat.com\/es\/carrer-major-tarragona-secciones\/carrer-major-ong-los-campos-de-solidaridad-con-setem-tarragona\/"},"author":{"name":"Eduard Par\u00eds","@id":"https:\/\/radiociutat.com\/es\/#\/schema\/person\/0e9e2a935ba5449ab0f804a7b413a7ca"},"headline":"Carrer Major | ONG: Los campos de solidaridad con SETEM Tarragona","datePublished":"2026-03-05T09:15:00+00:00","dateModified":"2026-03-15T09:45:30+00:00","mainEntityOfPage":{"@id":"https:\/\/radiociutat.com\/es\/carrer-major-tarragona-secciones\/carrer-major-ong-los-campos-de-solidaridad-con-setem-tarragona\/"},"wordCount":189,"image":{"@id":"https:\/\/radiociutat.com\/es\/carrer-major-tarragona-secciones\/carrer-major-ong-los-campos-de-solidaridad-con-setem-tarragona\/#primaryimage"},"thumbnailUrl":"https:\/\/files.radiociutat.com\/rctgn\/wp-content\/uploads\/2026\/03\/ONG-03-03-e1772548682671.jpg","keywords":["#CalleMayor","ONG","SETEM Tarragona"],"articleSection":["Carrer Major Tarragona | Secciones","ONG"],"inLanguage":"es"},{"@type":"WebPage","@id":"https:\/\/radiociutat.com\/es\/carrer-major-tarragona-secciones\/carrer-major-ong-los-campos-de-solidaridad-con-setem-tarragona\/","url":"https:\/\/radiociutat.com\/es\/carrer-major-tarragona-secciones\/carrer-major-ong-los-campos-de-solidaridad-con-setem-tarragona\/","name":"Carrer Major | ONG: Los campos de solidaridad con SETEM Tarragona - R\u00e0dio Ciutat de Tarragona","isPartOf":{"@id":"https:\/\/radiociutat.com\/es\/#website"},"primaryImageOfPage":{"@id":"https:\/\/radiociutat.com\/es\/carrer-major-tarragona-secciones\/carrer-major-ong-los-campos-de-solidaridad-con-setem-tarragona\/#primaryimage"},"image":{"@id":"https:\/\/radiociutat.com\/es\/carrer-major-tarragona-secciones\/carrer-major-ong-los-campos-de-solidaridad-con-setem-tarragona\/#primaryimage"},"thumbnailUrl":"https:\/\/files.radiociutat.com\/rctgn\/wp-content\/uploads\/2026\/03\/ONG-03-03-e1772548682671.jpg","datePublished":"2026-03-05T09:15:00+00:00","dateModified":"2026-03-15T09:45:30+00:00","author":{"@id":"https:\/\/radiociutat.com\/es\/#\/schema\/person\/0e9e2a935ba5449ab0f804a7b413a7ca"},"breadcrumb":{"@id":"https:\/\/radiociutat.com\/es\/carrer-major-tarragona-secciones\/carrer-major-ong-los-campos-de-solidaridad-con-setem-tarragona\/#breadcrumb"},"inLanguage":"es","potentialAction":[{"@type":"ReadAction","target":["https:\/\/radiociutat.com\/es\/carrer-major-tarragona-secciones\/carrer-major-ong-los-campos-de-solidaridad-con-setem-tarragona\/"]}]},{"@type":"ImageObject","inLanguage":"es","@id":"https:\/\/radiociutat.com\/es\/carrer-major-tarragona-secciones\/carrer-major-ong-los-campos-de-solidaridad-con-setem-tarragona\/#primaryimage","url":"https:\/\/files.radiociutat.com\/rctgn\/wp-content\/uploads\/2026\/03\/ONG-03-03-e1772548682671.jpg","contentUrl":"https:\/\/files.radiociutat.com\/rctgn\/wp-content\/uploads\/2026\/03\/ONG-03-03-e1772548682671.jpg","width":1668,"height":920},{"@type":"BreadcrumbList","@id":"https:\/\/radiociutat.com\/es\/carrer-major-tarragona-secciones\/carrer-major-ong-los-campos-de-solidaridad-con-setem-tarragona\/#breadcrumb","itemListElement":[{"@type":"ListItem","position":1,"name":"Inici","item":"https:\/\/radiociutat.com\/es\/"},{"@type":"ListItem","position":2,"name":"Carrer Major | ONG: Los campos de solidaridad con SETEM Tarragona"}]},{"@type":"WebSite","@id":"https:\/\/radiociutat.com\/es\/#website","url":"https:\/\/radiociutat.com\/es\/","name":"R\u00e0dio Ciutat de Tarragona","description":"R\u00e0dio Ciutat de Tarragona - RCTgn.cat R\u00e0dio Online","potentialAction":[{"@type":"SearchAction","target":{"@type":"EntryPoint","urlTemplate":"https:\/\/radiociutat.com\/es\/?s={search_term_string}"},"query-input":{"@type":"PropertyValueSpecification","valueRequired":true,"valueName":"search_term_string"}}],"inLanguage":"es"},{"@type":"Person","@id":"https:\/\/radiociutat.com\/es\/#\/schema\/person\/0e9e2a935ba5449ab0f804a7b413a7ca","name":"Eduard Par\u00eds","url":"https:\/\/radiociutat.com\/es\/author\/eparis\/"}]}},"_links":{"self":[{"href":"https:\/\/radiociutat.com\/es\/wp-json\/wp\/v2\/posts\/367867","targetHints":{"allow":["GET"]}}],"collection":[{"href":"https:\/\/radiociutat.com\/es\/wp-json\/wp\/v2\/posts"}],"about":[{"href":"https:\/\/radiociutat.com\/es\/wp-json\/wp\/v2\/types\/post"}],"author":[{"embeddable":true,"href":"https:\/\/radiociutat.com\/es\/wp-json\/wp\/v2\/users\/104"}],"replies":[{"embeddable":true,"href":"https:\/\/radiociutat.com\/es\/wp-json\/wp\/v2\/comments?post=367867"}],"version-history":[{"count":1,"href":"https:\/\/radiociutat.com\/es\/wp-json\/wp\/v2\/posts\/367867\/revisions"}],"predecessor-version":[{"id":369629,"href":"https:\/\/radiociutat.com\/es\/wp-json\/wp\/v2\/posts\/367867\/revisions\/369629"}],"wp:featuredmedia":[{"embeddable":true,"href":"https:\/\/radiociutat.com\/es\/wp-json\/wp\/v2\/media\/240478"}],"wp:attachment":[{"href":"https:\/\/radiociutat.com\/es\/wp-json\/wp\/v2\/media?parent=367867"}],"wp:term":[{"taxonomy":"category","embeddable":true,"href":"https:\/\/radiociutat.com\/es\/wp-json\/wp\/v2\/categories?post=367867"},{"taxonomy":"post_tag","embeddable":true,"href":"https:\/\/radiociutat.com\/es\/wp-json\/wp\/v2\/tags?post=367867"}],"curies":[{"name":"wp","href":"https:\/\/api.w.org\/{rel}","templated":true}]}}