{"id":240305,"date":"2026-03-02T14:27:23","date_gmt":"2026-03-02T13:27:23","guid":{"rendered":"https:\/\/radiociutat.com\/programes-podcast\/erc-pide-la-dimision-de-sandra-ramos-como-presidenta-de-la-emmct-por-falta-de-transparencia\/"},"modified":"2026-03-02T14:30:19","modified_gmt":"2026-03-02T13:30:19","slug":"erc-pide-la-dimision-de-sandra-ramos-como-presidenta-de-la-emmct-por-falta-de-transparencia","status":"publish","type":"post","link":"https:\/\/radiociutat.com\/es\/ultimas-noticias\/erc-pide-la-dimision-de-sandra-ramos-como-presidenta-de-la-emmct-por-falta-de-transparencia\/","title":{"rendered":"ERC pide la dimisi\u00f3n de Sandra Ramos como presidenta de la EMMCT por falta de transparencia"},"content":{"rendered":"\n<p>El Grupo Municipal de ERC en el Ayuntamiento de Tarragona ha exigido la dimisi\u00f3n o el cese inmediato de <strong>Sandra Ramos<\/strong> como presidenta de la Empresa Municipal de Medios de Comunicaci\u00f3n de Tarragona (<strong>EMMCT<\/strong>) despu\u00e9s de que esta no informara a los miembros del consejo de administraci\u00f3n de que la Oficina Antifraude de Catalu\u00f1a ha renovado, el pasado octubre, la protecci\u00f3n de testigo protegido del gerente de la empresa, <strong>Xavier de Gispert<\/strong>.<\/p>\n\n\n\n<p>Seg\u00fan ha denunciado ERC, la renovaci\u00f3n de la protecci\u00f3n se conoci\u00f3 a trav\u00e9s de una carta enviada por los abogados del gerente a los miembros del consejo de administraci\u00f3n hace unos d\u00edas, y no por la v\u00eda institucional correspondiente. La portavoz de ERC, <strong>Maria Roig<\/strong>, ha criticado esta forma de actuar.<\/p>\n\n\n\n<figure class=\"wp-block-audio\"><audio controls src=\"https:\/\/files.radiociutat.com\/rctgn\/wp-content\/uploads\/2026\/03\/TALL-MARIA-ROIG.mp3\"><\/audio><\/figure>\n\n\n\n<p>Roig tambi\u00e9n ha asegurado que \u201cla falta de transparencia de Sandra Ramos es incompatible con el cargo de presidenta de una empresa p\u00fablica. No se puede dirigir una empresa municipal ocultando informaci\u00f3n, impidiendo que se graben los consejos de administraci\u00f3n para facilitar su transcripci\u00f3n, y decidiendo qu\u00e9 se hace constar en las actas y qu\u00e9 no. Esta es una cuesti\u00f3n de transparencia, buen gobierno y de respeto institucional\u201d.<\/p>\n\n\n\n<p>De esta manera, <strong>el partido republicano ha registrado peticiones de informaci\u00f3n a alcald\u00eda y a secretar\u00eda general<\/strong> para obtener la informaci\u00f3n correspondiente.<\/p>\n","protected":false},"excerpt":{"rendered":"<p>El Grupo Municipal de ERC en el Ayuntamiento de Tarragona ha exigido la dimisi\u00f3n o el cese inmediato de Sandra Ramos como presidenta de la Empresa Municipal de Medios de Comunicaci\u00f3n de Tarragona (EMMCT) despu\u00e9s de que esta no informara a los miembros del consejo de administraci\u00f3n de que la Oficina Antifraude de Catalu\u00f1a ha [&hellip;]<\/p>\n","protected":false},"author":1,"featured_media":240291,"comment_status":"closed","ping_status":"closed","sticky":false,"template":"","format":"standard","meta":{"footnotes":""},"categories":[13688,13716],"tags":[13717,13718],"class_list":["post-240305","post","type-post","status-publish","format-standard","has-post-thumbnail","hentry","category-cronicas","category-ultimas-noticias","tag-empresa-municipal-de-medios-de-comunicacion","tag-erc-tarragona-2"],"yoast_head":"<!-- This site is optimized with the Yoast SEO Premium plugin v27.4 (Yoast SEO v27.5) - https:\/\/yoast.com\/product\/yoast-seo-premium-wordpress\/ -->\n<title>ERC pide la dimisi\u00f3n de Sandra Ramos como presidenta de la EMMCT por falta de transparencia - R\u00e0dio Ciutat de Tarragona<\/title>\n<meta name=\"robots\" content=\"index, follow, max-snippet:-1, max-image-preview:large, max-video-preview:-1\" \/>\n<link rel=\"canonical\" href=\"https:\/\/radiociutat.com\/es\/ultimas-noticias\/erc-pide-la-dimision-de-sandra-ramos-como-presidenta-de-la-emmct-por-falta-de-transparencia\/\" \/>\n<meta property=\"og:locale\" content=\"es_ES\" \/>\n<meta property=\"og:type\" content=\"article\" \/>\n<meta property=\"og:title\" content=\"ERC pide la dimisi\u00f3n de Sandra Ramos como presidenta de la EMMCT por falta de transparencia\" \/>\n<meta property=\"og:description\" content=\"El Grupo Municipal de ERC en el Ayuntamiento de Tarragona ha exigido la dimisi\u00f3n o el cese inmediato de Sandra Ramos como presidenta de la Empresa Municipal de Medios de Comunicaci\u00f3n de Tarragona (EMMCT) despu\u00e9s de que esta no informara a los miembros del consejo de administraci\u00f3n de que la Oficina Antifraude de Catalu\u00f1a ha [&hellip;]\" \/>\n<meta property=\"og:url\" content=\"https:\/\/radiociutat.com\/es\/ultimas-noticias\/erc-pide-la-dimision-de-sandra-ramos-como-presidenta-de-la-emmct-por-falta-de-transparencia\/\" \/>\n<meta property=\"og:site_name\" content=\"R\u00e0dio Ciutat de Tarragona\" \/>\n<meta property=\"article:publisher\" content=\"https:\/\/www.facebook.com\/rctgn\" \/>\n<meta property=\"article:published_time\" content=\"2026-03-02T13:27:23+00:00\" \/>\n<meta property=\"article:modified_time\" content=\"2026-03-02T13:30:19+00:00\" \/>\n<meta property=\"og:image\" content=\"https:\/\/files.radiociutat.com\/rctgn\/wp-content\/uploads\/2026\/03\/WhatsApp-Image-2026-03-02-at-13.39.56-e1772457225810.jpeg\" \/>\n\t<meta property=\"og:image:width\" content=\"2048\" \/>\n\t<meta property=\"og:image:height\" content=\"1536\" \/>\n\t<meta property=\"og:image:type\" content=\"image\/jpeg\" \/>\n<meta name=\"author\" content=\"Redacci\u00f3\" \/>\n<meta name=\"twitter:card\" content=\"summary_large_image\" \/>\n<meta name=\"twitter:creator\" content=\"@RCTgn\" \/>\n<meta name=\"twitter:site\" content=\"@RCTgn\" \/>\n<meta name=\"twitter:label1\" content=\"Escrito por\" \/>\n\t<meta name=\"twitter:data1\" content=\"Redacci\u00f3\" \/>\n\t<meta name=\"twitter:label2\" content=\"Tiempo de lectura\" \/>\n\t<meta name=\"twitter:data2\" content=\"1 minuto\" \/>\n<script type=\"application\/ld+json\" class=\"yoast-schema-graph\">{\"@context\":\"https:\\\/\\\/schema.org\",\"@graph\":[{\"@type\":\"Article\",\"@id\":\"https:\\\/\\\/radiociutat.com\\\/es\\\/ultimas-noticias\\\/erc-pide-la-dimision-de-sandra-ramos-como-presidenta-de-la-emmct-por-falta-de-transparencia\\\/#article\",\"isPartOf\":{\"@id\":\"https:\\\/\\\/radiociutat.com\\\/es\\\/ultimas-noticias\\\/erc-pide-la-dimision-de-sandra-ramos-como-presidenta-de-la-emmct-por-falta-de-transparencia\\\/\"},\"author\":{\"name\":\"Redacci\u00f3\",\"@id\":\"https:\\\/\\\/radiociutat.com\\\/es\\\/#\\\/schema\\\/person\\\/04b6638f9d2a9ea77408db76c5d8f0b5\"},\"headline\":\"ERC pide la dimisi\u00f3n de Sandra Ramos como presidenta de la EMMCT por falta de transparencia\",\"datePublished\":\"2026-03-02T13:27:23+00:00\",\"dateModified\":\"2026-03-02T13:30:19+00:00\",\"mainEntityOfPage\":{\"@id\":\"https:\\\/\\\/radiociutat.com\\\/es\\\/ultimas-noticias\\\/erc-pide-la-dimision-de-sandra-ramos-como-presidenta-de-la-emmct-por-falta-de-transparencia\\\/\"},\"wordCount\":253,\"image\":{\"@id\":\"https:\\\/\\\/radiociutat.com\\\/es\\\/ultimas-noticias\\\/erc-pide-la-dimision-de-sandra-ramos-como-presidenta-de-la-emmct-por-falta-de-transparencia\\\/#primaryimage\"},\"thumbnailUrl\":\"https:\\\/\\\/files.radiociutat.com\\\/rctgn\\\/wp-content\\\/uploads\\\/2026\\\/03\\\/WhatsApp-Image-2026-03-02-at-13.39.56-e1772457225810.jpeg\",\"keywords\":[\"Empresa Municipal de Medios de Comunicaci\u00f3n\",\"ERC Tarragona\"],\"articleSection\":[\"Cr\u00f3nicas\",\"\u00daltimas noticias\"],\"inLanguage\":\"es\"},{\"@type\":\"WebPage\",\"@id\":\"https:\\\/\\\/radiociutat.com\\\/es\\\/ultimas-noticias\\\/erc-pide-la-dimision-de-sandra-ramos-como-presidenta-de-la-emmct-por-falta-de-transparencia\\\/\",\"url\":\"https:\\\/\\\/radiociutat.com\\\/es\\\/ultimas-noticias\\\/erc-pide-la-dimision-de-sandra-ramos-como-presidenta-de-la-emmct-por-falta-de-transparencia\\\/\",\"name\":\"ERC pide la dimisi\u00f3n de Sandra Ramos como presidenta de la EMMCT por falta de transparencia - R\u00e0dio Ciutat de Tarragona\",\"isPartOf\":{\"@id\":\"https:\\\/\\\/radiociutat.com\\\/es\\\/#website\"},\"primaryImageOfPage\":{\"@id\":\"https:\\\/\\\/radiociutat.com\\\/es\\\/ultimas-noticias\\\/erc-pide-la-dimision-de-sandra-ramos-como-presidenta-de-la-emmct-por-falta-de-transparencia\\\/#primaryimage\"},\"image\":{\"@id\":\"https:\\\/\\\/radiociutat.com\\\/es\\\/ultimas-noticias\\\/erc-pide-la-dimision-de-sandra-ramos-como-presidenta-de-la-emmct-por-falta-de-transparencia\\\/#primaryimage\"},\"thumbnailUrl\":\"https:\\\/\\\/files.radiociutat.com\\\/rctgn\\\/wp-content\\\/uploads\\\/2026\\\/03\\\/WhatsApp-Image-2026-03-02-at-13.39.56-e1772457225810.jpeg\",\"datePublished\":\"2026-03-02T13:27:23+00:00\",\"dateModified\":\"2026-03-02T13:30:19+00:00\",\"author\":{\"@id\":\"https:\\\/\\\/radiociutat.com\\\/es\\\/#\\\/schema\\\/person\\\/04b6638f9d2a9ea77408db76c5d8f0b5\"},\"breadcrumb\":{\"@id\":\"https:\\\/\\\/radiociutat.com\\\/es\\\/ultimas-noticias\\\/erc-pide-la-dimision-de-sandra-ramos-como-presidenta-de-la-emmct-por-falta-de-transparencia\\\/#breadcrumb\"},\"inLanguage\":\"es\",\"potentialAction\":[{\"@type\":\"ReadAction\",\"target\":[\"https:\\\/\\\/radiociutat.com\\\/es\\\/ultimas-noticias\\\/erc-pide-la-dimision-de-sandra-ramos-como-presidenta-de-la-emmct-por-falta-de-transparencia\\\/\"]}]},{\"@type\":\"ImageObject\",\"inLanguage\":\"es\",\"@id\":\"https:\\\/\\\/radiociutat.com\\\/es\\\/ultimas-noticias\\\/erc-pide-la-dimision-de-sandra-ramos-como-presidenta-de-la-emmct-por-falta-de-transparencia\\\/#primaryimage\",\"url\":\"https:\\\/\\\/files.radiociutat.com\\\/rctgn\\\/wp-content\\\/uploads\\\/2026\\\/03\\\/WhatsApp-Image-2026-03-02-at-13.39.56-e1772457225810.jpeg\",\"contentUrl\":\"https:\\\/\\\/files.radiociutat.com\\\/rctgn\\\/wp-content\\\/uploads\\\/2026\\\/03\\\/WhatsApp-Image-2026-03-02-at-13.39.56-e1772457225810.jpeg\",\"width\":2048,\"height\":1536},{\"@type\":\"BreadcrumbList\",\"@id\":\"https:\\\/\\\/radiociutat.com\\\/es\\\/ultimas-noticias\\\/erc-pide-la-dimision-de-sandra-ramos-como-presidenta-de-la-emmct-por-falta-de-transparencia\\\/#breadcrumb\",\"itemListElement\":[{\"@type\":\"ListItem\",\"position\":1,\"name\":\"Inici\",\"item\":\"https:\\\/\\\/radiociutat.com\\\/es\\\/\"},{\"@type\":\"ListItem\",\"position\":2,\"name\":\"ERC pide la dimisi\u00f3n de Sandra Ramos como presidenta de la EMMCT por falta de transparencia\"}]},{\"@type\":\"WebSite\",\"@id\":\"https:\\\/\\\/radiociutat.com\\\/es\\\/#website\",\"url\":\"https:\\\/\\\/radiociutat.com\\\/es\\\/\",\"name\":\"R\u00e0dio Ciutat de Tarragona\",\"description\":\"R\u00e0dio Ciutat de Tarragona - RCTgn.cat R\u00e0dio Online\",\"potentialAction\":[{\"@type\":\"SearchAction\",\"target\":{\"@type\":\"EntryPoint\",\"urlTemplate\":\"https:\\\/\\\/radiociutat.com\\\/es\\\/?s={search_term_string}\"},\"query-input\":{\"@type\":\"PropertyValueSpecification\",\"valueRequired\":true,\"valueName\":\"search_term_string\"}}],\"inLanguage\":\"es\"},{\"@type\":\"Person\",\"@id\":\"https:\\\/\\\/radiociutat.com\\\/es\\\/#\\\/schema\\\/person\\\/04b6638f9d2a9ea77408db76c5d8f0b5\",\"name\":\"Redacci\u00f3\",\"sameAs\":[\"https:\\\/\\\/radiociutat.com\\\/wp-content\\\/uploads\\\/2023\\\/09\\\/LOGO-RCTGN-CUADRAT.png\"],\"url\":\"https:\\\/\\\/radiociutat.com\\\/es\\\/author\\\/jespinosa\\\/\"}]}<\/script>\n<!-- \/ Yoast SEO Premium plugin. -->","yoast_head_json":{"title":"ERC pide la dimisi\u00f3n de Sandra Ramos como presidenta de la EMMCT por falta de transparencia - R\u00e0dio Ciutat de Tarragona","robots":{"index":"index","follow":"follow","max-snippet":"max-snippet:-1","max-image-preview":"max-image-preview:large","max-video-preview":"max-video-preview:-1"},"canonical":"https:\/\/radiociutat.com\/es\/ultimas-noticias\/erc-pide-la-dimision-de-sandra-ramos-como-presidenta-de-la-emmct-por-falta-de-transparencia\/","og_locale":"es_ES","og_type":"article","og_title":"ERC pide la dimisi\u00f3n de Sandra Ramos como presidenta de la EMMCT por falta de transparencia","og_description":"El Grupo Municipal de ERC en el Ayuntamiento de Tarragona ha exigido la dimisi\u00f3n o el cese inmediato de Sandra Ramos como presidenta de la Empresa Municipal de Medios de Comunicaci\u00f3n de Tarragona (EMMCT) despu\u00e9s de que esta no informara a los miembros del consejo de administraci\u00f3n de que la Oficina Antifraude de Catalu\u00f1a ha [&hellip;]","og_url":"https:\/\/radiociutat.com\/es\/ultimas-noticias\/erc-pide-la-dimision-de-sandra-ramos-como-presidenta-de-la-emmct-por-falta-de-transparencia\/","og_site_name":"R\u00e0dio Ciutat de Tarragona","article_publisher":"https:\/\/www.facebook.com\/rctgn","article_published_time":"2026-03-02T13:27:23+00:00","article_modified_time":"2026-03-02T13:30:19+00:00","og_image":[{"width":2048,"height":1536,"url":"https:\/\/files.radiociutat.com\/rctgn\/wp-content\/uploads\/2026\/03\/WhatsApp-Image-2026-03-02-at-13.39.56-e1772457225810.jpeg","type":"image\/jpeg"}],"author":"Redacci\u00f3","twitter_card":"summary_large_image","twitter_creator":"@RCTgn","twitter_site":"@RCTgn","twitter_misc":{"Escrito por":"Redacci\u00f3","Tiempo de lectura":"1 minuto"},"schema":{"@context":"https:\/\/schema.org","@graph":[{"@type":"Article","@id":"https:\/\/radiociutat.com\/es\/ultimas-noticias\/erc-pide-la-dimision-de-sandra-ramos-como-presidenta-de-la-emmct-por-falta-de-transparencia\/#article","isPartOf":{"@id":"https:\/\/radiociutat.com\/es\/ultimas-noticias\/erc-pide-la-dimision-de-sandra-ramos-como-presidenta-de-la-emmct-por-falta-de-transparencia\/"},"author":{"name":"Redacci\u00f3","@id":"https:\/\/radiociutat.com\/es\/#\/schema\/person\/04b6638f9d2a9ea77408db76c5d8f0b5"},"headline":"ERC pide la dimisi\u00f3n de Sandra Ramos como presidenta de la EMMCT por falta de transparencia","datePublished":"2026-03-02T13:27:23+00:00","dateModified":"2026-03-02T13:30:19+00:00","mainEntityOfPage":{"@id":"https:\/\/radiociutat.com\/es\/ultimas-noticias\/erc-pide-la-dimision-de-sandra-ramos-como-presidenta-de-la-emmct-por-falta-de-transparencia\/"},"wordCount":253,"image":{"@id":"https:\/\/radiociutat.com\/es\/ultimas-noticias\/erc-pide-la-dimision-de-sandra-ramos-como-presidenta-de-la-emmct-por-falta-de-transparencia\/#primaryimage"},"thumbnailUrl":"https:\/\/files.radiociutat.com\/rctgn\/wp-content\/uploads\/2026\/03\/WhatsApp-Image-2026-03-02-at-13.39.56-e1772457225810.jpeg","keywords":["Empresa Municipal de Medios de Comunicaci\u00f3n","ERC Tarragona"],"articleSection":["Cr\u00f3nicas","\u00daltimas noticias"],"inLanguage":"es"},{"@type":"WebPage","@id":"https:\/\/radiociutat.com\/es\/ultimas-noticias\/erc-pide-la-dimision-de-sandra-ramos-como-presidenta-de-la-emmct-por-falta-de-transparencia\/","url":"https:\/\/radiociutat.com\/es\/ultimas-noticias\/erc-pide-la-dimision-de-sandra-ramos-como-presidenta-de-la-emmct-por-falta-de-transparencia\/","name":"ERC pide la dimisi\u00f3n de Sandra Ramos como presidenta de la EMMCT por falta de transparencia - R\u00e0dio Ciutat de Tarragona","isPartOf":{"@id":"https:\/\/radiociutat.com\/es\/#website"},"primaryImageOfPage":{"@id":"https:\/\/radiociutat.com\/es\/ultimas-noticias\/erc-pide-la-dimision-de-sandra-ramos-como-presidenta-de-la-emmct-por-falta-de-transparencia\/#primaryimage"},"image":{"@id":"https:\/\/radiociutat.com\/es\/ultimas-noticias\/erc-pide-la-dimision-de-sandra-ramos-como-presidenta-de-la-emmct-por-falta-de-transparencia\/#primaryimage"},"thumbnailUrl":"https:\/\/files.radiociutat.com\/rctgn\/wp-content\/uploads\/2026\/03\/WhatsApp-Image-2026-03-02-at-13.39.56-e1772457225810.jpeg","datePublished":"2026-03-02T13:27:23+00:00","dateModified":"2026-03-02T13:30:19+00:00","author":{"@id":"https:\/\/radiociutat.com\/es\/#\/schema\/person\/04b6638f9d2a9ea77408db76c5d8f0b5"},"breadcrumb":{"@id":"https:\/\/radiociutat.com\/es\/ultimas-noticias\/erc-pide-la-dimision-de-sandra-ramos-como-presidenta-de-la-emmct-por-falta-de-transparencia\/#breadcrumb"},"inLanguage":"es","potentialAction":[{"@type":"ReadAction","target":["https:\/\/radiociutat.com\/es\/ultimas-noticias\/erc-pide-la-dimision-de-sandra-ramos-como-presidenta-de-la-emmct-por-falta-de-transparencia\/"]}]},{"@type":"ImageObject","inLanguage":"es","@id":"https:\/\/radiociutat.com\/es\/ultimas-noticias\/erc-pide-la-dimision-de-sandra-ramos-como-presidenta-de-la-emmct-por-falta-de-transparencia\/#primaryimage","url":"https:\/\/files.radiociutat.com\/rctgn\/wp-content\/uploads\/2026\/03\/WhatsApp-Image-2026-03-02-at-13.39.56-e1772457225810.jpeg","contentUrl":"https:\/\/files.radiociutat.com\/rctgn\/wp-content\/uploads\/2026\/03\/WhatsApp-Image-2026-03-02-at-13.39.56-e1772457225810.jpeg","width":2048,"height":1536},{"@type":"BreadcrumbList","@id":"https:\/\/radiociutat.com\/es\/ultimas-noticias\/erc-pide-la-dimision-de-sandra-ramos-como-presidenta-de-la-emmct-por-falta-de-transparencia\/#breadcrumb","itemListElement":[{"@type":"ListItem","position":1,"name":"Inici","item":"https:\/\/radiociutat.com\/es\/"},{"@type":"ListItem","position":2,"name":"ERC pide la dimisi\u00f3n de Sandra Ramos como presidenta de la EMMCT por falta de transparencia"}]},{"@type":"WebSite","@id":"https:\/\/radiociutat.com\/es\/#website","url":"https:\/\/radiociutat.com\/es\/","name":"R\u00e0dio Ciutat de Tarragona","description":"R\u00e0dio Ciutat de Tarragona - RCTgn.cat R\u00e0dio Online","potentialAction":[{"@type":"SearchAction","target":{"@type":"EntryPoint","urlTemplate":"https:\/\/radiociutat.com\/es\/?s={search_term_string}"},"query-input":{"@type":"PropertyValueSpecification","valueRequired":true,"valueName":"search_term_string"}}],"inLanguage":"es"},{"@type":"Person","@id":"https:\/\/radiociutat.com\/es\/#\/schema\/person\/04b6638f9d2a9ea77408db76c5d8f0b5","name":"Redacci\u00f3","sameAs":["https:\/\/radiociutat.com\/wp-content\/uploads\/2023\/09\/LOGO-RCTGN-CUADRAT.png"],"url":"https:\/\/radiociutat.com\/es\/author\/jespinosa\/"}]}},"_links":{"self":[{"href":"https:\/\/radiociutat.com\/es\/wp-json\/wp\/v2\/posts\/240305","targetHints":{"allow":["GET"]}}],"collection":[{"href":"https:\/\/radiociutat.com\/es\/wp-json\/wp\/v2\/posts"}],"about":[{"href":"https:\/\/radiociutat.com\/es\/wp-json\/wp\/v2\/types\/post"}],"author":[{"embeddable":true,"href":"https:\/\/radiociutat.com\/es\/wp-json\/wp\/v2\/users\/1"}],"replies":[{"embeddable":true,"href":"https:\/\/radiociutat.com\/es\/wp-json\/wp\/v2\/comments?post=240305"}],"version-history":[{"count":0,"href":"https:\/\/radiociutat.com\/es\/wp-json\/wp\/v2\/posts\/240305\/revisions"}],"wp:featuredmedia":[{"embeddable":true,"href":"https:\/\/radiociutat.com\/es\/wp-json\/wp\/v2\/media\/240291"}],"wp:attachment":[{"href":"https:\/\/radiociutat.com\/es\/wp-json\/wp\/v2\/media?parent=240305"}],"wp:term":[{"taxonomy":"category","embeddable":true,"href":"https:\/\/radiociutat.com\/es\/wp-json\/wp\/v2\/categories?post=240305"},{"taxonomy":"post_tag","embeddable":true,"href":"https:\/\/radiociutat.com\/es\/wp-json\/wp\/v2\/tags?post=240305"}],"curies":[{"name":"wp","href":"https:\/\/api.w.org\/{rel}","templated":true}]}}