{"id":240202,"date":"2026-03-02T11:42:12","date_gmt":"2026-03-02T10:42:12","guid":{"rendered":"https:\/\/radiociutat.com\/programes-podcast\/el-ministerio-de-cultura-confirma-que-la-biblioteca-publica-del-estado-se-trasladara-a-la-tabacalera\/"},"modified":"2026-03-02T11:45:19","modified_gmt":"2026-03-02T10:45:19","slug":"el-ministerio-de-cultura-confirma-que-la-biblioteca-publica-del-estado-se-trasladara-a-la-tabacalera","status":"publish","type":"post","link":"https:\/\/radiociutat.com\/es\/ultimas-noticias\/el-ministerio-de-cultura-confirma-que-la-biblioteca-publica-del-estado-se-trasladara-a-la-tabacalera\/","title":{"rendered":"El Ministerio de Cultura confirma que la Biblioteca P\u00fablica del Estado se trasladar\u00e1 a la Tabacalera"},"content":{"rendered":"\n<p>El Ministerio de Cultura ha confirmado que la <strong>Biblioteca P\u00fablica del Estado<\/strong> en Tarragona tendr\u00e1 su nueva sede en un espacio central de 10.000 metros cuadrados del edificio principal de la antigua <strong>Tabacalera<\/strong>, en las antiguas zonas noble y de secado.<\/p>\n\n\n\n<p>Despu\u00e9s de a\u00f1os de negociaciones, el gobierno espa\u00f1ol, el Ayuntamiento de Tarragona y la Generalitat han hecho p\u00fablico el acuerdo que permitir\u00e1 trasladar el actual equipamiento, situado en la calle Fortuny.<\/p>\n\n\n\n<p>La biblioteca se distribuir\u00e1 en <strong>tres plantas<\/strong> del edificio, una elecci\u00f3n, aseguran, que se ha tomado teniendo en cuenta criterios t\u00e9cnicos, de uso y accesibilidad. Su ubicaci\u00f3n junto al Conservatorio, adem\u00e1s, debe ayudar a convertir el complejo de la antigua Tabacalera en un espacio integral dedicado a la cultura y las artes.<\/p>\n\n\n\n<p>El primer paso para materializar la nueva sede ser\u00e1 que el Ayuntamiento de Tarragona haga efectiva la cesi\u00f3n de la finca al Ministerio de Cultura, que se encargar\u00e1 de redactar el proyecto, de ejecutar las obras de reforma integral as\u00ed como de equipar la biblioteca. La inversi\u00f3n m\u00ednima prevista es de <strong>20 millones de euros<\/strong>.<\/p>\n","protected":false},"excerpt":{"rendered":"<p>El Ministerio de Cultura ha confirmado que la Biblioteca P\u00fablica del Estado en Tarragona tendr\u00e1 su nueva sede en un espacio central de 10.000 metros cuadrados del edificio principal de la antigua Tabacalera, en las antiguas zonas noble y de secado. Despu\u00e9s de a\u00f1os de negociaciones, el gobierno espa\u00f1ol, el Ayuntamiento de Tarragona y la [&hellip;]<\/p>\n","protected":false},"author":57,"featured_media":240199,"comment_status":"closed","ping_status":"closed","sticky":false,"template":"","format":"standard","meta":{"footnotes":""},"categories":[13688,13716],"tags":[13723,13724],"class_list":["post-240202","post","type-post","status-publish","format-standard","has-post-thumbnail","hentry","category-cronicas","category-ultimas-noticias","tag-biblioteca-publica-del-estado","tag-tabacalera-2"],"yoast_head":"<!-- This site is optimized with the Yoast SEO Premium plugin v27.4 (Yoast SEO v27.5) - https:\/\/yoast.com\/product\/yoast-seo-premium-wordpress\/ -->\n<title>El Ministerio de Cultura confirma que la Biblioteca P\u00fablica del Estado se trasladar\u00e1 a la Tabacalera - R\u00e0dio Ciutat de Tarragona<\/title>\n<meta name=\"robots\" content=\"index, follow, max-snippet:-1, max-image-preview:large, max-video-preview:-1\" \/>\n<link rel=\"canonical\" href=\"https:\/\/radiociutat.com\/es\/ultimas-noticias\/el-ministerio-de-cultura-confirma-que-la-biblioteca-publica-del-estado-se-trasladara-a-la-tabacalera\/\" \/>\n<meta property=\"og:locale\" content=\"es_ES\" \/>\n<meta property=\"og:type\" content=\"article\" \/>\n<meta property=\"og:title\" content=\"El Ministerio de Cultura confirma que la Biblioteca P\u00fablica del Estado se trasladar\u00e1 a la Tabacalera\" \/>\n<meta property=\"og:description\" content=\"El Ministerio de Cultura ha confirmado que la Biblioteca P\u00fablica del Estado en Tarragona tendr\u00e1 su nueva sede en un espacio central de 10.000 metros cuadrados del edificio principal de la antigua Tabacalera, en las antiguas zonas noble y de secado. Despu\u00e9s de a\u00f1os de negociaciones, el gobierno espa\u00f1ol, el Ayuntamiento de Tarragona y la [&hellip;]\" \/>\n<meta property=\"og:url\" content=\"https:\/\/radiociutat.com\/es\/ultimas-noticias\/el-ministerio-de-cultura-confirma-que-la-biblioteca-publica-del-estado-se-trasladara-a-la-tabacalera\/\" \/>\n<meta property=\"og:site_name\" content=\"R\u00e0dio Ciutat de Tarragona\" \/>\n<meta property=\"article:publisher\" content=\"https:\/\/www.facebook.com\/rctgn\" \/>\n<meta property=\"article:published_time\" content=\"2026-03-02T10:42:12+00:00\" \/>\n<meta property=\"article:modified_time\" content=\"2026-03-02T10:45:19+00:00\" \/>\n<meta property=\"og:image\" content=\"https:\/\/files.radiociutat.com\/rctgn\/wp-content\/uploads\/2026\/03\/a7081c45-e969-47a8-925a-3bc0a1dd4b9c-scaled-e1772448012474.jpg\" \/>\n\t<meta property=\"og:image:width\" content=\"2560\" \/>\n\t<meta property=\"og:image:height\" content=\"1707\" \/>\n\t<meta property=\"og:image:type\" content=\"image\/jpeg\" \/>\n<meta name=\"author\" content=\"ACN\" \/>\n<meta name=\"twitter:card\" content=\"summary_large_image\" \/>\n<meta name=\"twitter:creator\" content=\"@RCTgn\" \/>\n<meta name=\"twitter:site\" content=\"@RCTgn\" \/>\n<meta name=\"twitter:label1\" content=\"Escrito por\" \/>\n\t<meta name=\"twitter:data1\" content=\"ACN\" \/>\n\t<meta name=\"twitter:label2\" content=\"Tiempo de lectura\" \/>\n\t<meta name=\"twitter:data2\" content=\"1 minuto\" \/>\n<script type=\"application\/ld+json\" class=\"yoast-schema-graph\">{\"@context\":\"https:\\\/\\\/schema.org\",\"@graph\":[{\"@type\":\"Article\",\"@id\":\"https:\\\/\\\/radiociutat.com\\\/es\\\/ultimas-noticias\\\/el-ministerio-de-cultura-confirma-que-la-biblioteca-publica-del-estado-se-trasladara-a-la-tabacalera\\\/#article\",\"isPartOf\":{\"@id\":\"https:\\\/\\\/radiociutat.com\\\/es\\\/ultimas-noticias\\\/el-ministerio-de-cultura-confirma-que-la-biblioteca-publica-del-estado-se-trasladara-a-la-tabacalera\\\/\"},\"author\":{\"name\":\"ACN\",\"@id\":\"https:\\\/\\\/radiociutat.com\\\/es\\\/#\\\/schema\\\/person\\\/ea8722499f2255e1477bd2975629dc71\"},\"headline\":\"El Ministerio de Cultura confirma que la Biblioteca P\u00fablica del Estado se trasladar\u00e1 a la Tabacalera\",\"datePublished\":\"2026-03-02T10:42:12+00:00\",\"dateModified\":\"2026-03-02T10:45:19+00:00\",\"mainEntityOfPage\":{\"@id\":\"https:\\\/\\\/radiociutat.com\\\/es\\\/ultimas-noticias\\\/el-ministerio-de-cultura-confirma-que-la-biblioteca-publica-del-estado-se-trasladara-a-la-tabacalera\\\/\"},\"wordCount\":206,\"image\":{\"@id\":\"https:\\\/\\\/radiociutat.com\\\/es\\\/ultimas-noticias\\\/el-ministerio-de-cultura-confirma-que-la-biblioteca-publica-del-estado-se-trasladara-a-la-tabacalera\\\/#primaryimage\"},\"thumbnailUrl\":\"https:\\\/\\\/files.radiociutat.com\\\/rctgn\\\/wp-content\\\/uploads\\\/2026\\\/03\\\/a7081c45-e969-47a8-925a-3bc0a1dd4b9c-scaled-e1772448012474.jpg\",\"keywords\":[\"Biblioteca P\u00fablica del Estado\",\"Tabacalera\"],\"articleSection\":[\"Cr\u00f3nicas\",\"\u00daltimas noticias\"],\"inLanguage\":\"es\"},{\"@type\":\"WebPage\",\"@id\":\"https:\\\/\\\/radiociutat.com\\\/es\\\/ultimas-noticias\\\/el-ministerio-de-cultura-confirma-que-la-biblioteca-publica-del-estado-se-trasladara-a-la-tabacalera\\\/\",\"url\":\"https:\\\/\\\/radiociutat.com\\\/es\\\/ultimas-noticias\\\/el-ministerio-de-cultura-confirma-que-la-biblioteca-publica-del-estado-se-trasladara-a-la-tabacalera\\\/\",\"name\":\"El Ministerio de Cultura confirma que la Biblioteca P\u00fablica del Estado se trasladar\u00e1 a la Tabacalera - R\u00e0dio Ciutat de Tarragona\",\"isPartOf\":{\"@id\":\"https:\\\/\\\/radiociutat.com\\\/es\\\/#website\"},\"primaryImageOfPage\":{\"@id\":\"https:\\\/\\\/radiociutat.com\\\/es\\\/ultimas-noticias\\\/el-ministerio-de-cultura-confirma-que-la-biblioteca-publica-del-estado-se-trasladara-a-la-tabacalera\\\/#primaryimage\"},\"image\":{\"@id\":\"https:\\\/\\\/radiociutat.com\\\/es\\\/ultimas-noticias\\\/el-ministerio-de-cultura-confirma-que-la-biblioteca-publica-del-estado-se-trasladara-a-la-tabacalera\\\/#primaryimage\"},\"thumbnailUrl\":\"https:\\\/\\\/files.radiociutat.com\\\/rctgn\\\/wp-content\\\/uploads\\\/2026\\\/03\\\/a7081c45-e969-47a8-925a-3bc0a1dd4b9c-scaled-e1772448012474.jpg\",\"datePublished\":\"2026-03-02T10:42:12+00:00\",\"dateModified\":\"2026-03-02T10:45:19+00:00\",\"author\":{\"@id\":\"https:\\\/\\\/radiociutat.com\\\/es\\\/#\\\/schema\\\/person\\\/ea8722499f2255e1477bd2975629dc71\"},\"breadcrumb\":{\"@id\":\"https:\\\/\\\/radiociutat.com\\\/es\\\/ultimas-noticias\\\/el-ministerio-de-cultura-confirma-que-la-biblioteca-publica-del-estado-se-trasladara-a-la-tabacalera\\\/#breadcrumb\"},\"inLanguage\":\"es\",\"potentialAction\":[{\"@type\":\"ReadAction\",\"target\":[\"https:\\\/\\\/radiociutat.com\\\/es\\\/ultimas-noticias\\\/el-ministerio-de-cultura-confirma-que-la-biblioteca-publica-del-estado-se-trasladara-a-la-tabacalera\\\/\"]}]},{\"@type\":\"ImageObject\",\"inLanguage\":\"es\",\"@id\":\"https:\\\/\\\/radiociutat.com\\\/es\\\/ultimas-noticias\\\/el-ministerio-de-cultura-confirma-que-la-biblioteca-publica-del-estado-se-trasladara-a-la-tabacalera\\\/#primaryimage\",\"url\":\"https:\\\/\\\/files.radiociutat.com\\\/rctgn\\\/wp-content\\\/uploads\\\/2026\\\/03\\\/a7081c45-e969-47a8-925a-3bc0a1dd4b9c-scaled-e1772448012474.jpg\",\"contentUrl\":\"https:\\\/\\\/files.radiociutat.com\\\/rctgn\\\/wp-content\\\/uploads\\\/2026\\\/03\\\/a7081c45-e969-47a8-925a-3bc0a1dd4b9c-scaled-e1772448012474.jpg\",\"width\":2560,\"height\":1707,\"caption\":\"Foto: ACN\"},{\"@type\":\"BreadcrumbList\",\"@id\":\"https:\\\/\\\/radiociutat.com\\\/es\\\/ultimas-noticias\\\/el-ministerio-de-cultura-confirma-que-la-biblioteca-publica-del-estado-se-trasladara-a-la-tabacalera\\\/#breadcrumb\",\"itemListElement\":[{\"@type\":\"ListItem\",\"position\":1,\"name\":\"Inici\",\"item\":\"https:\\\/\\\/radiociutat.com\\\/es\\\/\"},{\"@type\":\"ListItem\",\"position\":2,\"name\":\"El Ministerio de Cultura confirma que la Biblioteca P\u00fablica del Estado se trasladar\u00e1 a la Tabacalera\"}]},{\"@type\":\"WebSite\",\"@id\":\"https:\\\/\\\/radiociutat.com\\\/es\\\/#website\",\"url\":\"https:\\\/\\\/radiociutat.com\\\/es\\\/\",\"name\":\"R\u00e0dio Ciutat de Tarragona\",\"description\":\"R\u00e0dio Ciutat de Tarragona - RCTgn.cat R\u00e0dio Online\",\"potentialAction\":[{\"@type\":\"SearchAction\",\"target\":{\"@type\":\"EntryPoint\",\"urlTemplate\":\"https:\\\/\\\/radiociutat.com\\\/es\\\/?s={search_term_string}\"},\"query-input\":{\"@type\":\"PropertyValueSpecification\",\"valueRequired\":true,\"valueName\":\"search_term_string\"}}],\"inLanguage\":\"es\"},{\"@type\":\"Person\",\"@id\":\"https:\\\/\\\/radiociutat.com\\\/es\\\/#\\\/schema\\\/person\\\/ea8722499f2255e1477bd2975629dc71\",\"name\":\"ACN\",\"sameAs\":[\"https:\\\/\\\/radiociutat.com\\\/wp-content\\\/uploads\\\/2023\\\/09\\\/acn-e1694789176650.png\"],\"url\":\"https:\\\/\\\/radiociutat.com\\\/es\\\/author\\\/acn\\\/\"}]}<\/script>\n<!-- \/ Yoast SEO Premium plugin. -->","yoast_head_json":{"title":"El Ministerio de Cultura confirma que la Biblioteca P\u00fablica del Estado se trasladar\u00e1 a la Tabacalera - R\u00e0dio Ciutat de Tarragona","robots":{"index":"index","follow":"follow","max-snippet":"max-snippet:-1","max-image-preview":"max-image-preview:large","max-video-preview":"max-video-preview:-1"},"canonical":"https:\/\/radiociutat.com\/es\/ultimas-noticias\/el-ministerio-de-cultura-confirma-que-la-biblioteca-publica-del-estado-se-trasladara-a-la-tabacalera\/","og_locale":"es_ES","og_type":"article","og_title":"El Ministerio de Cultura confirma que la Biblioteca P\u00fablica del Estado se trasladar\u00e1 a la Tabacalera","og_description":"El Ministerio de Cultura ha confirmado que la Biblioteca P\u00fablica del Estado en Tarragona tendr\u00e1 su nueva sede en un espacio central de 10.000 metros cuadrados del edificio principal de la antigua Tabacalera, en las antiguas zonas noble y de secado. Despu\u00e9s de a\u00f1os de negociaciones, el gobierno espa\u00f1ol, el Ayuntamiento de Tarragona y la [&hellip;]","og_url":"https:\/\/radiociutat.com\/es\/ultimas-noticias\/el-ministerio-de-cultura-confirma-que-la-biblioteca-publica-del-estado-se-trasladara-a-la-tabacalera\/","og_site_name":"R\u00e0dio Ciutat de Tarragona","article_publisher":"https:\/\/www.facebook.com\/rctgn","article_published_time":"2026-03-02T10:42:12+00:00","article_modified_time":"2026-03-02T10:45:19+00:00","og_image":[{"width":2560,"height":1707,"url":"https:\/\/files.radiociutat.com\/rctgn\/wp-content\/uploads\/2026\/03\/a7081c45-e969-47a8-925a-3bc0a1dd4b9c-scaled-e1772448012474.jpg","type":"image\/jpeg"}],"author":"ACN","twitter_card":"summary_large_image","twitter_creator":"@RCTgn","twitter_site":"@RCTgn","twitter_misc":{"Escrito por":"ACN","Tiempo de lectura":"1 minuto"},"schema":{"@context":"https:\/\/schema.org","@graph":[{"@type":"Article","@id":"https:\/\/radiociutat.com\/es\/ultimas-noticias\/el-ministerio-de-cultura-confirma-que-la-biblioteca-publica-del-estado-se-trasladara-a-la-tabacalera\/#article","isPartOf":{"@id":"https:\/\/radiociutat.com\/es\/ultimas-noticias\/el-ministerio-de-cultura-confirma-que-la-biblioteca-publica-del-estado-se-trasladara-a-la-tabacalera\/"},"author":{"name":"ACN","@id":"https:\/\/radiociutat.com\/es\/#\/schema\/person\/ea8722499f2255e1477bd2975629dc71"},"headline":"El Ministerio de Cultura confirma que la Biblioteca P\u00fablica del Estado se trasladar\u00e1 a la Tabacalera","datePublished":"2026-03-02T10:42:12+00:00","dateModified":"2026-03-02T10:45:19+00:00","mainEntityOfPage":{"@id":"https:\/\/radiociutat.com\/es\/ultimas-noticias\/el-ministerio-de-cultura-confirma-que-la-biblioteca-publica-del-estado-se-trasladara-a-la-tabacalera\/"},"wordCount":206,"image":{"@id":"https:\/\/radiociutat.com\/es\/ultimas-noticias\/el-ministerio-de-cultura-confirma-que-la-biblioteca-publica-del-estado-se-trasladara-a-la-tabacalera\/#primaryimage"},"thumbnailUrl":"https:\/\/files.radiociutat.com\/rctgn\/wp-content\/uploads\/2026\/03\/a7081c45-e969-47a8-925a-3bc0a1dd4b9c-scaled-e1772448012474.jpg","keywords":["Biblioteca P\u00fablica del Estado","Tabacalera"],"articleSection":["Cr\u00f3nicas","\u00daltimas noticias"],"inLanguage":"es"},{"@type":"WebPage","@id":"https:\/\/radiociutat.com\/es\/ultimas-noticias\/el-ministerio-de-cultura-confirma-que-la-biblioteca-publica-del-estado-se-trasladara-a-la-tabacalera\/","url":"https:\/\/radiociutat.com\/es\/ultimas-noticias\/el-ministerio-de-cultura-confirma-que-la-biblioteca-publica-del-estado-se-trasladara-a-la-tabacalera\/","name":"El Ministerio de Cultura confirma que la Biblioteca P\u00fablica del Estado se trasladar\u00e1 a la Tabacalera - R\u00e0dio Ciutat de Tarragona","isPartOf":{"@id":"https:\/\/radiociutat.com\/es\/#website"},"primaryImageOfPage":{"@id":"https:\/\/radiociutat.com\/es\/ultimas-noticias\/el-ministerio-de-cultura-confirma-que-la-biblioteca-publica-del-estado-se-trasladara-a-la-tabacalera\/#primaryimage"},"image":{"@id":"https:\/\/radiociutat.com\/es\/ultimas-noticias\/el-ministerio-de-cultura-confirma-que-la-biblioteca-publica-del-estado-se-trasladara-a-la-tabacalera\/#primaryimage"},"thumbnailUrl":"https:\/\/files.radiociutat.com\/rctgn\/wp-content\/uploads\/2026\/03\/a7081c45-e969-47a8-925a-3bc0a1dd4b9c-scaled-e1772448012474.jpg","datePublished":"2026-03-02T10:42:12+00:00","dateModified":"2026-03-02T10:45:19+00:00","author":{"@id":"https:\/\/radiociutat.com\/es\/#\/schema\/person\/ea8722499f2255e1477bd2975629dc71"},"breadcrumb":{"@id":"https:\/\/radiociutat.com\/es\/ultimas-noticias\/el-ministerio-de-cultura-confirma-que-la-biblioteca-publica-del-estado-se-trasladara-a-la-tabacalera\/#breadcrumb"},"inLanguage":"es","potentialAction":[{"@type":"ReadAction","target":["https:\/\/radiociutat.com\/es\/ultimas-noticias\/el-ministerio-de-cultura-confirma-que-la-biblioteca-publica-del-estado-se-trasladara-a-la-tabacalera\/"]}]},{"@type":"ImageObject","inLanguage":"es","@id":"https:\/\/radiociutat.com\/es\/ultimas-noticias\/el-ministerio-de-cultura-confirma-que-la-biblioteca-publica-del-estado-se-trasladara-a-la-tabacalera\/#primaryimage","url":"https:\/\/files.radiociutat.com\/rctgn\/wp-content\/uploads\/2026\/03\/a7081c45-e969-47a8-925a-3bc0a1dd4b9c-scaled-e1772448012474.jpg","contentUrl":"https:\/\/files.radiociutat.com\/rctgn\/wp-content\/uploads\/2026\/03\/a7081c45-e969-47a8-925a-3bc0a1dd4b9c-scaled-e1772448012474.jpg","width":2560,"height":1707,"caption":"Foto: ACN"},{"@type":"BreadcrumbList","@id":"https:\/\/radiociutat.com\/es\/ultimas-noticias\/el-ministerio-de-cultura-confirma-que-la-biblioteca-publica-del-estado-se-trasladara-a-la-tabacalera\/#breadcrumb","itemListElement":[{"@type":"ListItem","position":1,"name":"Inici","item":"https:\/\/radiociutat.com\/es\/"},{"@type":"ListItem","position":2,"name":"El Ministerio de Cultura confirma que la Biblioteca P\u00fablica del Estado se trasladar\u00e1 a la Tabacalera"}]},{"@type":"WebSite","@id":"https:\/\/radiociutat.com\/es\/#website","url":"https:\/\/radiociutat.com\/es\/","name":"R\u00e0dio Ciutat de Tarragona","description":"R\u00e0dio Ciutat de Tarragona - RCTgn.cat R\u00e0dio Online","potentialAction":[{"@type":"SearchAction","target":{"@type":"EntryPoint","urlTemplate":"https:\/\/radiociutat.com\/es\/?s={search_term_string}"},"query-input":{"@type":"PropertyValueSpecification","valueRequired":true,"valueName":"search_term_string"}}],"inLanguage":"es"},{"@type":"Person","@id":"https:\/\/radiociutat.com\/es\/#\/schema\/person\/ea8722499f2255e1477bd2975629dc71","name":"ACN","sameAs":["https:\/\/radiociutat.com\/wp-content\/uploads\/2023\/09\/acn-e1694789176650.png"],"url":"https:\/\/radiociutat.com\/es\/author\/acn\/"}]}},"_links":{"self":[{"href":"https:\/\/radiociutat.com\/es\/wp-json\/wp\/v2\/posts\/240202","targetHints":{"allow":["GET"]}}],"collection":[{"href":"https:\/\/radiociutat.com\/es\/wp-json\/wp\/v2\/posts"}],"about":[{"href":"https:\/\/radiociutat.com\/es\/wp-json\/wp\/v2\/types\/post"}],"author":[{"embeddable":true,"href":"https:\/\/radiociutat.com\/es\/wp-json\/wp\/v2\/users\/57"}],"replies":[{"embeddable":true,"href":"https:\/\/radiociutat.com\/es\/wp-json\/wp\/v2\/comments?post=240202"}],"version-history":[{"count":0,"href":"https:\/\/radiociutat.com\/es\/wp-json\/wp\/v2\/posts\/240202\/revisions"}],"wp:featuredmedia":[{"embeddable":true,"href":"https:\/\/radiociutat.com\/es\/wp-json\/wp\/v2\/media\/240199"}],"wp:attachment":[{"href":"https:\/\/radiociutat.com\/es\/wp-json\/wp\/v2\/media?parent=240202"}],"wp:term":[{"taxonomy":"category","embeddable":true,"href":"https:\/\/radiociutat.com\/es\/wp-json\/wp\/v2\/categories?post=240202"},{"taxonomy":"post_tag","embeddable":true,"href":"https:\/\/radiociutat.com\/es\/wp-json\/wp\/v2\/tags?post=240202"}],"curies":[{"name":"wp","href":"https:\/\/api.w.org\/{rel}","templated":true}]}}