{"id":239437,"date":"2026-02-25T13:58:13","date_gmt":"2026-02-25T12:58:13","guid":{"rendered":"https:\/\/radiociutat.com\/programes-podcast\/tarragona-daily-vinuales-presionara-por-un-servicio-de-ictus-ininterrumpido\/"},"modified":"2026-03-15T10:45:56","modified_gmt":"2026-03-15T09:45:56","slug":"tarragona-daily-vinuales-presionara-por-un-servicio-de-ictus-ininterrumpido","status":"publish","type":"post","link":"https:\/\/radiociutat.com\/es\/tarragona-daily-radio-ciutat-de-tarragona\/tarragona-daily-vinuales-presionara-por-un-servicio-de-ictus-ininterrumpido\/","title":{"rendered":"Tarragona Daily | Vi\u00f1uales presionar\u00e1 por un servicio de ictus ininterrumpido"},"content":{"rendered":"\n<p><a href=\"https:\/\/radiociutat.com\/ultimes-noticies-tarragona\/vinuales-passa-a-laccio-per-aconseguir-el-servei-dictus-24-7-a-tarragona\/\">Vi\u00f1uales pasa a la acci\u00f3n para conseguir el servicio de ictus 24\/7 en Tarragona<\/a><\/p>\n\n\n\n<p><strong>El alcalde de Tarragona, Rub\u00e9n Vi\u00f1uales, ha iniciado contactos para reclamar el servicio de ictus 24\/7 en el Hospital Joan XXIII. Este martes se reuni\u00f3 con la consejera de Salud, Olga Pan\u00e9, y tiene previsto encontrarse con la c\u00fapula del CatSalut. Los movimientos llegan despu\u00e9s de que En Com\u00fa Podem denunciara que los presupuestos de la Generalitat no prev\u00e9n ninguna partida para garantizar el servicio ininterrumpido.<\/strong><\/p>\n\n\n\n<p>El consistorio quiere ampliar primero el horario actual \u2014de lunes a viernes, de 8 a 20 horas\u2014 y alcanzar posteriormente la cobertura permanente. Vi\u00f1uales defiende que Tarragona es un polo sanitario del sur de Catalu\u00f1a y conf\u00eda en consolidar el servicio.<\/p>\n\n\n\n<p>Desde Salud, la subdirectora del Servicio Catal\u00e1n, Pilar Otermin, ha afirmado que el Govern prev\u00e9 ampliar este a\u00f1o a 12 horas las trombectom\u00edas mec\u00e1nicas. El domingo hay convocada una protesta en la Rambla Nova para reclamar el 24\/7.<\/p>\n\n\n\n<p><a href=\"https:\/\/radiociutat.com\/ultimes-noticies-tarragona\/erc-lamenta-el-to-burlesc-de-lequip-de-govern-amb-la-mocio-dels-centres-civics\/\">ERC lamenta el tono \u201cburlesco\u201d del equipo de gobierno con la moci\u00f3n de los centros c\u00edvicos<\/a><\/p>\n\n\n\n<p><strong>El grupo municipal de Esquerra Republicana de Catalunya ha criticado el tono \u201cburlesco\u201d del equipo de gobierno durante el \u00faltimo pleno del Ayuntamiento de Tarragona en relaci\u00f3n con la moci\u00f3n sobre nuevos centros c\u00edvicos. Los republicanos aseguran que el gobierno ha admitido que no impulsar\u00e1 compromisos pactados, especialmente los vinculados a la creaci\u00f3n de estos equipamientos.<\/strong><\/p>\n\n\n\n<p>ERC defiende que s\u00ed se hab\u00edan concretado posibles ubicaciones, como Santill\u00e1n, Llevant, el Parc del Francol\u00ed o la avenida Catalunya, y que exist\u00edan documentos de trabajo compartidos con el gobierno. En este sentido, acusan al PSC de incumplir acuerdos y de fallar a la ciudadan\u00eda.<\/p>\n\n\n\n<p>El concejal Xavier Puig ha afirmado que el alcalde \u201cno es una persona de fiar\u201d. Aun as\u00ed, el grupo republicano mantiene que continuar\u00e1 trabajando con actitud constructiva y descarta actuar por \u201cvenganza pol\u00edtica\u201d.<\/p>\n\n\n\n<p><a href=\"https:\/\/radiociutat.com\/ultimes-noticies-tarragona\/croniques-actualitat\/el-parc-subaquatic-del-port-de-tarragona-es-converteix-en-el-primer-i-unic-digitalitzat-en-3d-en-tot-lestat\/\">El Parque Subacu\u00e1tico del puerto de Tarragona se convierte en el \u201cprimer y \u00fanico\u201d digitalizado en 3D en todo el Estado<\/a><\/p>\n\n\n\n<p><strong>El Parque Subacu\u00e1tico del Puerto de Tarragona se ha convertido en el primero y \u00fanico del Estado con r\u00e9plica digital en 3D. El proyecto Thalassa Patrimonio Subacu\u00e1tico ha documentado seis pecios, elementos art\u00edsticos y anclas, as\u00ed como la zona biol\u00f3gica conocida como la Catedral. Esta informaci\u00f3n se integra en un mapa interactivo con c\u00f3digos QR, que facilita a los buceadores conocer el entorno y aumenta la seguridad, a la vez que permite el acceso virtual a toda la ciudadan\u00eda.<\/strong><\/p>\n\n\n\n<p>Creado en 1995 y gestionado por la Sociedad de Exploraciones Submarinas, el parque tambi\u00e9n es refugio para m\u00e1s de 552 especies. La Autoridad Portuaria ampli\u00f3 la zona a 10,8 hect\u00e1reas en 2024 para proteger la biodiversidad. La digitalizaci\u00f3n forma parte de una prueba piloto para documentar los barcos sumergidos del litoral catal\u00e1n, incluyendo el cementerio de barcos de l\u2019Ametlla de Mar y el modelo 3D del Boreas en Palam\u00f3s.<\/p>\n\n\n\n<p><a href=\"https:\/\/radiociutat.com\/ultimes-noticies-tarragona\/el-medol-acollira-enguany-els-treballs-de-marcelli-antunez-beatrice-bizot-o-el-mapping-de-taull\/\">El M\u00e8dol acoger\u00e1 este a\u00f1o los trabajos de Marcel\u00b7l\u00ed Ant\u00fanez, Beatrice Bizot o el mapping de Ta\u00fcll<\/a><\/p>\n\n\n\n<p><strong>El M\u00e8dol Centro de Artes Contempor\u00e1neas celebra este a\u00f1o cinco a\u00f1os con una programaci\u00f3n de diecisiete exposiciones en ocho espacios, con 85 artistas y una quincena de comisarios. La concejala de Cultura, Sandra Ramos, ha destacado la evoluci\u00f3n del centro y la diversidad de actividades desarrolladas.<\/strong><\/p>\n\n\n\n<p>Entre las propuestas destaca Marcel\u00b7l\u00ed Ant\u00fanez (La Fura dels Baus) con \u2018Llum, natura centrum est\u2019 en el Tinglado 2 del Moll de Costa del 14 de marzo al 24 de mayo. Tambi\u00e9n estar\u00e1 la exposici\u00f3n \u2018Formes\u2019 de Beatrice Bizot, y dentro de Digital After All 3 se podr\u00e1 ver el mapping \u2018Lux Mundi\u2019, creado para la iglesia rom\u00e1nica de Ta\u00fcll.<\/p>\n\n\n\n<p><a href=\"https:\/\/radiociutat.com\/ultimes-noticies-tarragona\/croniques-actualitat\/canvi-de-cromos-a-la-pintura-del-cbt\/\">Cambio de cromos en la pintura del CBT<\/a><\/p>\n\n\n\n<p><strong>El Club B\u00e0squet Tarragona mueve ficha de cara al tramo final de la temporada con una operaci\u00f3n de salida y entrada en la pintura. La entidad ha anunciado la rescisi\u00f3n del contrato de <\/strong><strong>Day Hal<\/strong><strong>l tras ejecutar la cl\u00e1usula prevista en el acuerdo que vinculaba a ambas partes<\/strong><\/p>\n\n\n\n<p>En paralelo, el Ibersol CBT ha hecho oficial la incorporaci\u00f3n del ala-p\u00edvot <strong>Mohamed Issouf<\/strong>, interior de 20 a\u00f1os y 2,02 metros, con capacidad para ocupar las posiciones de cuatro y cinco. Formado en el baloncesto franc\u00e9s y procedente del Class Sant Antoni Ibiza de la Segunda FEB, el jugador marfile\u00f1o destaca por su perfil defensivo y su presencia en el rebote.<\/p>\n","protected":false},"excerpt":{"rendered":"<p>Vi\u00f1uales pasa a la acci\u00f3n para conseguir el servicio de ictus 24\/7 en Tarragona El alcalde de Tarragona, Rub\u00e9n Vi\u00f1uales, ha iniciado contactos para reclamar el servicio de ictus 24\/7 en el Hospital Joan XXIII. Este martes se reuni\u00f3 con la consejera de Salud, Olga Pan\u00e9, y tiene previsto encontrarse con la c\u00fapula del CatSalut. [&hellip;]<\/p>\n","protected":false},"author":84,"featured_media":206872,"comment_status":"closed","ping_status":"closed","sticky":false,"template":"","format":"standard","meta":{"footnotes":""},"categories":[13686],"tags":[13771,13763,13673,13772],"class_list":["post-239437","post","type-post","status-publish","format-standard","has-post-thumbnail","hentry","category-tarragona-daily-radio-ciutat-de-tarragona","tag-medol-4","tag-salud","tag-tarragona-daily-2","tag-vinuales-es"],"yoast_head":"<!-- This site is optimized with the Yoast SEO Premium plugin v27.4 (Yoast SEO v27.5) - https:\/\/yoast.com\/product\/yoast-seo-premium-wordpress\/ -->\n<title>Tarragona Daily | Vi\u00f1uales presionar\u00e1 por un servicio de ictus ininterrumpido - R\u00e0dio Ciutat de Tarragona<\/title>\n<meta name=\"robots\" content=\"index, follow, max-snippet:-1, max-image-preview:large, max-video-preview:-1\" \/>\n<link rel=\"canonical\" href=\"https:\/\/radiociutat.com\/es\/tarragona-daily-radio-ciutat-de-tarragona\/tarragona-daily-vinuales-presionara-por-un-servicio-de-ictus-ininterrumpido\/\" \/>\n<meta property=\"og:locale\" content=\"es_ES\" \/>\n<meta property=\"og:type\" content=\"article\" \/>\n<meta property=\"og:title\" content=\"Tarragona Daily | Vi\u00f1uales presionar\u00e1 por un servicio de ictus ininterrumpido\" \/>\n<meta property=\"og:description\" content=\"Vi\u00f1uales pasa a la acci\u00f3n para conseguir el servicio de ictus 24\/7 en Tarragona El alcalde de Tarragona, Rub\u00e9n Vi\u00f1uales, ha iniciado contactos para reclamar el servicio de ictus 24\/7 en el Hospital Joan XXIII. Este martes se reuni\u00f3 con la consejera de Salud, Olga Pan\u00e9, y tiene previsto encontrarse con la c\u00fapula del CatSalut. [&hellip;]\" \/>\n<meta property=\"og:url\" content=\"https:\/\/radiociutat.com\/es\/tarragona-daily-radio-ciutat-de-tarragona\/tarragona-daily-vinuales-presionara-por-un-servicio-de-ictus-ininterrumpido\/\" \/>\n<meta property=\"og:site_name\" content=\"R\u00e0dio Ciutat de Tarragona\" \/>\n<meta property=\"article:publisher\" content=\"https:\/\/www.facebook.com\/rctgn\" \/>\n<meta property=\"article:published_time\" content=\"2026-02-25T12:58:13+00:00\" \/>\n<meta property=\"article:modified_time\" content=\"2026-03-15T09:45:56+00:00\" \/>\n<meta property=\"og:image\" content=\"https:\/\/files.radiociutat.com\/rctgn\/wp-content\/uploads\/2025\/06\/Hospital-Joan-23-XXIII-Tarragona-e1772025555331.jpg\" \/>\n\t<meta property=\"og:image:width\" content=\"800\" \/>\n\t<meta property=\"og:image:height\" content=\"533\" \/>\n\t<meta property=\"og:image:type\" content=\"image\/jpeg\" \/>\n<meta name=\"author\" content=\"Adri\u00e0 Duch\" \/>\n<meta name=\"twitter:card\" content=\"summary_large_image\" \/>\n<meta name=\"twitter:creator\" content=\"@RCTgn\" \/>\n<meta name=\"twitter:site\" content=\"@RCTgn\" \/>\n<meta name=\"twitter:label1\" content=\"Escrito por\" \/>\n\t<meta name=\"twitter:data1\" content=\"Adri\u00e0 Duch\" \/>\n\t<meta name=\"twitter:label2\" content=\"Tiempo de lectura\" \/>\n\t<meta name=\"twitter:data2\" content=\"4 minutos\" \/>\n<script type=\"application\/ld+json\" class=\"yoast-schema-graph\">{\"@context\":\"https:\\\/\\\/schema.org\",\"@graph\":[{\"@type\":\"Article\",\"@id\":\"https:\\\/\\\/radiociutat.com\\\/es\\\/tarragona-daily-radio-ciutat-de-tarragona\\\/tarragona-daily-vinuales-presionara-por-un-servicio-de-ictus-ininterrumpido\\\/#article\",\"isPartOf\":{\"@id\":\"https:\\\/\\\/radiociutat.com\\\/es\\\/tarragona-daily-radio-ciutat-de-tarragona\\\/tarragona-daily-vinuales-presionara-por-un-servicio-de-ictus-ininterrumpido\\\/\"},\"author\":{\"name\":\"Adri\u00e0 Duch\",\"@id\":\"https:\\\/\\\/radiociutat.com\\\/es\\\/#\\\/schema\\\/person\\\/daeecbc4942e3432e8d8b8663bf7d714\"},\"headline\":\"Tarragona Daily | Vi\u00f1uales presionar\u00e1 por un servicio de ictus ininterrumpido\",\"datePublished\":\"2026-02-25T12:58:13+00:00\",\"dateModified\":\"2026-03-15T09:45:56+00:00\",\"mainEntityOfPage\":{\"@id\":\"https:\\\/\\\/radiociutat.com\\\/es\\\/tarragona-daily-radio-ciutat-de-tarragona\\\/tarragona-daily-vinuales-presionara-por-un-servicio-de-ictus-ininterrumpido\\\/\"},\"wordCount\":780,\"image\":{\"@id\":\"https:\\\/\\\/radiociutat.com\\\/es\\\/tarragona-daily-radio-ciutat-de-tarragona\\\/tarragona-daily-vinuales-presionara-por-un-servicio-de-ictus-ininterrumpido\\\/#primaryimage\"},\"thumbnailUrl\":\"https:\\\/\\\/files.radiociutat.com\\\/rctgn\\\/wp-content\\\/uploads\\\/2025\\\/06\\\/Hospital-Joan-23-XXIII-Tarragona-e1772025555331.jpg\",\"keywords\":[\"Medol\",\"SALUD\",\"Tarragona Daily\",\"Vi\u00f1uales\"],\"articleSection\":[\"Tarragona Daily - R\u00e0dio Ciutat de Tarragona\"],\"inLanguage\":\"es\"},{\"@type\":\"WebPage\",\"@id\":\"https:\\\/\\\/radiociutat.com\\\/es\\\/tarragona-daily-radio-ciutat-de-tarragona\\\/tarragona-daily-vinuales-presionara-por-un-servicio-de-ictus-ininterrumpido\\\/\",\"url\":\"https:\\\/\\\/radiociutat.com\\\/es\\\/tarragona-daily-radio-ciutat-de-tarragona\\\/tarragona-daily-vinuales-presionara-por-un-servicio-de-ictus-ininterrumpido\\\/\",\"name\":\"Tarragona Daily | Vi\u00f1uales presionar\u00e1 por un servicio de ictus ininterrumpido - R\u00e0dio Ciutat de Tarragona\",\"isPartOf\":{\"@id\":\"https:\\\/\\\/radiociutat.com\\\/es\\\/#website\"},\"primaryImageOfPage\":{\"@id\":\"https:\\\/\\\/radiociutat.com\\\/es\\\/tarragona-daily-radio-ciutat-de-tarragona\\\/tarragona-daily-vinuales-presionara-por-un-servicio-de-ictus-ininterrumpido\\\/#primaryimage\"},\"image\":{\"@id\":\"https:\\\/\\\/radiociutat.com\\\/es\\\/tarragona-daily-radio-ciutat-de-tarragona\\\/tarragona-daily-vinuales-presionara-por-un-servicio-de-ictus-ininterrumpido\\\/#primaryimage\"},\"thumbnailUrl\":\"https:\\\/\\\/files.radiociutat.com\\\/rctgn\\\/wp-content\\\/uploads\\\/2025\\\/06\\\/Hospital-Joan-23-XXIII-Tarragona-e1772025555331.jpg\",\"datePublished\":\"2026-02-25T12:58:13+00:00\",\"dateModified\":\"2026-03-15T09:45:56+00:00\",\"author\":{\"@id\":\"https:\\\/\\\/radiociutat.com\\\/es\\\/#\\\/schema\\\/person\\\/daeecbc4942e3432e8d8b8663bf7d714\"},\"breadcrumb\":{\"@id\":\"https:\\\/\\\/radiociutat.com\\\/es\\\/tarragona-daily-radio-ciutat-de-tarragona\\\/tarragona-daily-vinuales-presionara-por-un-servicio-de-ictus-ininterrumpido\\\/#breadcrumb\"},\"inLanguage\":\"es\",\"potentialAction\":[{\"@type\":\"ReadAction\",\"target\":[\"https:\\\/\\\/radiociutat.com\\\/es\\\/tarragona-daily-radio-ciutat-de-tarragona\\\/tarragona-daily-vinuales-presionara-por-un-servicio-de-ictus-ininterrumpido\\\/\"]}]},{\"@type\":\"ImageObject\",\"inLanguage\":\"es\",\"@id\":\"https:\\\/\\\/radiociutat.com\\\/es\\\/tarragona-daily-radio-ciutat-de-tarragona\\\/tarragona-daily-vinuales-presionara-por-un-servicio-de-ictus-ininterrumpido\\\/#primaryimage\",\"url\":\"https:\\\/\\\/files.radiociutat.com\\\/rctgn\\\/wp-content\\\/uploads\\\/2025\\\/06\\\/Hospital-Joan-23-XXIII-Tarragona-e1772025555331.jpg\",\"contentUrl\":\"https:\\\/\\\/files.radiociutat.com\\\/rctgn\\\/wp-content\\\/uploads\\\/2025\\\/06\\\/Hospital-Joan-23-XXIII-Tarragona-e1772025555331.jpg\",\"width\":800,\"height\":533,\"caption\":\"Hospital Joan 23 XXIII Tarragona\"},{\"@type\":\"BreadcrumbList\",\"@id\":\"https:\\\/\\\/radiociutat.com\\\/es\\\/tarragona-daily-radio-ciutat-de-tarragona\\\/tarragona-daily-vinuales-presionara-por-un-servicio-de-ictus-ininterrumpido\\\/#breadcrumb\",\"itemListElement\":[{\"@type\":\"ListItem\",\"position\":1,\"name\":\"Inici\",\"item\":\"https:\\\/\\\/radiociutat.com\\\/es\\\/\"},{\"@type\":\"ListItem\",\"position\":2,\"name\":\"Tarragona Daily | Vi\u00f1uales presionar\u00e1 por un servicio de ictus ininterrumpido\"}]},{\"@type\":\"WebSite\",\"@id\":\"https:\\\/\\\/radiociutat.com\\\/es\\\/#website\",\"url\":\"https:\\\/\\\/radiociutat.com\\\/es\\\/\",\"name\":\"R\u00e0dio Ciutat de Tarragona\",\"description\":\"R\u00e0dio Ciutat de Tarragona - RCTgn.cat R\u00e0dio Online\",\"potentialAction\":[{\"@type\":\"SearchAction\",\"target\":{\"@type\":\"EntryPoint\",\"urlTemplate\":\"https:\\\/\\\/radiociutat.com\\\/es\\\/?s={search_term_string}\"},\"query-input\":{\"@type\":\"PropertyValueSpecification\",\"valueRequired\":true,\"valueName\":\"search_term_string\"}}],\"inLanguage\":\"es\"},{\"@type\":\"Person\",\"@id\":\"https:\\\/\\\/radiociutat.com\\\/es\\\/#\\\/schema\\\/person\\\/daeecbc4942e3432e8d8b8663bf7d714\",\"name\":\"Adri\u00e0 Duch\",\"sameAs\":[\"https:\\\/\\\/radiociutat.com\\\/wp-content\\\/uploads\\\/2024\\\/02\\\/ADRIA-DUCH.png\"],\"url\":\"https:\\\/\\\/radiociutat.com\\\/es\\\/author\\\/adria-duch\\\/\"}]}<\/script>\n<!-- \/ Yoast SEO Premium plugin. -->","yoast_head_json":{"title":"Tarragona Daily | Vi\u00f1uales presionar\u00e1 por un servicio de ictus ininterrumpido - R\u00e0dio Ciutat de Tarragona","robots":{"index":"index","follow":"follow","max-snippet":"max-snippet:-1","max-image-preview":"max-image-preview:large","max-video-preview":"max-video-preview:-1"},"canonical":"https:\/\/radiociutat.com\/es\/tarragona-daily-radio-ciutat-de-tarragona\/tarragona-daily-vinuales-presionara-por-un-servicio-de-ictus-ininterrumpido\/","og_locale":"es_ES","og_type":"article","og_title":"Tarragona Daily | Vi\u00f1uales presionar\u00e1 por un servicio de ictus ininterrumpido","og_description":"Vi\u00f1uales pasa a la acci\u00f3n para conseguir el servicio de ictus 24\/7 en Tarragona El alcalde de Tarragona, Rub\u00e9n Vi\u00f1uales, ha iniciado contactos para reclamar el servicio de ictus 24\/7 en el Hospital Joan XXIII. Este martes se reuni\u00f3 con la consejera de Salud, Olga Pan\u00e9, y tiene previsto encontrarse con la c\u00fapula del CatSalut. [&hellip;]","og_url":"https:\/\/radiociutat.com\/es\/tarragona-daily-radio-ciutat-de-tarragona\/tarragona-daily-vinuales-presionara-por-un-servicio-de-ictus-ininterrumpido\/","og_site_name":"R\u00e0dio Ciutat de Tarragona","article_publisher":"https:\/\/www.facebook.com\/rctgn","article_published_time":"2026-02-25T12:58:13+00:00","article_modified_time":"2026-03-15T09:45:56+00:00","og_image":[{"width":800,"height":533,"url":"https:\/\/files.radiociutat.com\/rctgn\/wp-content\/uploads\/2025\/06\/Hospital-Joan-23-XXIII-Tarragona-e1772025555331.jpg","type":"image\/jpeg"}],"author":"Adri\u00e0 Duch","twitter_card":"summary_large_image","twitter_creator":"@RCTgn","twitter_site":"@RCTgn","twitter_misc":{"Escrito por":"Adri\u00e0 Duch","Tiempo de lectura":"4 minutos"},"schema":{"@context":"https:\/\/schema.org","@graph":[{"@type":"Article","@id":"https:\/\/radiociutat.com\/es\/tarragona-daily-radio-ciutat-de-tarragona\/tarragona-daily-vinuales-presionara-por-un-servicio-de-ictus-ininterrumpido\/#article","isPartOf":{"@id":"https:\/\/radiociutat.com\/es\/tarragona-daily-radio-ciutat-de-tarragona\/tarragona-daily-vinuales-presionara-por-un-servicio-de-ictus-ininterrumpido\/"},"author":{"name":"Adri\u00e0 Duch","@id":"https:\/\/radiociutat.com\/es\/#\/schema\/person\/daeecbc4942e3432e8d8b8663bf7d714"},"headline":"Tarragona Daily | Vi\u00f1uales presionar\u00e1 por un servicio de ictus ininterrumpido","datePublished":"2026-02-25T12:58:13+00:00","dateModified":"2026-03-15T09:45:56+00:00","mainEntityOfPage":{"@id":"https:\/\/radiociutat.com\/es\/tarragona-daily-radio-ciutat-de-tarragona\/tarragona-daily-vinuales-presionara-por-un-servicio-de-ictus-ininterrumpido\/"},"wordCount":780,"image":{"@id":"https:\/\/radiociutat.com\/es\/tarragona-daily-radio-ciutat-de-tarragona\/tarragona-daily-vinuales-presionara-por-un-servicio-de-ictus-ininterrumpido\/#primaryimage"},"thumbnailUrl":"https:\/\/files.radiociutat.com\/rctgn\/wp-content\/uploads\/2025\/06\/Hospital-Joan-23-XXIII-Tarragona-e1772025555331.jpg","keywords":["Medol","SALUD","Tarragona Daily","Vi\u00f1uales"],"articleSection":["Tarragona Daily - R\u00e0dio Ciutat de Tarragona"],"inLanguage":"es"},{"@type":"WebPage","@id":"https:\/\/radiociutat.com\/es\/tarragona-daily-radio-ciutat-de-tarragona\/tarragona-daily-vinuales-presionara-por-un-servicio-de-ictus-ininterrumpido\/","url":"https:\/\/radiociutat.com\/es\/tarragona-daily-radio-ciutat-de-tarragona\/tarragona-daily-vinuales-presionara-por-un-servicio-de-ictus-ininterrumpido\/","name":"Tarragona Daily | Vi\u00f1uales presionar\u00e1 por un servicio de ictus ininterrumpido - R\u00e0dio Ciutat de Tarragona","isPartOf":{"@id":"https:\/\/radiociutat.com\/es\/#website"},"primaryImageOfPage":{"@id":"https:\/\/radiociutat.com\/es\/tarragona-daily-radio-ciutat-de-tarragona\/tarragona-daily-vinuales-presionara-por-un-servicio-de-ictus-ininterrumpido\/#primaryimage"},"image":{"@id":"https:\/\/radiociutat.com\/es\/tarragona-daily-radio-ciutat-de-tarragona\/tarragona-daily-vinuales-presionara-por-un-servicio-de-ictus-ininterrumpido\/#primaryimage"},"thumbnailUrl":"https:\/\/files.radiociutat.com\/rctgn\/wp-content\/uploads\/2025\/06\/Hospital-Joan-23-XXIII-Tarragona-e1772025555331.jpg","datePublished":"2026-02-25T12:58:13+00:00","dateModified":"2026-03-15T09:45:56+00:00","author":{"@id":"https:\/\/radiociutat.com\/es\/#\/schema\/person\/daeecbc4942e3432e8d8b8663bf7d714"},"breadcrumb":{"@id":"https:\/\/radiociutat.com\/es\/tarragona-daily-radio-ciutat-de-tarragona\/tarragona-daily-vinuales-presionara-por-un-servicio-de-ictus-ininterrumpido\/#breadcrumb"},"inLanguage":"es","potentialAction":[{"@type":"ReadAction","target":["https:\/\/radiociutat.com\/es\/tarragona-daily-radio-ciutat-de-tarragona\/tarragona-daily-vinuales-presionara-por-un-servicio-de-ictus-ininterrumpido\/"]}]},{"@type":"ImageObject","inLanguage":"es","@id":"https:\/\/radiociutat.com\/es\/tarragona-daily-radio-ciutat-de-tarragona\/tarragona-daily-vinuales-presionara-por-un-servicio-de-ictus-ininterrumpido\/#primaryimage","url":"https:\/\/files.radiociutat.com\/rctgn\/wp-content\/uploads\/2025\/06\/Hospital-Joan-23-XXIII-Tarragona-e1772025555331.jpg","contentUrl":"https:\/\/files.radiociutat.com\/rctgn\/wp-content\/uploads\/2025\/06\/Hospital-Joan-23-XXIII-Tarragona-e1772025555331.jpg","width":800,"height":533,"caption":"Hospital Joan 23 XXIII Tarragona"},{"@type":"BreadcrumbList","@id":"https:\/\/radiociutat.com\/es\/tarragona-daily-radio-ciutat-de-tarragona\/tarragona-daily-vinuales-presionara-por-un-servicio-de-ictus-ininterrumpido\/#breadcrumb","itemListElement":[{"@type":"ListItem","position":1,"name":"Inici","item":"https:\/\/radiociutat.com\/es\/"},{"@type":"ListItem","position":2,"name":"Tarragona Daily | Vi\u00f1uales presionar\u00e1 por un servicio de ictus ininterrumpido"}]},{"@type":"WebSite","@id":"https:\/\/radiociutat.com\/es\/#website","url":"https:\/\/radiociutat.com\/es\/","name":"R\u00e0dio Ciutat de Tarragona","description":"R\u00e0dio Ciutat de Tarragona - RCTgn.cat R\u00e0dio Online","potentialAction":[{"@type":"SearchAction","target":{"@type":"EntryPoint","urlTemplate":"https:\/\/radiociutat.com\/es\/?s={search_term_string}"},"query-input":{"@type":"PropertyValueSpecification","valueRequired":true,"valueName":"search_term_string"}}],"inLanguage":"es"},{"@type":"Person","@id":"https:\/\/radiociutat.com\/es\/#\/schema\/person\/daeecbc4942e3432e8d8b8663bf7d714","name":"Adri\u00e0 Duch","sameAs":["https:\/\/radiociutat.com\/wp-content\/uploads\/2024\/02\/ADRIA-DUCH.png"],"url":"https:\/\/radiociutat.com\/es\/author\/adria-duch\/"}]}},"_links":{"self":[{"href":"https:\/\/radiociutat.com\/es\/wp-json\/wp\/v2\/posts\/239437","targetHints":{"allow":["GET"]}}],"collection":[{"href":"https:\/\/radiociutat.com\/es\/wp-json\/wp\/v2\/posts"}],"about":[{"href":"https:\/\/radiociutat.com\/es\/wp-json\/wp\/v2\/types\/post"}],"author":[{"embeddable":true,"href":"https:\/\/radiociutat.com\/es\/wp-json\/wp\/v2\/users\/84"}],"replies":[{"embeddable":true,"href":"https:\/\/radiociutat.com\/es\/wp-json\/wp\/v2\/comments?post=239437"}],"version-history":[{"count":1,"href":"https:\/\/radiociutat.com\/es\/wp-json\/wp\/v2\/posts\/239437\/revisions"}],"predecessor-version":[{"id":369652,"href":"https:\/\/radiociutat.com\/es\/wp-json\/wp\/v2\/posts\/239437\/revisions\/369652"}],"wp:featuredmedia":[{"embeddable":true,"href":"https:\/\/radiociutat.com\/es\/wp-json\/wp\/v2\/media\/206872"}],"wp:attachment":[{"href":"https:\/\/radiociutat.com\/es\/wp-json\/wp\/v2\/media?parent=239437"}],"wp:term":[{"taxonomy":"category","embeddable":true,"href":"https:\/\/radiociutat.com\/es\/wp-json\/wp\/v2\/categories?post=239437"},{"taxonomy":"post_tag","embeddable":true,"href":"https:\/\/radiociutat.com\/es\/wp-json\/wp\/v2\/tags?post=239437"}],"curies":[{"name":"wp","href":"https:\/\/api.w.org\/{rel}","templated":true}]}}