{"id":212563,"date":"2025-09-26T23:34:20","date_gmt":"2025-09-26T21:34:20","guid":{"rendered":"https:\/\/radiociutat.com\/?p=212563"},"modified":"2025-09-26T23:44:45","modified_gmt":"2025-09-26T21:44:45","slug":"larquebisbat-de-tarragona-secularitza-un-capella-declarat-culpable-dabusos-sexuals-a-un-menor","status":"publish","type":"post","link":"https:\/\/radiociutat.com\/es\/ultimas-noticias\/cronicas\/larquebisbat-de-tarragona-secularitza-un-capella-declarat-culpable-dabusos-sexuals-a-un-menor\/","title":{"rendered":"L&#8217;Arquebisbat de Tarragona secularitza un capell\u00e0 declarat culpable d&#8217;abusos sexuals a un menor"},"content":{"rendered":"\n<p>El Arzobispado de Tarragona ha secularizado a un cura de la archidi\u00f3cesis declarado culpable de abusos sexuales a un menor a principios de los a\u00f1os noventa en Reus. El arzobispo de Tarragona, Joan Planellas, ha decidido apartarle del ministerio sacerdotal y le ha impuesto una multa econ\u00f3mica en reparaci\u00f3n de los da\u00f1os causados.<br><br>Esta decisi\u00f3n ha sido tomada a ra\u00edz del proceso penal can\u00f3nico se inici\u00f3 en febrero de 2024. El arzobispo tuvo conocimiento de los hechos en septiembre de 2022 y, de acuerdo con la legislaci\u00f3n can\u00f3nica vigente, realiz\u00f3 la preceptiva investigaci\u00f3n previa. <br><br>Con la firme voluntad de evitar todo tipo de impunidad, a pesar de la prescripci\u00f3n de los hechos ocurridos hace tres d\u00e9cadas, el dr. Joan Planellas consider\u00f3 necesario pedir a la Santa Sede que derogara su prescripci\u00f3n. Aceptando esa petici\u00f3n, el Dicasteri orden\u00f3 la celebraci\u00f3n de un proceso penal extrajudicial.<br><br>Desde el Arzobispado aseguran que han acompa\u00f1ado a la v\u00edctima y le han dado el apoyo que ha necesitado. Ahora, al concluir el proceso, el arzobispo Joan Planellas ha vuelto a pedirle perd\u00f3n en nombre de la Iglesia, por los abusos que sufri\u00f3.<\/p>\n\n\n\n<p><\/p>\n","protected":false},"excerpt":{"rendered":"<p>El Arzobispado de Tarragona ha secularizado a un cura de la archidi\u00f3cesis declarado culpable de abusos sexuales a un menor a principios de los a\u00f1os noventa en Reus. El arzobispo de Tarragona, Joan Planellas, ha decidido apartarle del ministerio sacerdotal y le ha impuesto una multa econ\u00f3mica en reparaci\u00f3n de los da\u00f1os causados. Esta decisi\u00f3n [&hellip;]<\/p>\n","protected":false},"author":1,"featured_media":212370,"comment_status":"closed","ping_status":"closed","sticky":false,"template":"","format":"standard","meta":{"footnotes":""},"categories":[13688,13773],"tags":[128,88,76,260,129,19,218],"class_list":["post-212563","post","type-post","status-publish","format-standard","has-post-thumbnail","hentry","category-cronicas","category-sin-categoria-es","tag-actualitat","tag-info","tag-informatiu","tag-noticies","tag-societat","tag-tarragona","tag-tgn"],"yoast_head":"<!-- This site is optimized with the Yoast SEO Premium plugin v27.4 (Yoast SEO v27.5) - https:\/\/yoast.com\/product\/yoast-seo-premium-wordpress\/ -->\n<title>L&#039;Arquebisbat de Tarragona secularitza un capell\u00e0 declarat culpable d&#039;abusos sexuals a un menor - R\u00e0dio Ciutat de Tarragona<\/title>\n<meta name=\"robots\" content=\"index, follow, max-snippet:-1, max-image-preview:large, max-video-preview:-1\" \/>\n<link rel=\"canonical\" href=\"https:\/\/radiociutat.com\/es\/ultimas-noticias\/cronicas\/larquebisbat-de-tarragona-secularitza-un-capella-declarat-culpable-dabusos-sexuals-a-un-menor\/\" \/>\n<meta property=\"og:locale\" content=\"es_ES\" \/>\n<meta property=\"og:type\" content=\"article\" \/>\n<meta property=\"og:title\" content=\"L&#039;Arquebisbat de Tarragona secularitza un capell\u00e0 declarat culpable d&#039;abusos sexuals a un menor\" \/>\n<meta property=\"og:description\" content=\"El Arzobispado de Tarragona ha secularizado a un cura de la archidi\u00f3cesis declarado culpable de abusos sexuales a un menor a principios de los a\u00f1os noventa en Reus. El arzobispo de Tarragona, Joan Planellas, ha decidido apartarle del ministerio sacerdotal y le ha impuesto una multa econ\u00f3mica en reparaci\u00f3n de los da\u00f1os causados. Esta decisi\u00f3n [&hellip;]\" \/>\n<meta property=\"og:url\" content=\"https:\/\/radiociutat.com\/es\/ultimas-noticias\/cronicas\/larquebisbat-de-tarragona-secularitza-un-capella-declarat-culpable-dabusos-sexuals-a-un-menor\/\" \/>\n<meta property=\"og:site_name\" content=\"R\u00e0dio Ciutat de Tarragona\" \/>\n<meta property=\"article:publisher\" content=\"https:\/\/www.facebook.com\/rctgn\" \/>\n<meta property=\"article:published_time\" content=\"2025-09-26T21:34:20+00:00\" \/>\n<meta property=\"article:modified_time\" content=\"2025-09-26T21:44:45+00:00\" \/>\n<meta property=\"og:image\" content=\"https:\/\/radiociutat.com\/wp-content\/uploads\/2025\/09\/arquebisbat-tarragona-scaled-e1758881885264.jpg\" \/>\n\t<meta property=\"og:image:width\" content=\"700\" \/>\n\t<meta property=\"og:image:height\" content=\"525\" \/>\n\t<meta property=\"og:image:type\" content=\"image\/jpeg\" \/>\n<meta name=\"author\" content=\"Redacci\u00f3\" \/>\n<meta name=\"twitter:card\" content=\"summary_large_image\" \/>\n<meta name=\"twitter:creator\" content=\"@RCTgn\" \/>\n<meta name=\"twitter:site\" content=\"@RCTgn\" \/>\n<meta name=\"twitter:label1\" content=\"Escrito por\" \/>\n\t<meta name=\"twitter:data1\" content=\"Redacci\u00f3\" \/>\n\t<meta name=\"twitter:label2\" content=\"Tiempo de lectura\" \/>\n\t<meta name=\"twitter:data2\" content=\"2 minutos\" \/>\n<script type=\"application\/ld+json\" class=\"yoast-schema-graph\">{\"@context\":\"https:\\\/\\\/schema.org\",\"@graph\":[{\"@type\":\"Article\",\"@id\":\"https:\\\/\\\/radiociutat.com\\\/es\\\/ultimas-noticias\\\/cronicas\\\/larquebisbat-de-tarragona-secularitza-un-capella-declarat-culpable-dabusos-sexuals-a-un-menor\\\/#article\",\"isPartOf\":{\"@id\":\"https:\\\/\\\/radiociutat.com\\\/es\\\/ultimas-noticias\\\/cronicas\\\/larquebisbat-de-tarragona-secularitza-un-capella-declarat-culpable-dabusos-sexuals-a-un-menor\\\/\"},\"author\":{\"name\":\"Redacci\u00f3\",\"@id\":\"https:\\\/\\\/radiociutat.com\\\/es\\\/#\\\/schema\\\/person\\\/04b6638f9d2a9ea77408db76c5d8f0b5\"},\"headline\":\"L&#8217;Arquebisbat de Tarragona secularitza un capell\u00e0 declarat culpable d&#8217;abusos sexuals a un menor\",\"datePublished\":\"2025-09-26T21:34:20+00:00\",\"dateModified\":\"2025-09-26T21:44:45+00:00\",\"mainEntityOfPage\":{\"@id\":\"https:\\\/\\\/radiociutat.com\\\/es\\\/ultimas-noticias\\\/cronicas\\\/larquebisbat-de-tarragona-secularitza-un-capella-declarat-culpable-dabusos-sexuals-a-un-menor\\\/\"},\"wordCount\":219,\"image\":{\"@id\":\"https:\\\/\\\/radiociutat.com\\\/es\\\/ultimas-noticias\\\/cronicas\\\/larquebisbat-de-tarragona-secularitza-un-capella-declarat-culpable-dabusos-sexuals-a-un-menor\\\/#primaryimage\"},\"thumbnailUrl\":\"https:\\\/\\\/files.radiociutat.com\\\/rctgn\\\/wp-content\\\/uploads\\\/2025\\\/09\\\/arquebisbat-tarragona-scaled-e1758881885264.jpg\",\"keywords\":[\"Actualitat\",\"Info\",\"Informatiu\",\"not\u00edcies\",\"Societat\",\"Tarragona\",\"TGN\"],\"articleSection\":[\"Cr\u00f3nicas\"],\"inLanguage\":\"es\"},{\"@type\":\"WebPage\",\"@id\":\"https:\\\/\\\/radiociutat.com\\\/es\\\/ultimas-noticias\\\/cronicas\\\/larquebisbat-de-tarragona-secularitza-un-capella-declarat-culpable-dabusos-sexuals-a-un-menor\\\/\",\"url\":\"https:\\\/\\\/radiociutat.com\\\/es\\\/ultimas-noticias\\\/cronicas\\\/larquebisbat-de-tarragona-secularitza-un-capella-declarat-culpable-dabusos-sexuals-a-un-menor\\\/\",\"name\":\"L'Arquebisbat de Tarragona secularitza un capell\u00e0 declarat culpable d'abusos sexuals a un menor - R\u00e0dio Ciutat de Tarragona\",\"isPartOf\":{\"@id\":\"https:\\\/\\\/radiociutat.com\\\/es\\\/#website\"},\"primaryImageOfPage\":{\"@id\":\"https:\\\/\\\/radiociutat.com\\\/es\\\/ultimas-noticias\\\/cronicas\\\/larquebisbat-de-tarragona-secularitza-un-capella-declarat-culpable-dabusos-sexuals-a-un-menor\\\/#primaryimage\"},\"image\":{\"@id\":\"https:\\\/\\\/radiociutat.com\\\/es\\\/ultimas-noticias\\\/cronicas\\\/larquebisbat-de-tarragona-secularitza-un-capella-declarat-culpable-dabusos-sexuals-a-un-menor\\\/#primaryimage\"},\"thumbnailUrl\":\"https:\\\/\\\/files.radiociutat.com\\\/rctgn\\\/wp-content\\\/uploads\\\/2025\\\/09\\\/arquebisbat-tarragona-scaled-e1758881885264.jpg\",\"datePublished\":\"2025-09-26T21:34:20+00:00\",\"dateModified\":\"2025-09-26T21:44:45+00:00\",\"author\":{\"@id\":\"https:\\\/\\\/radiociutat.com\\\/es\\\/#\\\/schema\\\/person\\\/04b6638f9d2a9ea77408db76c5d8f0b5\"},\"breadcrumb\":{\"@id\":\"https:\\\/\\\/radiociutat.com\\\/es\\\/ultimas-noticias\\\/cronicas\\\/larquebisbat-de-tarragona-secularitza-un-capella-declarat-culpable-dabusos-sexuals-a-un-menor\\\/#breadcrumb\"},\"inLanguage\":\"es\",\"potentialAction\":[{\"@type\":\"ReadAction\",\"target\":[\"https:\\\/\\\/radiociutat.com\\\/es\\\/ultimas-noticias\\\/cronicas\\\/larquebisbat-de-tarragona-secularitza-un-capella-declarat-culpable-dabusos-sexuals-a-un-menor\\\/\"]}]},{\"@type\":\"ImageObject\",\"inLanguage\":\"es\",\"@id\":\"https:\\\/\\\/radiociutat.com\\\/es\\\/ultimas-noticias\\\/cronicas\\\/larquebisbat-de-tarragona-secularitza-un-capella-declarat-culpable-dabusos-sexuals-a-un-menor\\\/#primaryimage\",\"url\":\"https:\\\/\\\/files.radiociutat.com\\\/rctgn\\\/wp-content\\\/uploads\\\/2025\\\/09\\\/arquebisbat-tarragona-scaled-e1758881885264.jpg\",\"contentUrl\":\"https:\\\/\\\/files.radiociutat.com\\\/rctgn\\\/wp-content\\\/uploads\\\/2025\\\/09\\\/arquebisbat-tarragona-scaled-e1758881885264.jpg\",\"width\":700,\"height\":525},{\"@type\":\"BreadcrumbList\",\"@id\":\"https:\\\/\\\/radiociutat.com\\\/es\\\/ultimas-noticias\\\/cronicas\\\/larquebisbat-de-tarragona-secularitza-un-capella-declarat-culpable-dabusos-sexuals-a-un-menor\\\/#breadcrumb\",\"itemListElement\":[{\"@type\":\"ListItem\",\"position\":1,\"name\":\"Inici\",\"item\":\"https:\\\/\\\/radiociutat.com\\\/es\\\/\"},{\"@type\":\"ListItem\",\"position\":2,\"name\":\"L&#8217;Arquebisbat de Tarragona secularitza un capell\u00e0 declarat culpable d&#8217;abusos sexuals a un menor\"}]},{\"@type\":\"WebSite\",\"@id\":\"https:\\\/\\\/radiociutat.com\\\/es\\\/#website\",\"url\":\"https:\\\/\\\/radiociutat.com\\\/es\\\/\",\"name\":\"R\u00e0dio Ciutat de Tarragona\",\"description\":\"R\u00e0dio Ciutat de Tarragona - RCTgn.cat R\u00e0dio Online\",\"potentialAction\":[{\"@type\":\"SearchAction\",\"target\":{\"@type\":\"EntryPoint\",\"urlTemplate\":\"https:\\\/\\\/radiociutat.com\\\/es\\\/?s={search_term_string}\"},\"query-input\":{\"@type\":\"PropertyValueSpecification\",\"valueRequired\":true,\"valueName\":\"search_term_string\"}}],\"inLanguage\":\"es\"},{\"@type\":\"Person\",\"@id\":\"https:\\\/\\\/radiociutat.com\\\/es\\\/#\\\/schema\\\/person\\\/04b6638f9d2a9ea77408db76c5d8f0b5\",\"name\":\"Redacci\u00f3\",\"sameAs\":[\"https:\\\/\\\/radiociutat.com\\\/wp-content\\\/uploads\\\/2023\\\/09\\\/LOGO-RCTGN-CUADRAT.png\"],\"url\":\"https:\\\/\\\/radiociutat.com\\\/es\\\/author\\\/jespinosa\\\/\"}]}<\/script>\n<!-- \/ Yoast SEO Premium plugin. -->","yoast_head_json":{"title":"L'Arquebisbat de Tarragona secularitza un capell\u00e0 declarat culpable d'abusos sexuals a un menor - R\u00e0dio Ciutat de Tarragona","robots":{"index":"index","follow":"follow","max-snippet":"max-snippet:-1","max-image-preview":"max-image-preview:large","max-video-preview":"max-video-preview:-1"},"canonical":"https:\/\/radiociutat.com\/es\/ultimas-noticias\/cronicas\/larquebisbat-de-tarragona-secularitza-un-capella-declarat-culpable-dabusos-sexuals-a-un-menor\/","og_locale":"es_ES","og_type":"article","og_title":"L'Arquebisbat de Tarragona secularitza un capell\u00e0 declarat culpable d'abusos sexuals a un menor","og_description":"El Arzobispado de Tarragona ha secularizado a un cura de la archidi\u00f3cesis declarado culpable de abusos sexuales a un menor a principios de los a\u00f1os noventa en Reus. El arzobispo de Tarragona, Joan Planellas, ha decidido apartarle del ministerio sacerdotal y le ha impuesto una multa econ\u00f3mica en reparaci\u00f3n de los da\u00f1os causados. Esta decisi\u00f3n [&hellip;]","og_url":"https:\/\/radiociutat.com\/es\/ultimas-noticias\/cronicas\/larquebisbat-de-tarragona-secularitza-un-capella-declarat-culpable-dabusos-sexuals-a-un-menor\/","og_site_name":"R\u00e0dio Ciutat de Tarragona","article_publisher":"https:\/\/www.facebook.com\/rctgn","article_published_time":"2025-09-26T21:34:20+00:00","article_modified_time":"2025-09-26T21:44:45+00:00","og_image":[{"width":700,"height":525,"url":"https:\/\/radiociutat.com\/wp-content\/uploads\/2025\/09\/arquebisbat-tarragona-scaled-e1758881885264.jpg","type":"image\/jpeg"}],"author":"Redacci\u00f3","twitter_card":"summary_large_image","twitter_creator":"@RCTgn","twitter_site":"@RCTgn","twitter_misc":{"Escrito por":"Redacci\u00f3","Tiempo de lectura":"2 minutos"},"schema":{"@context":"https:\/\/schema.org","@graph":[{"@type":"Article","@id":"https:\/\/radiociutat.com\/es\/ultimas-noticias\/cronicas\/larquebisbat-de-tarragona-secularitza-un-capella-declarat-culpable-dabusos-sexuals-a-un-menor\/#article","isPartOf":{"@id":"https:\/\/radiociutat.com\/es\/ultimas-noticias\/cronicas\/larquebisbat-de-tarragona-secularitza-un-capella-declarat-culpable-dabusos-sexuals-a-un-menor\/"},"author":{"name":"Redacci\u00f3","@id":"https:\/\/radiociutat.com\/es\/#\/schema\/person\/04b6638f9d2a9ea77408db76c5d8f0b5"},"headline":"L&#8217;Arquebisbat de Tarragona secularitza un capell\u00e0 declarat culpable d&#8217;abusos sexuals a un menor","datePublished":"2025-09-26T21:34:20+00:00","dateModified":"2025-09-26T21:44:45+00:00","mainEntityOfPage":{"@id":"https:\/\/radiociutat.com\/es\/ultimas-noticias\/cronicas\/larquebisbat-de-tarragona-secularitza-un-capella-declarat-culpable-dabusos-sexuals-a-un-menor\/"},"wordCount":219,"image":{"@id":"https:\/\/radiociutat.com\/es\/ultimas-noticias\/cronicas\/larquebisbat-de-tarragona-secularitza-un-capella-declarat-culpable-dabusos-sexuals-a-un-menor\/#primaryimage"},"thumbnailUrl":"https:\/\/files.radiociutat.com\/rctgn\/wp-content\/uploads\/2025\/09\/arquebisbat-tarragona-scaled-e1758881885264.jpg","keywords":["Actualitat","Info","Informatiu","not\u00edcies","Societat","Tarragona","TGN"],"articleSection":["Cr\u00f3nicas"],"inLanguage":"es"},{"@type":"WebPage","@id":"https:\/\/radiociutat.com\/es\/ultimas-noticias\/cronicas\/larquebisbat-de-tarragona-secularitza-un-capella-declarat-culpable-dabusos-sexuals-a-un-menor\/","url":"https:\/\/radiociutat.com\/es\/ultimas-noticias\/cronicas\/larquebisbat-de-tarragona-secularitza-un-capella-declarat-culpable-dabusos-sexuals-a-un-menor\/","name":"L'Arquebisbat de Tarragona secularitza un capell\u00e0 declarat culpable d'abusos sexuals a un menor - R\u00e0dio Ciutat de Tarragona","isPartOf":{"@id":"https:\/\/radiociutat.com\/es\/#website"},"primaryImageOfPage":{"@id":"https:\/\/radiociutat.com\/es\/ultimas-noticias\/cronicas\/larquebisbat-de-tarragona-secularitza-un-capella-declarat-culpable-dabusos-sexuals-a-un-menor\/#primaryimage"},"image":{"@id":"https:\/\/radiociutat.com\/es\/ultimas-noticias\/cronicas\/larquebisbat-de-tarragona-secularitza-un-capella-declarat-culpable-dabusos-sexuals-a-un-menor\/#primaryimage"},"thumbnailUrl":"https:\/\/files.radiociutat.com\/rctgn\/wp-content\/uploads\/2025\/09\/arquebisbat-tarragona-scaled-e1758881885264.jpg","datePublished":"2025-09-26T21:34:20+00:00","dateModified":"2025-09-26T21:44:45+00:00","author":{"@id":"https:\/\/radiociutat.com\/es\/#\/schema\/person\/04b6638f9d2a9ea77408db76c5d8f0b5"},"breadcrumb":{"@id":"https:\/\/radiociutat.com\/es\/ultimas-noticias\/cronicas\/larquebisbat-de-tarragona-secularitza-un-capella-declarat-culpable-dabusos-sexuals-a-un-menor\/#breadcrumb"},"inLanguage":"es","potentialAction":[{"@type":"ReadAction","target":["https:\/\/radiociutat.com\/es\/ultimas-noticias\/cronicas\/larquebisbat-de-tarragona-secularitza-un-capella-declarat-culpable-dabusos-sexuals-a-un-menor\/"]}]},{"@type":"ImageObject","inLanguage":"es","@id":"https:\/\/radiociutat.com\/es\/ultimas-noticias\/cronicas\/larquebisbat-de-tarragona-secularitza-un-capella-declarat-culpable-dabusos-sexuals-a-un-menor\/#primaryimage","url":"https:\/\/files.radiociutat.com\/rctgn\/wp-content\/uploads\/2025\/09\/arquebisbat-tarragona-scaled-e1758881885264.jpg","contentUrl":"https:\/\/files.radiociutat.com\/rctgn\/wp-content\/uploads\/2025\/09\/arquebisbat-tarragona-scaled-e1758881885264.jpg","width":700,"height":525},{"@type":"BreadcrumbList","@id":"https:\/\/radiociutat.com\/es\/ultimas-noticias\/cronicas\/larquebisbat-de-tarragona-secularitza-un-capella-declarat-culpable-dabusos-sexuals-a-un-menor\/#breadcrumb","itemListElement":[{"@type":"ListItem","position":1,"name":"Inici","item":"https:\/\/radiociutat.com\/es\/"},{"@type":"ListItem","position":2,"name":"L&#8217;Arquebisbat de Tarragona secularitza un capell\u00e0 declarat culpable d&#8217;abusos sexuals a un menor"}]},{"@type":"WebSite","@id":"https:\/\/radiociutat.com\/es\/#website","url":"https:\/\/radiociutat.com\/es\/","name":"R\u00e0dio Ciutat de Tarragona","description":"R\u00e0dio Ciutat de Tarragona - RCTgn.cat R\u00e0dio Online","potentialAction":[{"@type":"SearchAction","target":{"@type":"EntryPoint","urlTemplate":"https:\/\/radiociutat.com\/es\/?s={search_term_string}"},"query-input":{"@type":"PropertyValueSpecification","valueRequired":true,"valueName":"search_term_string"}}],"inLanguage":"es"},{"@type":"Person","@id":"https:\/\/radiociutat.com\/es\/#\/schema\/person\/04b6638f9d2a9ea77408db76c5d8f0b5","name":"Redacci\u00f3","sameAs":["https:\/\/radiociutat.com\/wp-content\/uploads\/2023\/09\/LOGO-RCTGN-CUADRAT.png"],"url":"https:\/\/radiociutat.com\/es\/author\/jespinosa\/"}]}},"_links":{"self":[{"href":"https:\/\/radiociutat.com\/es\/wp-json\/wp\/v2\/posts\/212563","targetHints":{"allow":["GET"]}}],"collection":[{"href":"https:\/\/radiociutat.com\/es\/wp-json\/wp\/v2\/posts"}],"about":[{"href":"https:\/\/radiociutat.com\/es\/wp-json\/wp\/v2\/types\/post"}],"author":[{"embeddable":true,"href":"https:\/\/radiociutat.com\/es\/wp-json\/wp\/v2\/users\/1"}],"replies":[{"embeddable":true,"href":"https:\/\/radiociutat.com\/es\/wp-json\/wp\/v2\/comments?post=212563"}],"version-history":[{"count":2,"href":"https:\/\/radiociutat.com\/es\/wp-json\/wp\/v2\/posts\/212563\/revisions"}],"predecessor-version":[{"id":212568,"href":"https:\/\/radiociutat.com\/es\/wp-json\/wp\/v2\/posts\/212563\/revisions\/212568"}],"wp:featuredmedia":[{"embeddable":true,"href":"https:\/\/radiociutat.com\/es\/wp-json\/wp\/v2\/media\/212370"}],"wp:attachment":[{"href":"https:\/\/radiociutat.com\/es\/wp-json\/wp\/v2\/media?parent=212563"}],"wp:term":[{"taxonomy":"category","embeddable":true,"href":"https:\/\/radiociutat.com\/es\/wp-json\/wp\/v2\/categories?post=212563"},{"taxonomy":"post_tag","embeddable":true,"href":"https:\/\/radiociutat.com\/es\/wp-json\/wp\/v2\/tags?post=212563"}],"curies":[{"name":"wp","href":"https:\/\/api.w.org\/{rel}","templated":true}]}}