{"id":377977,"date":"2026-04-25T21:53:07","date_gmt":"2026-04-25T19:53:07","guid":{"rendered":"https:\/\/radiociutat.com\/?p=377977"},"modified":"2026-04-25T21:55:41","modified_gmt":"2026-04-25T19:55:41","slug":"%d8%aa%d8%a7%d8%b1%d8%a7%d8%ba%d9%88%d9%86%d8%a7-%d8%af%d9%8a%d9%84%d9%8a-%d8%aa%d8%aa%d9%81%d8%a7%d9%82%d9%85-%d8%af%d8%b1%d8%a7%d9%85%d8%a7-%d9%86%d8%a7%d8%af%d9%8a-%d9%86%d8%a7%d8%b3%d8%aa%d9%8a-2","status":"publish","type":"post","link":"https:\/\/radiociutat.com\/ar\/%d8%aa%d8%a7%d8%b1%d8%a7%d8%ba%d9%88%d9%86%d8%a7-%d8%af%d9%8a%d9%84%d9%8a-%d8%b1%d8%a7%d8%af%d9%8a%d9%88-%d9%85%d8%af%d9%8a%d9%86%d8%a9-%d8%aa%d8%a7%d8%b1%d8%a7%d8%ba%d9%88%d9%86%d8%a7\/%d8%aa%d8%a7%d8%b1%d8%a7%d8%ba%d9%88%d9%86%d8%a7-%d8%af%d9%8a%d9%84%d9%8a-%d8%b9%d8%b7%d9%84%d8%a9-%d9%86%d9%87%d8%a7%d9%8a%d8%a9-%d8%a7%d9%84%d8%a3%d8%b3%d8%a8%d9%88%d8%b9\/%d8%aa%d8%a7%d8%b1%d8%a7%d8%ba%d9%88%d9%86%d8%a7-%d8%af%d9%8a%d9%84%d9%8a-%d8%aa%d8%aa%d9%81%d8%a7%d9%82%d9%85-%d8%af%d8%b1%d8%a7%d9%85%d8%a7-%d9%86%d8%a7%d8%af%d9%8a-%d9%86%d8%a7%d8%b3%d8%aa%d9%8a-2\/","title":{"rendered":"\u062a\u0627\u0631\u0627\u062c\u0648\u0646\u0627 \u062f\u064a\u0644\u064a | \u0639\u0637\u0644\u0629 \u0646\u0647\u0627\u064a\u0629 \u0627\u0644\u0623\u0633\u0628\u0648\u0639 \u0627\u0644\u062a\u064a \u062a\u0633\u0628\u0642 \u0645\u0639\u0631\u0636 \u0623\u0628\u0631\u064a\u0644"},"content":{"rendered":"\n<h3 class=\"wp-block-heading\" id=\"h-la-fira-d-atraccions-de-bonavista-obre-les-seves-portes-fins-el-3-de-maig\"><a href=\"https:\/\/radiociutat.com\/ultimes-noticies-tarragona\/croniques-actualitat\/ibersol-cbt-barbastro-segona-posicio-playoff-mollet\/\"><strong><em><a href=\"https:\/\/radiociutat.com\/ultimes-noticies-tarragona\/la-fira-datraccions-de-bonavista-obre-les-seves-portes-fins-el-3-de-maig\/\">\u0645\u062f\u064a\u0646\u0629 \u0645\u0644\u0627\u0647\u064a \u0628\u0648\u0646\u0627\u0641\u064a\u0633\u062a\u0627 \u062a\u0641\u062a\u062d \u0623\u0628\u0648\u0627\u0628\u0647\u0627 \u062d\u062a\u0649 3 \u0645\u0627\u064a\u0648<\/a><\/em><\/strong><\/a><\/h3>\n\n\n\n<p>\u0627\u0641\u062a\u062a\u062d\u062a <strong>\u0645\u062f\u064a\u0646\u0629 \u0645\u0644\u0627\u0647\u064a \u0628\u0648\u0646\u0627\u0641\u064a\u0633\u062a\u0627<\/strong> \u0627\u0644\u062a\u0642\u0644\u064a\u062f\u064a\u0629 \u0623\u0628\u0648\u0627\u0628\u0647\u0627 \u064a\u0648\u0645 \u0627\u0644\u062c\u0645\u0639\u0629 \u0641\u064a \u0625\u0637\u0627\u0631 \u0627\u0644\u062f\u0648\u0631\u0629 \u0627\u0644\u062b\u0627\u0646\u064a\u0629 \u0648\u0627\u0644\u062b\u0644\u0627\u062b\u064a\u0646 \u0645\u0646 <strong>\u0645\u0639\u0631\u0636 \u0623\u0628\u0631\u064a\u0644<\/strong> (Fira d&#8217;Abril) \u0628\u0627\u0644\u0645\u062f\u064a\u0646\u0629. \u0648\u064a\u0648\u0645\u064a\u0627\u064b \u062d\u062a\u0649 3 \u0645\u0627\u064a\u0648\u060c \u0633\u062a\u0633\u0639\u062f \u0646\u062d\u0648 \u062e\u0645\u0633\u064a\u0646 \u0644\u0639\u0628\u0629 \u062a\u0631\u0641\u064a\u0647\u064a\u0629 \u0627\u0644\u0635\u063a\u0627\u0631 \u0648\u0627\u0644\u0643\u0628\u0627\u0631. \u062a\u0645 \u062a\u0631\u0643\u064a\u0628 \u0627\u0644\u0645\u0633\u0627\u062d\u0629 \u0645\u0646 \u0642\u0628\u0644 \u0646\u0642\u0627\u0628\u0629 \u0645\u062f\u0646 \u0645\u0644\u0627\u0647\u064a \u0627\u0644\u0645\u0639\u0627\u0631\u0636 \u0641\u064a \u0643\u062a\u0627\u0644\u0648\u0646\u064a\u0627 (GREFIC) \u0648\u0633\u062a\u0643\u062a\u0645\u0644 \u0645\u0646\u0637\u0642\u0629 &#8220;\u0627\u0644\u0623\u0643\u0634\u0627\u0643&#8221; (casetas) \u0627\u0644\u0623\u0646\u062f\u0644\u0633\u064a\u0629 \u0627\u0644\u062a\u0642\u0644\u064a\u062f\u064a\u0629 \u0641\u064a \u0645\u0639\u0631\u0636 \u0623\u0628\u0631\u064a\u0644\u060c \u0648\u0627\u0644\u062a\u064a \u0633\u062a\u062a\u0636\u0645\u0646 \u0628\u0631\u0646\u0627\u0645\u062c\u0627\u064b \u0645\u0648\u0633\u064a\u0642\u064a\u0627\u064b \u0648\u0641\u0646\u064a\u0627\u064b\u060c \u0648\u0633\u062a\u0641\u062a\u062d \u0623\u0628\u0648\u0627\u0628\u0647\u0627 \u0641\u064a 30 \u0623\u0628\u0631\u064a\u0644 \u0627\u0644\u0645\u0642\u0628\u0644.<\/p>\n\n\n\n<h3 class=\"wp-block-heading\" id=\"h-el-sopar-solidari-contra-el-cancer-recapta-34-980-euros-a-tarragona\"><a href=\"https:\/\/radiociutat.com\/ultimes-noticies-tarragona\/croniques-actualitat\/ferit-greu-motorista-xocar-tarragona\/\"><strong><em><a href=\"https:\/\/radiociutat.com\/ultimes-noticies-tarragona\/croniques-actualitat\/sopar-solidari-cancer-tarragona-34980-euros\/\">\u0627\u0644\u0639\u0634\u0627\u0621 \u0627\u0644\u062a\u0636\u0627\u0645\u0646\u064a \u0636\u062f \u0627\u0644\u0633\u0631\u0637\u0627\u0646 \u064a\u062c\u0645\u0639 34,980 \u064a\u0648\u0631\u0648 \u0641\u064a \u062a\u0627\u0631\u0627\u062c\u0648\u0646\u0627<\/a><\/em><\/strong><\/a><\/h3>\n\n\n\n<p>\u062c\u0645\u0639\u062a <strong>\u0627\u0644\u062c\u0645\u0639\u064a\u0629 \u0636\u062f \u0627\u0644\u0633\u0631\u0637\u0627\u0646 \u0641\u064a \u062a\u0627\u0631\u0627\u062c\u0648\u0646\u0627<\/strong> <strong>34,980 \u064a\u0648\u0631\u0648<\/strong> \u0641\u064a \u062f\u0648\u0631\u0629 \u062c\u062f\u064a\u062f\u0629 \u0645\u0646 <strong>\u0639\u0634\u0627\u0626\u0647\u0627 \u0627\u0644\u062a\u0636\u0627\u0645\u0646\u064a<\/strong>\u060c \u0627\u0644\u0630\u064a \u0623\u0642\u064a\u0645 \u0645\u0633\u0627\u0621 \u0623\u0645\u0633 \u0641\u064a <strong>\u0623\u0648\u0631\u0627\u0646\u062c\u064a\u0631\u064a<\/strong> (l\u2019Orangerie). \u0647\u0630\u0627 \u0627\u0644\u062d\u062f\u062b\u060c \u0627\u0644\u0630\u064a \u062a\u0631\u0633\u062e \u0628\u0627\u0644\u0641\u0639\u0644 \u0641\u064a \u0627\u0644\u062a\u0642\u0648\u064a\u0645 \u0627\u0644\u0627\u062c\u062a\u0645\u0627\u0639\u064a \u0644\u0644\u0645\u0646\u0637\u0642\u0629\u060c \u062c\u0645\u0639 \u0623\u0643\u062b\u0631 \u0645\u0646 <strong>300 \u062d\u0627\u0636\u0631<\/strong> \u0645\u0646 \u0628\u064a\u0646 \u0645\u0645\u062b\u0644\u064a\u0646 \u0645\u0624\u0633\u0633\u0627\u062a\u064a\u064a\u0646\u060c \u0648\u0635\u062d\u064a\u064a\u0646\u060c \u0648\u0631\u062c\u0627\u0644 \u0623\u0639\u0645\u0627\u0644 \u0648\u0647\u064a\u0626\u0627\u062a \u0645\u0646 \u0627\u0644\u0645\u062c\u062a\u0645\u0639 \u0627\u0644\u0645\u062f\u0646\u064a.<\/p>\n\n\n\n<h2 class=\"wp-block-heading\" id=\"h-salou-estrena-una-nova-ruta-guiada-gratuita-per-descobrir-el-seu-llegat-modernista-i-noucentista\"><a href=\"https:\/\/radiociutat.com\/ultimes-noticies-tarragona\/croniques-actualitat\/salou-estrena-una-nova-ruta-guiada-gratuita-per-descobrir-el-seu-llegat-modernista-i-noucentista\/\"><em><strong>\u0633\u0627\u0644\u0648 \u062a\u0637\u0644\u0642 \u0645\u0633\u0627\u0631\u0627\u064b \u0625\u0631\u0634\u0627\u062f\u064a\u0627\u064b \u062c\u062f\u064a\u062f\u0627\u064b \u0645\u062c\u0627\u0646\u064a\u0627\u064b \u0644\u0627\u0643\u062a\u0634\u0627\u0641 \u0625\u0631\u062b\u0647\u0627 \u0645\u0646 \u0627\u0644\u062d\u062f\u0627\u062b\u0629 \u0648&#8221;\u0627\u0644\u0646\u0648\u0633\u064a\u0646\u062a\u064a\u0633\u0645&#8221;<\/strong><\/em><\/a><\/h2>\n\n\n\n<p>\u0623\u0637\u0644\u0642\u062a \u0628\u0644\u062f\u064a\u0629 \u0633\u0627\u0644\u0648 \u0645\u0628\u0627\u062f\u0631\u0629 \u062b\u0642\u0627\u0641\u064a\u0629 \u062c\u062f\u064a\u062f\u0629 \u062a\u0647\u062f\u0641 \u0625\u0644\u0649 \u0627\u0644\u062a\u0639\u0631\u064a\u0641 \u0628\u0627\u0644\u062a\u0631\u0627\u062b \u0627\u0644\u0645\u0639\u0645\u0627\u0631\u064a \u0627\u0644\u063a\u0646\u064a \u0644\u0644\u0628\u0644\u062f\u064a\u0629. \u064a\u062a\u0639\u0644\u0642 \u0627\u0644\u0623\u0645\u0631 \u0628\u0645\u0633\u0627\u0631 \u0625\u0631\u0634\u0627\u062f\u064a \u0645\u062c\u0627\u0646\u064a \u062a\u0645\u0627\u0645\u0627\u064b \u064a\u062f\u0639\u0648 \u0627\u0644\u0645\u0648\u0627\u0637\u0646\u064a\u0646 \u0648\u0627\u0644\u0632\u0648\u0627\u0631 \u0644\u0627\u0633\u062a\u0643\u0634\u0627\u0641 \u0623\u0628\u0631\u0632 \u0639\u0646\u0627\u0635\u0631 \u0627\u0644\u062d\u062f\u0627\u062b\u0629 (Modernisme) \u0648&#8221;\u0627\u0644\u0646\u0648\u0633\u064a\u0646\u062a\u064a\u0633\u0645&#8221; (Noucentisme) \u0627\u0644\u0645\u062d\u0641\u0648\u0638\u0629 \u0641\u064a \u0627\u0644\u0628\u0644\u062f\u0629.<br>\u064a\u0647\u062f\u0641 \u0647\u0630\u0627 \u0627\u0644\u0645\u0642\u062a\u0631\u062d \u0628\u0634\u0643\u0644 \u0623\u0633\u0627\u0633\u064a \u0625\u0644\u0649 \u062a\u062b\u0645\u064a\u0646 \u062a\u0627\u0631\u064a\u062e \u0648\u062c\u0645\u0627\u0644\u064a\u0627\u062a \u0647\u0630\u064a\u0646 \u0627\u0644\u062a\u064a\u0627\u0631\u064a\u0646 \u0627\u0644\u0641\u0646\u064a\u064a\u0646 \u0627\u0644\u0644\u0630\u064a\u0646 \u0643\u0627\u0646 \u0644\u0647\u0645\u0627 \u062a\u0623\u062b\u064a\u0631 \u0643\u0628\u064a\u0631 \u0639\u0644\u0649 \u0627\u0644\u062a\u0634\u0643\u064a\u0644 \u0627\u0644\u062d\u0636\u0631\u064a \u0644\u0633\u0627\u0644\u0648. \u062e\u0644\u0627\u0644 \u0627\u0644\u062c\u0648\u0644\u0629\u060c \u0633\u064a\u062a\u0645\u0643\u0646 \u0627\u0644\u0645\u0634\u0627\u0631\u0643\u0648\u0646 \u0645\u0646 \u0627\u0643\u062a\u0634\u0627\u0641 \u062a\u0641\u0627\u0635\u064a\u0644 \u0648\u062a\u0627\u0631\u064a\u062e \u0627\u0644\u0639\u062f\u064a\u062f \u0645\u0646 \u0627\u0644\u0645\u0628\u0627\u0646\u064a \u0648\u0627\u0644\u0645\u0633\u0627\u062d\u0627\u062a \u0627\u0644\u0631\u0645\u0632\u064a\u0629\u060c \u0628\u0631\u0641\u0642\u0629 \u0634\u0631\u0648\u062d\u0627\u062a \u062a\u0633\u0627\u0639\u062f \u0641\u064a \u0641\u0647\u0645 \u0633\u064a\u0627\u0642 \u062a\u0637\u0648\u0631 \u0627\u0644\u0628\u0644\u062f\u0629.<\/p>\n","protected":false},"excerpt":{"rendered":"<p>\u0645\u062f\u064a\u0646\u0629 \u0645\u0644\u0627\u0647\u064a \u0628\u0648\u0646\u0627\u0641\u064a\u0633\u062a\u0627 \u062a\u0641\u062a\u062d \u0623\u0628\u0648\u0627\u0628\u0647\u0627 \u062d\u062a\u0649 3 \u0645\u0627\u064a\u0648 \u0627\u0641\u062a\u062a\u062d\u062a \u0645\u062f\u064a\u0646\u0629 \u0645\u0644\u0627\u0647\u064a \u0628\u0648\u0646\u0627\u0641\u064a\u0633\u062a\u0627 \u0627\u0644\u062a\u0642\u0644\u064a\u062f\u064a\u0629 \u0623\u0628\u0648\u0627\u0628\u0647\u0627 \u064a\u0648\u0645 \u0627\u0644\u062c\u0645\u0639\u0629 \u0641\u064a \u0625\u0637\u0627\u0631 \u0627\u0644\u062f\u0648\u0631\u0629 \u0627\u0644\u062b\u0627\u0646\u064a\u0629 \u0648\u0627\u0644\u062b\u0644\u0627\u062b\u064a\u0646 \u0645\u0646 \u0645\u0639\u0631\u0636 \u0623\u0628\u0631\u064a\u0644 (Fira d&#8217;Abril) \u0628\u0627\u0644\u0645\u062f\u064a\u0646\u0629. \u0648\u064a\u0648\u0645\u064a\u0627\u064b \u062d\u062a\u0649 3 \u0645\u0627\u064a\u0648\u060c \u0633\u062a\u0633\u0639\u062f \u0646\u062d\u0648 \u062e\u0645\u0633\u064a\u0646 \u0644\u0639\u0628\u0629 \u062a\u0631\u0641\u064a\u0647\u064a\u0629 \u0627\u0644\u0635\u063a\u0627\u0631 \u0648\u0627\u0644\u0643\u0628\u0627\u0631. \u062a\u0645 \u062a\u0631\u0643\u064a\u0628 \u0627\u0644\u0645\u0633\u0627\u062d\u0629 \u0645\u0646 \u0642\u0628\u0644 \u0646\u0642\u0627\u0628\u0629 \u0645\u062f\u0646 \u0645\u0644\u0627\u0647\u064a \u0627\u0644\u0645\u0639\u0627\u0631\u0636 \u0641\u064a \u0643\u062a\u0627\u0644\u0648\u0646\u064a\u0627 (GREFIC) \u0648\u0633\u062a\u0643\u062a\u0645\u0644 \u0645\u0646\u0637\u0642\u0629 &#8220;\u0627\u0644\u0623\u0643\u0634\u0627\u0643&#8221; (casetas) \u0627\u0644\u0623\u0646\u062f\u0644\u0633\u064a\u0629 [&hellip;]<\/p>\n","protected":false},"author":108,"featured_media":377983,"comment_status":"closed","ping_status":"closed","sticky":false,"template":"","format":"standard","meta":{"footnotes":""},"categories":[13774],"tags":[76,129,14407,14408,14406,14404,13790],"class_list":["post-377977","post","type-post","status-publish","format-standard","has-post-thumbnail","hentry","category-13774","tag-informatiu","tag-societat","tag-tgn","tag-14408","tag-14406","tag-14404","tag-13790"],"yoast_head":"<!-- This site is optimized with the Yoast SEO Premium plugin v27.4 (Yoast SEO v27.4) - https:\/\/yoast.com\/product\/yoast-seo-premium-wordpress\/ -->\n<title>\u062a\u0627\u0631\u0627\u062c\u0648\u0646\u0627 \u062f\u064a\u0644\u064a | \u0639\u0637\u0644\u0629 \u0646\u0647\u0627\u064a\u0629 \u0627\u0644\u0623\u0633\u0628\u0648\u0639 \u0627\u0644\u062a\u064a \u062a\u0633\u0628\u0642 \u0645\u0639\u0631\u0636 \u0623\u0628\u0631\u064a\u0644 - R\u00e0dio Ciutat de Tarragona<\/title>\n<meta name=\"robots\" content=\"index, follow, max-snippet:-1, max-image-preview:large, max-video-preview:-1\" \/>\n<link rel=\"canonical\" href=\"https:\/\/radiociutat.com\/ar\/%d8%aa%d8%a7%d8%b1%d8%a7%d8%ba%d9%88%d9%86%d8%a7-%d8%af%d9%8a%d9%84%d9%8a-%d8%b1%d8%a7%d8%af%d9%8a%d9%88-%d9%85%d8%af%d9%8a%d9%86%d8%a9-%d8%aa%d8%a7%d8%b1%d8%a7%d8%ba%d9%88%d9%86%d8%a7\/%d8%aa%d8%a7%d8%b1%d8%a7%d8%ba%d9%88%d9%86%d8%a7-%d8%af%d9%8a%d9%84%d9%8a-%d8%b9%d8%b7%d9%84%d8%a9-%d9%86%d9%87%d8%a7%d9%8a%d8%a9-%d8%a7%d9%84%d8%a3%d8%b3%d8%a8%d9%88%d8%b9\/%d8%aa%d8%a7%d8%b1%d8%a7%d8%ba%d9%88%d9%86%d8%a7-%d8%af%d9%8a%d9%84%d9%8a-%d8%aa%d8%aa%d9%81%d8%a7%d9%82%d9%85-%d8%af%d8%b1%d8%a7%d9%85%d8%a7-%d9%86%d8%a7%d8%af%d9%8a-%d9%86%d8%a7%d8%b3%d8%aa%d9%8a-2\/\" \/>\n<meta property=\"og:locale\" content=\"ar_AR\" \/>\n<meta property=\"og:type\" content=\"article\" \/>\n<meta property=\"og:title\" content=\"\u062a\u0627\u0631\u0627\u062c\u0648\u0646\u0627 \u062f\u064a\u0644\u064a | \u0639\u0637\u0644\u0629 \u0646\u0647\u0627\u064a\u0629 \u0627\u0644\u0623\u0633\u0628\u0648\u0639 \u0627\u0644\u062a\u064a \u062a\u0633\u0628\u0642 \u0645\u0639\u0631\u0636 \u0623\u0628\u0631\u064a\u0644\" \/>\n<meta property=\"og:description\" content=\"\u0645\u062f\u064a\u0646\u0629 \u0645\u0644\u0627\u0647\u064a \u0628\u0648\u0646\u0627\u0641\u064a\u0633\u062a\u0627 \u062a\u0641\u062a\u062d \u0623\u0628\u0648\u0627\u0628\u0647\u0627 \u062d\u062a\u0649 3 \u0645\u0627\u064a\u0648 \u0627\u0641\u062a\u062a\u062d\u062a \u0645\u062f\u064a\u0646\u0629 \u0645\u0644\u0627\u0647\u064a \u0628\u0648\u0646\u0627\u0641\u064a\u0633\u062a\u0627 \u0627\u0644\u062a\u0642\u0644\u064a\u062f\u064a\u0629 \u0623\u0628\u0648\u0627\u0628\u0647\u0627 \u064a\u0648\u0645 \u0627\u0644\u062c\u0645\u0639\u0629 \u0641\u064a \u0625\u0637\u0627\u0631 \u0627\u0644\u062f\u0648\u0631\u0629 \u0627\u0644\u062b\u0627\u0646\u064a\u0629 \u0648\u0627\u0644\u062b\u0644\u0627\u062b\u064a\u0646 \u0645\u0646 \u0645\u0639\u0631\u0636 \u0623\u0628\u0631\u064a\u0644 (Fira d&#8217;Abril) \u0628\u0627\u0644\u0645\u062f\u064a\u0646\u0629. \u0648\u064a\u0648\u0645\u064a\u0627\u064b \u062d\u062a\u0649 3 \u0645\u0627\u064a\u0648\u060c \u0633\u062a\u0633\u0639\u062f \u0646\u062d\u0648 \u062e\u0645\u0633\u064a\u0646 \u0644\u0639\u0628\u0629 \u062a\u0631\u0641\u064a\u0647\u064a\u0629 \u0627\u0644\u0635\u063a\u0627\u0631 \u0648\u0627\u0644\u0643\u0628\u0627\u0631. \u062a\u0645 \u062a\u0631\u0643\u064a\u0628 \u0627\u0644\u0645\u0633\u0627\u062d\u0629 \u0645\u0646 \u0642\u0628\u0644 \u0646\u0642\u0627\u0628\u0629 \u0645\u062f\u0646 \u0645\u0644\u0627\u0647\u064a \u0627\u0644\u0645\u0639\u0627\u0631\u0636 \u0641\u064a \u0643\u062a\u0627\u0644\u0648\u0646\u064a\u0627 (GREFIC) \u0648\u0633\u062a\u0643\u062a\u0645\u0644 \u0645\u0646\u0637\u0642\u0629 &#8220;\u0627\u0644\u0623\u0643\u0634\u0627\u0643&#8221; (casetas) \u0627\u0644\u0623\u0646\u062f\u0644\u0633\u064a\u0629 [&hellip;]\" \/>\n<meta property=\"og:url\" content=\"https:\/\/radiociutat.com\/ar\/%d8%aa%d8%a7%d8%b1%d8%a7%d8%ba%d9%88%d9%86%d8%a7-%d8%af%d9%8a%d9%84%d9%8a-%d8%b1%d8%a7%d8%af%d9%8a%d9%88-%d9%85%d8%af%d9%8a%d9%86%d8%a9-%d8%aa%d8%a7%d8%b1%d8%a7%d8%ba%d9%88%d9%86%d8%a7\/%d8%aa%d8%a7%d8%b1%d8%a7%d8%ba%d9%88%d9%86%d8%a7-%d8%af%d9%8a%d9%84%d9%8a-%d8%b9%d8%b7%d9%84%d8%a9-%d9%86%d9%87%d8%a7%d9%8a%d8%a9-%d8%a7%d9%84%d8%a3%d8%b3%d8%a8%d9%88%d8%b9\/%d8%aa%d8%a7%d8%b1%d8%a7%d8%ba%d9%88%d9%86%d8%a7-%d8%af%d9%8a%d9%84%d9%8a-%d8%aa%d8%aa%d9%81%d8%a7%d9%82%d9%85-%d8%af%d8%b1%d8%a7%d9%85%d8%a7-%d9%86%d8%a7%d8%af%d9%8a-%d9%86%d8%a7%d8%b3%d8%aa%d9%8a-2\/\" \/>\n<meta property=\"og:site_name\" content=\"R\u00e0dio Ciutat de Tarragona\" \/>\n<meta property=\"article:publisher\" content=\"https:\/\/www.facebook.com\/rctgn\" \/>\n<meta property=\"article:published_time\" content=\"2026-04-25T19:53:07+00:00\" \/>\n<meta property=\"article:modified_time\" content=\"2026-04-25T19:55:41+00:00\" \/>\n<meta property=\"og:image\" content=\"https:\/\/files.radiociutat.com\/rctgn\/wp-content\/uploads\/2026\/04\/26.04.24_Fira-atraccions-Fira-Abril-DAVID-OLIETE-04-1024x682.jpg\" \/>\n\t<meta property=\"og:image:width\" content=\"1024\" \/>\n\t<meta property=\"og:image:height\" content=\"682\" \/>\n\t<meta property=\"og:image:type\" content=\"image\/jpeg\" \/>\n<meta name=\"author\" content=\"Adri\u00e0 Jurado i Mateo\" \/>\n<meta name=\"twitter:card\" content=\"summary_large_image\" \/>\n<meta name=\"twitter:creator\" content=\"@RCTgn\" \/>\n<meta name=\"twitter:site\" content=\"@RCTgn\" \/>\n<meta name=\"twitter:label1\" content=\"\u0643\u064f\u062a\u0628 \u0628\u0648\u0627\u0633\u0637\u0629\" \/>\n\t<meta name=\"twitter:data1\" content=\"Adri\u00e0 Jurado i Mateo\" \/>\n<script type=\"application\/ld+json\" class=\"yoast-schema-graph\">{\"@context\":\"https:\\\/\\\/schema.org\",\"@graph\":[{\"@type\":\"Article\",\"@id\":\"https:\\\/\\\/radiociutat.com\\\/ar\\\/%d8%aa%d8%a7%d8%b1%d8%a7%d8%ba%d9%88%d9%86%d8%a7-%d8%af%d9%8a%d9%84%d9%8a-%d8%b1%d8%a7%d8%af%d9%8a%d9%88-%d9%85%d8%af%d9%8a%d9%86%d8%a9-%d8%aa%d8%a7%d8%b1%d8%a7%d8%ba%d9%88%d9%86%d8%a7\\\/%d8%aa%d8%a7%d8%b1%d8%a7%d8%ba%d9%88%d9%86%d8%a7-%d8%af%d9%8a%d9%84%d9%8a-%d8%b9%d8%b7%d9%84%d8%a9-%d9%86%d9%87%d8%a7%d9%8a%d8%a9-%d8%a7%d9%84%d8%a3%d8%b3%d8%a8%d9%88%d8%b9\\\/%d8%aa%d8%a7%d8%b1%d8%a7%d8%ba%d9%88%d9%86%d8%a7-%d8%af%d9%8a%d9%84%d9%8a-%d8%aa%d8%aa%d9%81%d8%a7%d9%82%d9%85-%d8%af%d8%b1%d8%a7%d9%85%d8%a7-%d9%86%d8%a7%d8%af%d9%8a-%d9%86%d8%a7%d8%b3%d8%aa%d9%8a-2\\\/#article\",\"isPartOf\":{\"@id\":\"https:\\\/\\\/radiociutat.com\\\/ar\\\/%d8%aa%d8%a7%d8%b1%d8%a7%d8%ba%d9%88%d9%86%d8%a7-%d8%af%d9%8a%d9%84%d9%8a-%d8%b1%d8%a7%d8%af%d9%8a%d9%88-%d9%85%d8%af%d9%8a%d9%86%d8%a9-%d8%aa%d8%a7%d8%b1%d8%a7%d8%ba%d9%88%d9%86%d8%a7\\\/%d8%aa%d8%a7%d8%b1%d8%a7%d8%ba%d9%88%d9%86%d8%a7-%d8%af%d9%8a%d9%84%d9%8a-%d8%b9%d8%b7%d9%84%d8%a9-%d9%86%d9%87%d8%a7%d9%8a%d8%a9-%d8%a7%d9%84%d8%a3%d8%b3%d8%a8%d9%88%d8%b9\\\/%d8%aa%d8%a7%d8%b1%d8%a7%d8%ba%d9%88%d9%86%d8%a7-%d8%af%d9%8a%d9%84%d9%8a-%d8%aa%d8%aa%d9%81%d8%a7%d9%82%d9%85-%d8%af%d8%b1%d8%a7%d9%85%d8%a7-%d9%86%d8%a7%d8%af%d9%8a-%d9%86%d8%a7%d8%b3%d8%aa%d9%8a-2\\\/\"},\"author\":{\"name\":\"Adri\u00e0 Jurado i Mateo\",\"@id\":\"https:\\\/\\\/radiociutat.com\\\/ar\\\/#\\\/schema\\\/person\\\/25e4d7920bb5cd13577531d9b2fe1d32\"},\"headline\":\"\u062a\u0627\u0631\u0627\u062c\u0648\u0646\u0627 \u062f\u064a\u0644\u064a | \u0639\u0637\u0644\u0629 \u0646\u0647\u0627\u064a\u0629 \u0627\u0644\u0623\u0633\u0628\u0648\u0639 \u0627\u0644\u062a\u064a \u062a\u0633\u0628\u0642 \u0645\u0639\u0631\u0636 \u0623\u0628\u0631\u064a\u0644\",\"datePublished\":\"2026-04-25T19:53:07+00:00\",\"dateModified\":\"2026-04-25T19:55:41+00:00\",\"mainEntityOfPage\":{\"@id\":\"https:\\\/\\\/radiociutat.com\\\/ar\\\/%d8%aa%d8%a7%d8%b1%d8%a7%d8%ba%d9%88%d9%86%d8%a7-%d8%af%d9%8a%d9%84%d9%8a-%d8%b1%d8%a7%d8%af%d9%8a%d9%88-%d9%85%d8%af%d9%8a%d9%86%d8%a9-%d8%aa%d8%a7%d8%b1%d8%a7%d8%ba%d9%88%d9%86%d8%a7\\\/%d8%aa%d8%a7%d8%b1%d8%a7%d8%ba%d9%88%d9%86%d8%a7-%d8%af%d9%8a%d9%84%d9%8a-%d8%b9%d8%b7%d9%84%d8%a9-%d9%86%d9%87%d8%a7%d9%8a%d8%a9-%d8%a7%d9%84%d8%a3%d8%b3%d8%a8%d9%88%d8%b9\\\/%d8%aa%d8%a7%d8%b1%d8%a7%d8%ba%d9%88%d9%86%d8%a7-%d8%af%d9%8a%d9%84%d9%8a-%d8%aa%d8%aa%d9%81%d8%a7%d9%82%d9%85-%d8%af%d8%b1%d8%a7%d9%85%d8%a7-%d9%86%d8%a7%d8%af%d9%8a-%d9%86%d8%a7%d8%b3%d8%aa%d9%8a-2\\\/\"},\"wordCount\":9,\"image\":{\"@id\":\"https:\\\/\\\/radiociutat.com\\\/ar\\\/%d8%aa%d8%a7%d8%b1%d8%a7%d8%ba%d9%88%d9%86%d8%a7-%d8%af%d9%8a%d9%84%d9%8a-%d8%b1%d8%a7%d8%af%d9%8a%d9%88-%d9%85%d8%af%d9%8a%d9%86%d8%a9-%d8%aa%d8%a7%d8%b1%d8%a7%d8%ba%d9%88%d9%86%d8%a7\\\/%d8%aa%d8%a7%d8%b1%d8%a7%d8%ba%d9%88%d9%86%d8%a7-%d8%af%d9%8a%d9%84%d9%8a-%d8%b9%d8%b7%d9%84%d8%a9-%d9%86%d9%87%d8%a7%d9%8a%d8%a9-%d8%a7%d9%84%d8%a3%d8%b3%d8%a8%d9%88%d8%b9\\\/%d8%aa%d8%a7%d8%b1%d8%a7%d8%ba%d9%88%d9%86%d8%a7-%d8%af%d9%8a%d9%84%d9%8a-%d8%aa%d8%aa%d9%81%d8%a7%d9%82%d9%85-%d8%af%d8%b1%d8%a7%d9%85%d8%a7-%d9%86%d8%a7%d8%af%d9%8a-%d9%86%d8%a7%d8%b3%d8%aa%d9%8a-2\\\/#primaryimage\"},\"thumbnailUrl\":\"https:\\\/\\\/files.radiociutat.com\\\/rctgn\\\/wp-content\\\/uploads\\\/2026\\\/04\\\/26.04.24_Fira-atraccions-Fira-Abril-DAVID-OLIETE-04.jpg\",\"keywords\":[\"Informatiu\",\"Societat\",\"TGN\",\"\u0623\u062e\u0628\u0627\u0631\",\"\u0627\u0644\u0623\u062d\u062f\u0627\u062b \u0627\u0644\u062c\u0627\u0631\u064a\u0629\",\"\u062a\u0627\u0631\u0627\u063a\u0648\u0646\u0627\",\"\u062f\u064a\u0644\u064a\"],\"articleSection\":[\"\u062a\u0627\u0631\u0627\u063a\u0648\u0646\u0627 \u062f\u064a\u0644\u064a \u0639\u0637\u0644\u0629 \u0646\u0647\u0627\u064a\u0629 \u0627\u0644\u0623\u0633\u0628\u0648\u0639\"],\"inLanguage\":\"ar\"},{\"@type\":\"WebPage\",\"@id\":\"https:\\\/\\\/radiociutat.com\\\/ar\\\/%d8%aa%d8%a7%d8%b1%d8%a7%d8%ba%d9%88%d9%86%d8%a7-%d8%af%d9%8a%d9%84%d9%8a-%d8%b1%d8%a7%d8%af%d9%8a%d9%88-%d9%85%d8%af%d9%8a%d9%86%d8%a9-%d8%aa%d8%a7%d8%b1%d8%a7%d8%ba%d9%88%d9%86%d8%a7\\\/%d8%aa%d8%a7%d8%b1%d8%a7%d8%ba%d9%88%d9%86%d8%a7-%d8%af%d9%8a%d9%84%d9%8a-%d8%b9%d8%b7%d9%84%d8%a9-%d9%86%d9%87%d8%a7%d9%8a%d8%a9-%d8%a7%d9%84%d8%a3%d8%b3%d8%a8%d9%88%d8%b9\\\/%d8%aa%d8%a7%d8%b1%d8%a7%d8%ba%d9%88%d9%86%d8%a7-%d8%af%d9%8a%d9%84%d9%8a-%d8%aa%d8%aa%d9%81%d8%a7%d9%82%d9%85-%d8%af%d8%b1%d8%a7%d9%85%d8%a7-%d9%86%d8%a7%d8%af%d9%8a-%d9%86%d8%a7%d8%b3%d8%aa%d9%8a-2\\\/\",\"url\":\"https:\\\/\\\/radiociutat.com\\\/ar\\\/%d8%aa%d8%a7%d8%b1%d8%a7%d8%ba%d9%88%d9%86%d8%a7-%d8%af%d9%8a%d9%84%d9%8a-%d8%b1%d8%a7%d8%af%d9%8a%d9%88-%d9%85%d8%af%d9%8a%d9%86%d8%a9-%d8%aa%d8%a7%d8%b1%d8%a7%d8%ba%d9%88%d9%86%d8%a7\\\/%d8%aa%d8%a7%d8%b1%d8%a7%d8%ba%d9%88%d9%86%d8%a7-%d8%af%d9%8a%d9%84%d9%8a-%d8%b9%d8%b7%d9%84%d8%a9-%d9%86%d9%87%d8%a7%d9%8a%d8%a9-%d8%a7%d9%84%d8%a3%d8%b3%d8%a8%d9%88%d8%b9\\\/%d8%aa%d8%a7%d8%b1%d8%a7%d8%ba%d9%88%d9%86%d8%a7-%d8%af%d9%8a%d9%84%d9%8a-%d8%aa%d8%aa%d9%81%d8%a7%d9%82%d9%85-%d8%af%d8%b1%d8%a7%d9%85%d8%a7-%d9%86%d8%a7%d8%af%d9%8a-%d9%86%d8%a7%d8%b3%d8%aa%d9%8a-2\\\/\",\"name\":\"\u062a\u0627\u0631\u0627\u062c\u0648\u0646\u0627 \u062f\u064a\u0644\u064a | \u0639\u0637\u0644\u0629 \u0646\u0647\u0627\u064a\u0629 \u0627\u0644\u0623\u0633\u0628\u0648\u0639 \u0627\u0644\u062a\u064a \u062a\u0633\u0628\u0642 \u0645\u0639\u0631\u0636 \u0623\u0628\u0631\u064a\u0644 - R\u00e0dio Ciutat de Tarragona\",\"isPartOf\":{\"@id\":\"https:\\\/\\\/radiociutat.com\\\/ar\\\/#website\"},\"primaryImageOfPage\":{\"@id\":\"https:\\\/\\\/radiociutat.com\\\/ar\\\/%d8%aa%d8%a7%d8%b1%d8%a7%d8%ba%d9%88%d9%86%d8%a7-%d8%af%d9%8a%d9%84%d9%8a-%d8%b1%d8%a7%d8%af%d9%8a%d9%88-%d9%85%d8%af%d9%8a%d9%86%d8%a9-%d8%aa%d8%a7%d8%b1%d8%a7%d8%ba%d9%88%d9%86%d8%a7\\\/%d8%aa%d8%a7%d8%b1%d8%a7%d8%ba%d9%88%d9%86%d8%a7-%d8%af%d9%8a%d9%84%d9%8a-%d8%b9%d8%b7%d9%84%d8%a9-%d9%86%d9%87%d8%a7%d9%8a%d8%a9-%d8%a7%d9%84%d8%a3%d8%b3%d8%a8%d9%88%d8%b9\\\/%d8%aa%d8%a7%d8%b1%d8%a7%d8%ba%d9%88%d9%86%d8%a7-%d8%af%d9%8a%d9%84%d9%8a-%d8%aa%d8%aa%d9%81%d8%a7%d9%82%d9%85-%d8%af%d8%b1%d8%a7%d9%85%d8%a7-%d9%86%d8%a7%d8%af%d9%8a-%d9%86%d8%a7%d8%b3%d8%aa%d9%8a-2\\\/#primaryimage\"},\"image\":{\"@id\":\"https:\\\/\\\/radiociutat.com\\\/ar\\\/%d8%aa%d8%a7%d8%b1%d8%a7%d8%ba%d9%88%d9%86%d8%a7-%d8%af%d9%8a%d9%84%d9%8a-%d8%b1%d8%a7%d8%af%d9%8a%d9%88-%d9%85%d8%af%d9%8a%d9%86%d8%a9-%d8%aa%d8%a7%d8%b1%d8%a7%d8%ba%d9%88%d9%86%d8%a7\\\/%d8%aa%d8%a7%d8%b1%d8%a7%d8%ba%d9%88%d9%86%d8%a7-%d8%af%d9%8a%d9%84%d9%8a-%d8%b9%d8%b7%d9%84%d8%a9-%d9%86%d9%87%d8%a7%d9%8a%d8%a9-%d8%a7%d9%84%d8%a3%d8%b3%d8%a8%d9%88%d8%b9\\\/%d8%aa%d8%a7%d8%b1%d8%a7%d8%ba%d9%88%d9%86%d8%a7-%d8%af%d9%8a%d9%84%d9%8a-%d8%aa%d8%aa%d9%81%d8%a7%d9%82%d9%85-%d8%af%d8%b1%d8%a7%d9%85%d8%a7-%d9%86%d8%a7%d8%af%d9%8a-%d9%86%d8%a7%d8%b3%d8%aa%d9%8a-2\\\/#primaryimage\"},\"thumbnailUrl\":\"https:\\\/\\\/files.radiociutat.com\\\/rctgn\\\/wp-content\\\/uploads\\\/2026\\\/04\\\/26.04.24_Fira-atraccions-Fira-Abril-DAVID-OLIETE-04.jpg\",\"datePublished\":\"2026-04-25T19:53:07+00:00\",\"dateModified\":\"2026-04-25T19:55:41+00:00\",\"author\":{\"@id\":\"https:\\\/\\\/radiociutat.com\\\/ar\\\/#\\\/schema\\\/person\\\/25e4d7920bb5cd13577531d9b2fe1d32\"},\"breadcrumb\":{\"@id\":\"https:\\\/\\\/radiociutat.com\\\/ar\\\/%d8%aa%d8%a7%d8%b1%d8%a7%d8%ba%d9%88%d9%86%d8%a7-%d8%af%d9%8a%d9%84%d9%8a-%d8%b1%d8%a7%d8%af%d9%8a%d9%88-%d9%85%d8%af%d9%8a%d9%86%d8%a9-%d8%aa%d8%a7%d8%b1%d8%a7%d8%ba%d9%88%d9%86%d8%a7\\\/%d8%aa%d8%a7%d8%b1%d8%a7%d8%ba%d9%88%d9%86%d8%a7-%d8%af%d9%8a%d9%84%d9%8a-%d8%b9%d8%b7%d9%84%d8%a9-%d9%86%d9%87%d8%a7%d9%8a%d8%a9-%d8%a7%d9%84%d8%a3%d8%b3%d8%a8%d9%88%d8%b9\\\/%d8%aa%d8%a7%d8%b1%d8%a7%d8%ba%d9%88%d9%86%d8%a7-%d8%af%d9%8a%d9%84%d9%8a-%d8%aa%d8%aa%d9%81%d8%a7%d9%82%d9%85-%d8%af%d8%b1%d8%a7%d9%85%d8%a7-%d9%86%d8%a7%d8%af%d9%8a-%d9%86%d8%a7%d8%b3%d8%aa%d9%8a-2\\\/#breadcrumb\"},\"inLanguage\":\"ar\",\"potentialAction\":[{\"@type\":\"ReadAction\",\"target\":[\"https:\\\/\\\/radiociutat.com\\\/ar\\\/%d8%aa%d8%a7%d8%b1%d8%a7%d8%ba%d9%88%d9%86%d8%a7-%d8%af%d9%8a%d9%84%d9%8a-%d8%b1%d8%a7%d8%af%d9%8a%d9%88-%d9%85%d8%af%d9%8a%d9%86%d8%a9-%d8%aa%d8%a7%d8%b1%d8%a7%d8%ba%d9%88%d9%86%d8%a7\\\/%d8%aa%d8%a7%d8%b1%d8%a7%d8%ba%d9%88%d9%86%d8%a7-%d8%af%d9%8a%d9%84%d9%8a-%d8%b9%d8%b7%d9%84%d8%a9-%d9%86%d9%87%d8%a7%d9%8a%d8%a9-%d8%a7%d9%84%d8%a3%d8%b3%d8%a8%d9%88%d8%b9\\\/%d8%aa%d8%a7%d8%b1%d8%a7%d8%ba%d9%88%d9%86%d8%a7-%d8%af%d9%8a%d9%84%d9%8a-%d8%aa%d8%aa%d9%81%d8%a7%d9%82%d9%85-%d8%af%d8%b1%d8%a7%d9%85%d8%a7-%d9%86%d8%a7%d8%af%d9%8a-%d9%86%d8%a7%d8%b3%d8%aa%d9%8a-2\\\/\"]}]},{\"@type\":\"ImageObject\",\"inLanguage\":\"ar\",\"@id\":\"https:\\\/\\\/radiociutat.com\\\/ar\\\/%d8%aa%d8%a7%d8%b1%d8%a7%d8%ba%d9%88%d9%86%d8%a7-%d8%af%d9%8a%d9%84%d9%8a-%d8%b1%d8%a7%d8%af%d9%8a%d9%88-%d9%85%d8%af%d9%8a%d9%86%d8%a9-%d8%aa%d8%a7%d8%b1%d8%a7%d8%ba%d9%88%d9%86%d8%a7\\\/%d8%aa%d8%a7%d8%b1%d8%a7%d8%ba%d9%88%d9%86%d8%a7-%d8%af%d9%8a%d9%84%d9%8a-%d8%b9%d8%b7%d9%84%d8%a9-%d9%86%d9%87%d8%a7%d9%8a%d8%a9-%d8%a7%d9%84%d8%a3%d8%b3%d8%a8%d9%88%d8%b9\\\/%d8%aa%d8%a7%d8%b1%d8%a7%d8%ba%d9%88%d9%86%d8%a7-%d8%af%d9%8a%d9%84%d9%8a-%d8%aa%d8%aa%d9%81%d8%a7%d9%82%d9%85-%d8%af%d8%b1%d8%a7%d9%85%d8%a7-%d9%86%d8%a7%d8%af%d9%8a-%d9%86%d8%a7%d8%b3%d8%aa%d9%8a-2\\\/#primaryimage\",\"url\":\"https:\\\/\\\/files.radiociutat.com\\\/rctgn\\\/wp-content\\\/uploads\\\/2026\\\/04\\\/26.04.24_Fira-atraccions-Fira-Abril-DAVID-OLIETE-04.jpg\",\"contentUrl\":\"https:\\\/\\\/files.radiociutat.com\\\/rctgn\\\/wp-content\\\/uploads\\\/2026\\\/04\\\/26.04.24_Fira-atraccions-Fira-Abril-DAVID-OLIETE-04.jpg\",\"width\":2000,\"height\":1332,\"caption\":\"Fira Atraccions Abril Tarragona\"},{\"@type\":\"BreadcrumbList\",\"@id\":\"https:\\\/\\\/radiociutat.com\\\/ar\\\/%d8%aa%d8%a7%d8%b1%d8%a7%d8%ba%d9%88%d9%86%d8%a7-%d8%af%d9%8a%d9%84%d9%8a-%d8%b1%d8%a7%d8%af%d9%8a%d9%88-%d9%85%d8%af%d9%8a%d9%86%d8%a9-%d8%aa%d8%a7%d8%b1%d8%a7%d8%ba%d9%88%d9%86%d8%a7\\\/%d8%aa%d8%a7%d8%b1%d8%a7%d8%ba%d9%88%d9%86%d8%a7-%d8%af%d9%8a%d9%84%d9%8a-%d8%b9%d8%b7%d9%84%d8%a9-%d9%86%d9%87%d8%a7%d9%8a%d8%a9-%d8%a7%d9%84%d8%a3%d8%b3%d8%a8%d9%88%d8%b9\\\/%d8%aa%d8%a7%d8%b1%d8%a7%d8%ba%d9%88%d9%86%d8%a7-%d8%af%d9%8a%d9%84%d9%8a-%d8%aa%d8%aa%d9%81%d8%a7%d9%82%d9%85-%d8%af%d8%b1%d8%a7%d9%85%d8%a7-%d9%86%d8%a7%d8%af%d9%8a-%d9%86%d8%a7%d8%b3%d8%aa%d9%8a-2\\\/#breadcrumb\",\"itemListElement\":[{\"@type\":\"ListItem\",\"position\":1,\"name\":\"Inici\",\"item\":\"https:\\\/\\\/radiociutat.com\\\/ar\\\/\"},{\"@type\":\"ListItem\",\"position\":2,\"name\":\"\u062a\u0627\u0631\u0627\u062c\u0648\u0646\u0627 \u062f\u064a\u0644\u064a | \u0639\u0637\u0644\u0629 \u0646\u0647\u0627\u064a\u0629 \u0627\u0644\u0623\u0633\u0628\u0648\u0639 \u0627\u0644\u062a\u064a \u062a\u0633\u0628\u0642 \u0645\u0639\u0631\u0636 \u0623\u0628\u0631\u064a\u0644\"}]},{\"@type\":\"WebSite\",\"@id\":\"https:\\\/\\\/radiociutat.com\\\/ar\\\/#website\",\"url\":\"https:\\\/\\\/radiociutat.com\\\/ar\\\/\",\"name\":\"R\u00e0dio Ciutat de Tarragona\",\"description\":\"R\u00e0dio Ciutat de Tarragona - RCTgn.cat R\u00e0dio Online\",\"potentialAction\":[{\"@type\":\"SearchAction\",\"target\":{\"@type\":\"EntryPoint\",\"urlTemplate\":\"https:\\\/\\\/radiociutat.com\\\/ar\\\/?s={search_term_string}\"},\"query-input\":{\"@type\":\"PropertyValueSpecification\",\"valueRequired\":true,\"valueName\":\"search_term_string\"}}],\"inLanguage\":\"ar\"},{\"@type\":\"Person\",\"@id\":\"https:\\\/\\\/radiociutat.com\\\/ar\\\/#\\\/schema\\\/person\\\/25e4d7920bb5cd13577531d9b2fe1d32\",\"name\":\"Adri\u00e0 Jurado i Mateo\",\"url\":\"https:\\\/\\\/radiociutat.com\\\/ar\\\/author\\\/ajurado\\\/\"}]}<\/script>\n<!-- \/ Yoast SEO Premium plugin. -->","yoast_head_json":{"title":"\u062a\u0627\u0631\u0627\u062c\u0648\u0646\u0627 \u062f\u064a\u0644\u064a | \u0639\u0637\u0644\u0629 \u0646\u0647\u0627\u064a\u0629 \u0627\u0644\u0623\u0633\u0628\u0648\u0639 \u0627\u0644\u062a\u064a \u062a\u0633\u0628\u0642 \u0645\u0639\u0631\u0636 \u0623\u0628\u0631\u064a\u0644 - R\u00e0dio Ciutat de Tarragona","robots":{"index":"index","follow":"follow","max-snippet":"max-snippet:-1","max-image-preview":"max-image-preview:large","max-video-preview":"max-video-preview:-1"},"canonical":"https:\/\/radiociutat.com\/ar\/%d8%aa%d8%a7%d8%b1%d8%a7%d8%ba%d9%88%d9%86%d8%a7-%d8%af%d9%8a%d9%84%d9%8a-%d8%b1%d8%a7%d8%af%d9%8a%d9%88-%d9%85%d8%af%d9%8a%d9%86%d8%a9-%d8%aa%d8%a7%d8%b1%d8%a7%d8%ba%d9%88%d9%86%d8%a7\/%d8%aa%d8%a7%d8%b1%d8%a7%d8%ba%d9%88%d9%86%d8%a7-%d8%af%d9%8a%d9%84%d9%8a-%d8%b9%d8%b7%d9%84%d8%a9-%d9%86%d9%87%d8%a7%d9%8a%d8%a9-%d8%a7%d9%84%d8%a3%d8%b3%d8%a8%d9%88%d8%b9\/%d8%aa%d8%a7%d8%b1%d8%a7%d8%ba%d9%88%d9%86%d8%a7-%d8%af%d9%8a%d9%84%d9%8a-%d8%aa%d8%aa%d9%81%d8%a7%d9%82%d9%85-%d8%af%d8%b1%d8%a7%d9%85%d8%a7-%d9%86%d8%a7%d8%af%d9%8a-%d9%86%d8%a7%d8%b3%d8%aa%d9%8a-2\/","og_locale":"ar_AR","og_type":"article","og_title":"\u062a\u0627\u0631\u0627\u062c\u0648\u0646\u0627 \u062f\u064a\u0644\u064a | \u0639\u0637\u0644\u0629 \u0646\u0647\u0627\u064a\u0629 \u0627\u0644\u0623\u0633\u0628\u0648\u0639 \u0627\u0644\u062a\u064a \u062a\u0633\u0628\u0642 \u0645\u0639\u0631\u0636 \u0623\u0628\u0631\u064a\u0644","og_description":"\u0645\u062f\u064a\u0646\u0629 \u0645\u0644\u0627\u0647\u064a \u0628\u0648\u0646\u0627\u0641\u064a\u0633\u062a\u0627 \u062a\u0641\u062a\u062d \u0623\u0628\u0648\u0627\u0628\u0647\u0627 \u062d\u062a\u0649 3 \u0645\u0627\u064a\u0648 \u0627\u0641\u062a\u062a\u062d\u062a \u0645\u062f\u064a\u0646\u0629 \u0645\u0644\u0627\u0647\u064a \u0628\u0648\u0646\u0627\u0641\u064a\u0633\u062a\u0627 \u0627\u0644\u062a\u0642\u0644\u064a\u062f\u064a\u0629 \u0623\u0628\u0648\u0627\u0628\u0647\u0627 \u064a\u0648\u0645 \u0627\u0644\u062c\u0645\u0639\u0629 \u0641\u064a \u0625\u0637\u0627\u0631 \u0627\u0644\u062f\u0648\u0631\u0629 \u0627\u0644\u062b\u0627\u0646\u064a\u0629 \u0648\u0627\u0644\u062b\u0644\u0627\u062b\u064a\u0646 \u0645\u0646 \u0645\u0639\u0631\u0636 \u0623\u0628\u0631\u064a\u0644 (Fira d&#8217;Abril) \u0628\u0627\u0644\u0645\u062f\u064a\u0646\u0629. \u0648\u064a\u0648\u0645\u064a\u0627\u064b \u062d\u062a\u0649 3 \u0645\u0627\u064a\u0648\u060c \u0633\u062a\u0633\u0639\u062f \u0646\u062d\u0648 \u062e\u0645\u0633\u064a\u0646 \u0644\u0639\u0628\u0629 \u062a\u0631\u0641\u064a\u0647\u064a\u0629 \u0627\u0644\u0635\u063a\u0627\u0631 \u0648\u0627\u0644\u0643\u0628\u0627\u0631. \u062a\u0645 \u062a\u0631\u0643\u064a\u0628 \u0627\u0644\u0645\u0633\u0627\u062d\u0629 \u0645\u0646 \u0642\u0628\u0644 \u0646\u0642\u0627\u0628\u0629 \u0645\u062f\u0646 \u0645\u0644\u0627\u0647\u064a \u0627\u0644\u0645\u0639\u0627\u0631\u0636 \u0641\u064a \u0643\u062a\u0627\u0644\u0648\u0646\u064a\u0627 (GREFIC) \u0648\u0633\u062a\u0643\u062a\u0645\u0644 \u0645\u0646\u0637\u0642\u0629 &#8220;\u0627\u0644\u0623\u0643\u0634\u0627\u0643&#8221; (casetas) \u0627\u0644\u0623\u0646\u062f\u0644\u0633\u064a\u0629 [&hellip;]","og_url":"https:\/\/radiociutat.com\/ar\/%d8%aa%d8%a7%d8%b1%d8%a7%d8%ba%d9%88%d9%86%d8%a7-%d8%af%d9%8a%d9%84%d9%8a-%d8%b1%d8%a7%d8%af%d9%8a%d9%88-%d9%85%d8%af%d9%8a%d9%86%d8%a9-%d8%aa%d8%a7%d8%b1%d8%a7%d8%ba%d9%88%d9%86%d8%a7\/%d8%aa%d8%a7%d8%b1%d8%a7%d8%ba%d9%88%d9%86%d8%a7-%d8%af%d9%8a%d9%84%d9%8a-%d8%b9%d8%b7%d9%84%d8%a9-%d9%86%d9%87%d8%a7%d9%8a%d8%a9-%d8%a7%d9%84%d8%a3%d8%b3%d8%a8%d9%88%d8%b9\/%d8%aa%d8%a7%d8%b1%d8%a7%d8%ba%d9%88%d9%86%d8%a7-%d8%af%d9%8a%d9%84%d9%8a-%d8%aa%d8%aa%d9%81%d8%a7%d9%82%d9%85-%d8%af%d8%b1%d8%a7%d9%85%d8%a7-%d9%86%d8%a7%d8%af%d9%8a-%d9%86%d8%a7%d8%b3%d8%aa%d9%8a-2\/","og_site_name":"R\u00e0dio Ciutat de Tarragona","article_publisher":"https:\/\/www.facebook.com\/rctgn","article_published_time":"2026-04-25T19:53:07+00:00","article_modified_time":"2026-04-25T19:55:41+00:00","og_image":[{"width":1024,"height":682,"url":"https:\/\/files.radiociutat.com\/rctgn\/wp-content\/uploads\/2026\/04\/26.04.24_Fira-atraccions-Fira-Abril-DAVID-OLIETE-04-1024x682.jpg","type":"image\/jpeg"}],"author":"Adri\u00e0 Jurado i Mateo","twitter_card":"summary_large_image","twitter_creator":"@RCTgn","twitter_site":"@RCTgn","twitter_misc":{"\u0643\u064f\u062a\u0628 \u0628\u0648\u0627\u0633\u0637\u0629":"Adri\u00e0 Jurado i Mateo"},"schema":{"@context":"https:\/\/schema.org","@graph":[{"@type":"Article","@id":"https:\/\/radiociutat.com\/ar\/%d8%aa%d8%a7%d8%b1%d8%a7%d8%ba%d9%88%d9%86%d8%a7-%d8%af%d9%8a%d9%84%d9%8a-%d8%b1%d8%a7%d8%af%d9%8a%d9%88-%d9%85%d8%af%d9%8a%d9%86%d8%a9-%d8%aa%d8%a7%d8%b1%d8%a7%d8%ba%d9%88%d9%86%d8%a7\/%d8%aa%d8%a7%d8%b1%d8%a7%d8%ba%d9%88%d9%86%d8%a7-%d8%af%d9%8a%d9%84%d9%8a-%d8%b9%d8%b7%d9%84%d8%a9-%d9%86%d9%87%d8%a7%d9%8a%d8%a9-%d8%a7%d9%84%d8%a3%d8%b3%d8%a8%d9%88%d8%b9\/%d8%aa%d8%a7%d8%b1%d8%a7%d8%ba%d9%88%d9%86%d8%a7-%d8%af%d9%8a%d9%84%d9%8a-%d8%aa%d8%aa%d9%81%d8%a7%d9%82%d9%85-%d8%af%d8%b1%d8%a7%d9%85%d8%a7-%d9%86%d8%a7%d8%af%d9%8a-%d9%86%d8%a7%d8%b3%d8%aa%d9%8a-2\/#article","isPartOf":{"@id":"https:\/\/radiociutat.com\/ar\/%d8%aa%d8%a7%d8%b1%d8%a7%d8%ba%d9%88%d9%86%d8%a7-%d8%af%d9%8a%d9%84%d9%8a-%d8%b1%d8%a7%d8%af%d9%8a%d9%88-%d9%85%d8%af%d9%8a%d9%86%d8%a9-%d8%aa%d8%a7%d8%b1%d8%a7%d8%ba%d9%88%d9%86%d8%a7\/%d8%aa%d8%a7%d8%b1%d8%a7%d8%ba%d9%88%d9%86%d8%a7-%d8%af%d9%8a%d9%84%d9%8a-%d8%b9%d8%b7%d9%84%d8%a9-%d9%86%d9%87%d8%a7%d9%8a%d8%a9-%d8%a7%d9%84%d8%a3%d8%b3%d8%a8%d9%88%d8%b9\/%d8%aa%d8%a7%d8%b1%d8%a7%d8%ba%d9%88%d9%86%d8%a7-%d8%af%d9%8a%d9%84%d9%8a-%d8%aa%d8%aa%d9%81%d8%a7%d9%82%d9%85-%d8%af%d8%b1%d8%a7%d9%85%d8%a7-%d9%86%d8%a7%d8%af%d9%8a-%d9%86%d8%a7%d8%b3%d8%aa%d9%8a-2\/"},"author":{"name":"Adri\u00e0 Jurado i Mateo","@id":"https:\/\/radiociutat.com\/ar\/#\/schema\/person\/25e4d7920bb5cd13577531d9b2fe1d32"},"headline":"\u062a\u0627\u0631\u0627\u062c\u0648\u0646\u0627 \u062f\u064a\u0644\u064a | \u0639\u0637\u0644\u0629 \u0646\u0647\u0627\u064a\u0629 \u0627\u0644\u0623\u0633\u0628\u0648\u0639 \u0627\u0644\u062a\u064a \u062a\u0633\u0628\u0642 \u0645\u0639\u0631\u0636 \u0623\u0628\u0631\u064a\u0644","datePublished":"2026-04-25T19:53:07+00:00","dateModified":"2026-04-25T19:55:41+00:00","mainEntityOfPage":{"@id":"https:\/\/radiociutat.com\/ar\/%d8%aa%d8%a7%d8%b1%d8%a7%d8%ba%d9%88%d9%86%d8%a7-%d8%af%d9%8a%d9%84%d9%8a-%d8%b1%d8%a7%d8%af%d9%8a%d9%88-%d9%85%d8%af%d9%8a%d9%86%d8%a9-%d8%aa%d8%a7%d8%b1%d8%a7%d8%ba%d9%88%d9%86%d8%a7\/%d8%aa%d8%a7%d8%b1%d8%a7%d8%ba%d9%88%d9%86%d8%a7-%d8%af%d9%8a%d9%84%d9%8a-%d8%b9%d8%b7%d9%84%d8%a9-%d9%86%d9%87%d8%a7%d9%8a%d8%a9-%d8%a7%d9%84%d8%a3%d8%b3%d8%a8%d9%88%d8%b9\/%d8%aa%d8%a7%d8%b1%d8%a7%d8%ba%d9%88%d9%86%d8%a7-%d8%af%d9%8a%d9%84%d9%8a-%d8%aa%d8%aa%d9%81%d8%a7%d9%82%d9%85-%d8%af%d8%b1%d8%a7%d9%85%d8%a7-%d9%86%d8%a7%d8%af%d9%8a-%d9%86%d8%a7%d8%b3%d8%aa%d9%8a-2\/"},"wordCount":9,"image":{"@id":"https:\/\/radiociutat.com\/ar\/%d8%aa%d8%a7%d8%b1%d8%a7%d8%ba%d9%88%d9%86%d8%a7-%d8%af%d9%8a%d9%84%d9%8a-%d8%b1%d8%a7%d8%af%d9%8a%d9%88-%d9%85%d8%af%d9%8a%d9%86%d8%a9-%d8%aa%d8%a7%d8%b1%d8%a7%d8%ba%d9%88%d9%86%d8%a7\/%d8%aa%d8%a7%d8%b1%d8%a7%d8%ba%d9%88%d9%86%d8%a7-%d8%af%d9%8a%d9%84%d9%8a-%d8%b9%d8%b7%d9%84%d8%a9-%d9%86%d9%87%d8%a7%d9%8a%d8%a9-%d8%a7%d9%84%d8%a3%d8%b3%d8%a8%d9%88%d8%b9\/%d8%aa%d8%a7%d8%b1%d8%a7%d8%ba%d9%88%d9%86%d8%a7-%d8%af%d9%8a%d9%84%d9%8a-%d8%aa%d8%aa%d9%81%d8%a7%d9%82%d9%85-%d8%af%d8%b1%d8%a7%d9%85%d8%a7-%d9%86%d8%a7%d8%af%d9%8a-%d9%86%d8%a7%d8%b3%d8%aa%d9%8a-2\/#primaryimage"},"thumbnailUrl":"https:\/\/files.radiociutat.com\/rctgn\/wp-content\/uploads\/2026\/04\/26.04.24_Fira-atraccions-Fira-Abril-DAVID-OLIETE-04.jpg","keywords":["Informatiu","Societat","TGN","\u0623\u062e\u0628\u0627\u0631","\u0627\u0644\u0623\u062d\u062f\u0627\u062b \u0627\u0644\u062c\u0627\u0631\u064a\u0629","\u062a\u0627\u0631\u0627\u063a\u0648\u0646\u0627","\u062f\u064a\u0644\u064a"],"articleSection":["\u062a\u0627\u0631\u0627\u063a\u0648\u0646\u0627 \u062f\u064a\u0644\u064a \u0639\u0637\u0644\u0629 \u0646\u0647\u0627\u064a\u0629 \u0627\u0644\u0623\u0633\u0628\u0648\u0639"],"inLanguage":"ar"},{"@type":"WebPage","@id":"https:\/\/radiociutat.com\/ar\/%d8%aa%d8%a7%d8%b1%d8%a7%d8%ba%d9%88%d9%86%d8%a7-%d8%af%d9%8a%d9%84%d9%8a-%d8%b1%d8%a7%d8%af%d9%8a%d9%88-%d9%85%d8%af%d9%8a%d9%86%d8%a9-%d8%aa%d8%a7%d8%b1%d8%a7%d8%ba%d9%88%d9%86%d8%a7\/%d8%aa%d8%a7%d8%b1%d8%a7%d8%ba%d9%88%d9%86%d8%a7-%d8%af%d9%8a%d9%84%d9%8a-%d8%b9%d8%b7%d9%84%d8%a9-%d9%86%d9%87%d8%a7%d9%8a%d8%a9-%d8%a7%d9%84%d8%a3%d8%b3%d8%a8%d9%88%d8%b9\/%d8%aa%d8%a7%d8%b1%d8%a7%d8%ba%d9%88%d9%86%d8%a7-%d8%af%d9%8a%d9%84%d9%8a-%d8%aa%d8%aa%d9%81%d8%a7%d9%82%d9%85-%d8%af%d8%b1%d8%a7%d9%85%d8%a7-%d9%86%d8%a7%d8%af%d9%8a-%d9%86%d8%a7%d8%b3%d8%aa%d9%8a-2\/","url":"https:\/\/radiociutat.com\/ar\/%d8%aa%d8%a7%d8%b1%d8%a7%d8%ba%d9%88%d9%86%d8%a7-%d8%af%d9%8a%d9%84%d9%8a-%d8%b1%d8%a7%d8%af%d9%8a%d9%88-%d9%85%d8%af%d9%8a%d9%86%d8%a9-%d8%aa%d8%a7%d8%b1%d8%a7%d8%ba%d9%88%d9%86%d8%a7\/%d8%aa%d8%a7%d8%b1%d8%a7%d8%ba%d9%88%d9%86%d8%a7-%d8%af%d9%8a%d9%84%d9%8a-%d8%b9%d8%b7%d9%84%d8%a9-%d9%86%d9%87%d8%a7%d9%8a%d8%a9-%d8%a7%d9%84%d8%a3%d8%b3%d8%a8%d9%88%d8%b9\/%d8%aa%d8%a7%d8%b1%d8%a7%d8%ba%d9%88%d9%86%d8%a7-%d8%af%d9%8a%d9%84%d9%8a-%d8%aa%d8%aa%d9%81%d8%a7%d9%82%d9%85-%d8%af%d8%b1%d8%a7%d9%85%d8%a7-%d9%86%d8%a7%d8%af%d9%8a-%d9%86%d8%a7%d8%b3%d8%aa%d9%8a-2\/","name":"\u062a\u0627\u0631\u0627\u062c\u0648\u0646\u0627 \u062f\u064a\u0644\u064a | \u0639\u0637\u0644\u0629 \u0646\u0647\u0627\u064a\u0629 \u0627\u0644\u0623\u0633\u0628\u0648\u0639 \u0627\u0644\u062a\u064a \u062a\u0633\u0628\u0642 \u0645\u0639\u0631\u0636 \u0623\u0628\u0631\u064a\u0644 - R\u00e0dio Ciutat de Tarragona","isPartOf":{"@id":"https:\/\/radiociutat.com\/ar\/#website"},"primaryImageOfPage":{"@id":"https:\/\/radiociutat.com\/ar\/%d8%aa%d8%a7%d8%b1%d8%a7%d8%ba%d9%88%d9%86%d8%a7-%d8%af%d9%8a%d9%84%d9%8a-%d8%b1%d8%a7%d8%af%d9%8a%d9%88-%d9%85%d8%af%d9%8a%d9%86%d8%a9-%d8%aa%d8%a7%d8%b1%d8%a7%d8%ba%d9%88%d9%86%d8%a7\/%d8%aa%d8%a7%d8%b1%d8%a7%d8%ba%d9%88%d9%86%d8%a7-%d8%af%d9%8a%d9%84%d9%8a-%d8%b9%d8%b7%d9%84%d8%a9-%d9%86%d9%87%d8%a7%d9%8a%d8%a9-%d8%a7%d9%84%d8%a3%d8%b3%d8%a8%d9%88%d8%b9\/%d8%aa%d8%a7%d8%b1%d8%a7%d8%ba%d9%88%d9%86%d8%a7-%d8%af%d9%8a%d9%84%d9%8a-%d8%aa%d8%aa%d9%81%d8%a7%d9%82%d9%85-%d8%af%d8%b1%d8%a7%d9%85%d8%a7-%d9%86%d8%a7%d8%af%d9%8a-%d9%86%d8%a7%d8%b3%d8%aa%d9%8a-2\/#primaryimage"},"image":{"@id":"https:\/\/radiociutat.com\/ar\/%d8%aa%d8%a7%d8%b1%d8%a7%d8%ba%d9%88%d9%86%d8%a7-%d8%af%d9%8a%d9%84%d9%8a-%d8%b1%d8%a7%d8%af%d9%8a%d9%88-%d9%85%d8%af%d9%8a%d9%86%d8%a9-%d8%aa%d8%a7%d8%b1%d8%a7%d8%ba%d9%88%d9%86%d8%a7\/%d8%aa%d8%a7%d8%b1%d8%a7%d8%ba%d9%88%d9%86%d8%a7-%d8%af%d9%8a%d9%84%d9%8a-%d8%b9%d8%b7%d9%84%d8%a9-%d9%86%d9%87%d8%a7%d9%8a%d8%a9-%d8%a7%d9%84%d8%a3%d8%b3%d8%a8%d9%88%d8%b9\/%d8%aa%d8%a7%d8%b1%d8%a7%d8%ba%d9%88%d9%86%d8%a7-%d8%af%d9%8a%d9%84%d9%8a-%d8%aa%d8%aa%d9%81%d8%a7%d9%82%d9%85-%d8%af%d8%b1%d8%a7%d9%85%d8%a7-%d9%86%d8%a7%d8%af%d9%8a-%d9%86%d8%a7%d8%b3%d8%aa%d9%8a-2\/#primaryimage"},"thumbnailUrl":"https:\/\/files.radiociutat.com\/rctgn\/wp-content\/uploads\/2026\/04\/26.04.24_Fira-atraccions-Fira-Abril-DAVID-OLIETE-04.jpg","datePublished":"2026-04-25T19:53:07+00:00","dateModified":"2026-04-25T19:55:41+00:00","author":{"@id":"https:\/\/radiociutat.com\/ar\/#\/schema\/person\/25e4d7920bb5cd13577531d9b2fe1d32"},"breadcrumb":{"@id":"https:\/\/radiociutat.com\/ar\/%d8%aa%d8%a7%d8%b1%d8%a7%d8%ba%d9%88%d9%86%d8%a7-%d8%af%d9%8a%d9%84%d9%8a-%d8%b1%d8%a7%d8%af%d9%8a%d9%88-%d9%85%d8%af%d9%8a%d9%86%d8%a9-%d8%aa%d8%a7%d8%b1%d8%a7%d8%ba%d9%88%d9%86%d8%a7\/%d8%aa%d8%a7%d8%b1%d8%a7%d8%ba%d9%88%d9%86%d8%a7-%d8%af%d9%8a%d9%84%d9%8a-%d8%b9%d8%b7%d9%84%d8%a9-%d9%86%d9%87%d8%a7%d9%8a%d8%a9-%d8%a7%d9%84%d8%a3%d8%b3%d8%a8%d9%88%d8%b9\/%d8%aa%d8%a7%d8%b1%d8%a7%d8%ba%d9%88%d9%86%d8%a7-%d8%af%d9%8a%d9%84%d9%8a-%d8%aa%d8%aa%d9%81%d8%a7%d9%82%d9%85-%d8%af%d8%b1%d8%a7%d9%85%d8%a7-%d9%86%d8%a7%d8%af%d9%8a-%d9%86%d8%a7%d8%b3%d8%aa%d9%8a-2\/#breadcrumb"},"inLanguage":"ar","potentialAction":[{"@type":"ReadAction","target":["https:\/\/radiociutat.com\/ar\/%d8%aa%d8%a7%d8%b1%d8%a7%d8%ba%d9%88%d9%86%d8%a7-%d8%af%d9%8a%d9%84%d9%8a-%d8%b1%d8%a7%d8%af%d9%8a%d9%88-%d9%85%d8%af%d9%8a%d9%86%d8%a9-%d8%aa%d8%a7%d8%b1%d8%a7%d8%ba%d9%88%d9%86%d8%a7\/%d8%aa%d8%a7%d8%b1%d8%a7%d8%ba%d9%88%d9%86%d8%a7-%d8%af%d9%8a%d9%84%d9%8a-%d8%b9%d8%b7%d9%84%d8%a9-%d9%86%d9%87%d8%a7%d9%8a%d8%a9-%d8%a7%d9%84%d8%a3%d8%b3%d8%a8%d9%88%d8%b9\/%d8%aa%d8%a7%d8%b1%d8%a7%d8%ba%d9%88%d9%86%d8%a7-%d8%af%d9%8a%d9%84%d9%8a-%d8%aa%d8%aa%d9%81%d8%a7%d9%82%d9%85-%d8%af%d8%b1%d8%a7%d9%85%d8%a7-%d9%86%d8%a7%d8%af%d9%8a-%d9%86%d8%a7%d8%b3%d8%aa%d9%8a-2\/"]}]},{"@type":"ImageObject","inLanguage":"ar","@id":"https:\/\/radiociutat.com\/ar\/%d8%aa%d8%a7%d8%b1%d8%a7%d8%ba%d9%88%d9%86%d8%a7-%d8%af%d9%8a%d9%84%d9%8a-%d8%b1%d8%a7%d8%af%d9%8a%d9%88-%d9%85%d8%af%d9%8a%d9%86%d8%a9-%d8%aa%d8%a7%d8%b1%d8%a7%d8%ba%d9%88%d9%86%d8%a7\/%d8%aa%d8%a7%d8%b1%d8%a7%d8%ba%d9%88%d9%86%d8%a7-%d8%af%d9%8a%d9%84%d9%8a-%d8%b9%d8%b7%d9%84%d8%a9-%d9%86%d9%87%d8%a7%d9%8a%d8%a9-%d8%a7%d9%84%d8%a3%d8%b3%d8%a8%d9%88%d8%b9\/%d8%aa%d8%a7%d8%b1%d8%a7%d8%ba%d9%88%d9%86%d8%a7-%d8%af%d9%8a%d9%84%d9%8a-%d8%aa%d8%aa%d9%81%d8%a7%d9%82%d9%85-%d8%af%d8%b1%d8%a7%d9%85%d8%a7-%d9%86%d8%a7%d8%af%d9%8a-%d9%86%d8%a7%d8%b3%d8%aa%d9%8a-2\/#primaryimage","url":"https:\/\/files.radiociutat.com\/rctgn\/wp-content\/uploads\/2026\/04\/26.04.24_Fira-atraccions-Fira-Abril-DAVID-OLIETE-04.jpg","contentUrl":"https:\/\/files.radiociutat.com\/rctgn\/wp-content\/uploads\/2026\/04\/26.04.24_Fira-atraccions-Fira-Abril-DAVID-OLIETE-04.jpg","width":2000,"height":1332,"caption":"Fira Atraccions Abril Tarragona"},{"@type":"BreadcrumbList","@id":"https:\/\/radiociutat.com\/ar\/%d8%aa%d8%a7%d8%b1%d8%a7%d8%ba%d9%88%d9%86%d8%a7-%d8%af%d9%8a%d9%84%d9%8a-%d8%b1%d8%a7%d8%af%d9%8a%d9%88-%d9%85%d8%af%d9%8a%d9%86%d8%a9-%d8%aa%d8%a7%d8%b1%d8%a7%d8%ba%d9%88%d9%86%d8%a7\/%d8%aa%d8%a7%d8%b1%d8%a7%d8%ba%d9%88%d9%86%d8%a7-%d8%af%d9%8a%d9%84%d9%8a-%d8%b9%d8%b7%d9%84%d8%a9-%d9%86%d9%87%d8%a7%d9%8a%d8%a9-%d8%a7%d9%84%d8%a3%d8%b3%d8%a8%d9%88%d8%b9\/%d8%aa%d8%a7%d8%b1%d8%a7%d8%ba%d9%88%d9%86%d8%a7-%d8%af%d9%8a%d9%84%d9%8a-%d8%aa%d8%aa%d9%81%d8%a7%d9%82%d9%85-%d8%af%d8%b1%d8%a7%d9%85%d8%a7-%d9%86%d8%a7%d8%af%d9%8a-%d9%86%d8%a7%d8%b3%d8%aa%d9%8a-2\/#breadcrumb","itemListElement":[{"@type":"ListItem","position":1,"name":"Inici","item":"https:\/\/radiociutat.com\/ar\/"},{"@type":"ListItem","position":2,"name":"\u062a\u0627\u0631\u0627\u062c\u0648\u0646\u0627 \u062f\u064a\u0644\u064a | \u0639\u0637\u0644\u0629 \u0646\u0647\u0627\u064a\u0629 \u0627\u0644\u0623\u0633\u0628\u0648\u0639 \u0627\u0644\u062a\u064a \u062a\u0633\u0628\u0642 \u0645\u0639\u0631\u0636 \u0623\u0628\u0631\u064a\u0644"}]},{"@type":"WebSite","@id":"https:\/\/radiociutat.com\/ar\/#website","url":"https:\/\/radiociutat.com\/ar\/","name":"R\u00e0dio Ciutat de Tarragona","description":"R\u00e0dio Ciutat de Tarragona - RCTgn.cat R\u00e0dio Online","potentialAction":[{"@type":"SearchAction","target":{"@type":"EntryPoint","urlTemplate":"https:\/\/radiociutat.com\/ar\/?s={search_term_string}"},"query-input":{"@type":"PropertyValueSpecification","valueRequired":true,"valueName":"search_term_string"}}],"inLanguage":"ar"},{"@type":"Person","@id":"https:\/\/radiociutat.com\/ar\/#\/schema\/person\/25e4d7920bb5cd13577531d9b2fe1d32","name":"Adri\u00e0 Jurado i Mateo","url":"https:\/\/radiociutat.com\/ar\/author\/ajurado\/"}]}},"_links":{"self":[{"href":"https:\/\/radiociutat.com\/ar\/wp-json\/wp\/v2\/posts\/377977","targetHints":{"allow":["GET"]}}],"collection":[{"href":"https:\/\/radiociutat.com\/ar\/wp-json\/wp\/v2\/posts"}],"about":[{"href":"https:\/\/radiociutat.com\/ar\/wp-json\/wp\/v2\/types\/post"}],"author":[{"embeddable":true,"href":"https:\/\/radiociutat.com\/ar\/wp-json\/wp\/v2\/users\/108"}],"replies":[{"embeddable":true,"href":"https:\/\/radiociutat.com\/ar\/wp-json\/wp\/v2\/comments?post=377977"}],"version-history":[{"count":2,"href":"https:\/\/radiociutat.com\/ar\/wp-json\/wp\/v2\/posts\/377977\/revisions"}],"predecessor-version":[{"id":377992,"href":"https:\/\/radiociutat.com\/ar\/wp-json\/wp\/v2\/posts\/377977\/revisions\/377992"}],"wp:featuredmedia":[{"embeddable":true,"href":"https:\/\/radiociutat.com\/ar\/wp-json\/wp\/v2\/media\/377983"}],"wp:attachment":[{"href":"https:\/\/radiociutat.com\/ar\/wp-json\/wp\/v2\/media?parent=377977"}],"wp:term":[{"taxonomy":"category","embeddable":true,"href":"https:\/\/radiociutat.com\/ar\/wp-json\/wp\/v2\/categories?post=377977"},{"taxonomy":"post_tag","embeddable":true,"href":"https:\/\/radiociutat.com\/ar\/wp-json\/wp\/v2\/tags?post=377977"}],"curies":[{"name":"wp","href":"https:\/\/api.w.org\/{rel}","templated":true}]}}