{"id":370200,"date":"2026-03-16T13:28:46","date_gmt":"2026-03-16T12:28:46","guid":{"rendered":"https:\/\/radiociutat.com\/programes-podcast\/%d8%b0%d9%83%d8%b1%d9%89-%d8%b3%d9%86%d9%88%d9%8a%d8%a9-%d9%85%d8%b2%d8%af%d9%88%d8%ac%d8%a9-%d9%81%d9%8a-%d8%a3%d8%b3%d9%88%d8%a7%d9%82-%d8%aa%d8%a7%d8%b1%d8%a7%d8%ba%d9%88%d9%86%d8%a7\/"},"modified":"2026-03-16T13:28:46","modified_gmt":"2026-03-16T12:28:46","slug":"%d8%b0%d9%83%d8%b1%d9%89-%d8%b3%d9%86%d9%88%d9%8a%d8%a9-%d9%85%d8%b2%d8%af%d9%88%d8%ac%d8%a9-%d9%81%d9%8a-%d8%a3%d8%b3%d9%88%d8%a7%d9%82-%d8%aa%d8%a7%d8%b1%d8%a7%d8%ba%d9%88%d9%86%d8%a7","status":"publish","type":"post","link":"https:\/\/radiociutat.com\/ar\/%d8%a2%d8%ae%d8%b1-%d8%a7%d9%84%d8%a3%d8%ae%d8%a8%d8%a7%d8%b1\/%d8%aa%d9%82%d8%a7%d8%b1%d9%8a%d8%b1\/%d8%b0%d9%83%d8%b1%d9%89-%d8%b3%d9%86%d9%88%d9%8a%d8%a9-%d9%85%d8%b2%d8%af%d9%88%d8%ac%d8%a9-%d9%81%d9%8a-%d8%a3%d8%b3%d9%88%d8%a7%d9%82-%d8%aa%d8%a7%d8%b1%d8%a7%d8%ba%d9%88%d9%86%d8%a7\/","title":{"rendered":"\u0630\u0643\u0631\u0649 \u0633\u0646\u0648\u064a\u0629 \u0645\u0632\u062f\u0648\u062c\u0629 \u0641\u064a \u0623\u0633\u0648\u0627\u0642 \u062a\u0627\u0631\u0627\u063a\u0648\u0646\u0627"},"content":{"rendered":"\n<p>\u0627\u062d\u062a\u0641\u0644\u062a \u0623\u0633\u0648\u0627\u0642 \u062a\u0627\u0631\u0627\u063a\u0648\u0646\u0627 \u064a\u0648\u0645 \u0627\u0644\u0627\u062b\u0646\u064a\u0646 16 \u0645\u0627\u0631\u0633 \u0628\u0630\u0643\u0631\u0649 <strong>\u0633\u0646\u0648\u064a\u0629 \u0645\u0632\u062f\u0648\u062c\u0629<\/strong> \u0645\u0646 \u062e\u0644\u0627\u0644 \u0645\u0628\u0627\u062f\u0631\u0627\u062a \u0645\u062a\u0646\u0648\u0639\u0629 \u0645\u0648\u062c\u0647\u0629 \u0644\u0644\u0645\u0648\u0627\u0637\u0646\u064a\u0646. \u064a\u062d\u064a\u064a <strong>\u0627\u0644\u0633\u0648\u0642 \u0627\u0644\u0645\u0631\u0643\u0632\u064a \u0630\u0643\u0631\u0649 \u0645\u0631\u0648\u0631 \u062a\u0633\u0639 \u0633\u0646\u0648\u0627\u062a \u0639\u0644\u0649 \u062a\u0631\u0645\u064a\u0645 \u0627\u0644\u0645\u0628\u0646\u0649<\/strong>\u060c \u0628\u064a\u0646\u0645\u0627 \u064a\u062d\u062a\u0641\u0644 <strong>\u0633\u0648\u0642 \u062a\u0648\u0631\u064a\u0641\u0648\u0631\u062a\u0627 \u0628\u0627\u0644\u0630\u0643\u0631\u0649 \u0627\u0644\u0631\u0627\u0628\u0639\u0629 \u0648\u0627\u0644\u0623\u0631\u0628\u0639\u064a\u0646<\/strong> \u0644\u0627\u0641\u062a\u062a\u0627\u062d\u0647 \u0641\u064a \u0639\u0627\u0645 1982.<\/p>\n\n\n\n<h2 class=\"wp-block-heading\" id=\"h-acte-institucional-i-participacio-ciutadana\">\u062d\u0641\u0644 \u0645\u0624\u0633\u0633\u064a \u0648\u0645\u0634\u0627\u0631\u0643\u0629 \u0634\u0639\u0628\u064a\u0629<\/h2>\n\n\n\n<p>\u0623\u0642\u064a\u0645 \u0627\u0644\u062d\u0641\u0644 \u0627\u0644\u0645\u0624\u0633\u0633\u064a \u0641\u064a \u0627\u0644\u0633\u0648\u0642 \u0627\u0644\u0645\u0631\u0643\u0632\u064a \u0645\u0639 <strong>\u0625\u0637\u0641\u0627\u0621 \u0631\u0645\u0632\u064a \u0644\u0644\u0634\u0645\u0648\u0639<\/strong> \u0628\u062d\u0636\u0648\u0631 \u0645\u0645\u062b\u0644\u064a\u0646 \u0639\u0646 \u0627\u0644\u0645\u0631\u0641\u0642\u064a\u0646 \u0648\u0631\u0626\u064a\u0633\u0629 \u0623\u0633\u0648\u0627\u0642 \u062a\u0627\u0631\u0627\u063a\u0648\u0646\u0627 \u0648\u0639\u0636\u0648\u0629 \u0645\u062c\u0644\u0633 \u0627\u0644\u062a\u062c\u0627\u0631\u0629 \u0648\u0627\u0644\u0633\u064a\u0627\u062d\u0629 \u0641\u064a \u0627\u0644\u0628\u0644\u062f\u064a\u0629\u060c \u0645\u0648\u0646\u062a\u0633\u064a \u0623\u062f\u0627\u0646. \u0648\u062e\u0644\u0627\u0644 \u0627\u0644\u062d\u0641\u0644\u060c \u0623\u0628\u0631\u0632\u062a \u0623\u062f\u0627\u0646 \u0639\u0645\u0644 \u0623\u0635\u062d\u0627\u0628 \u0627\u0644\u0623\u0643\u0634\u0627\u0643\u060c \u0648\u062f\u0648\u0631 \u0627\u0644\u0623\u0633\u0648\u0627\u0642 \u0641\u064a \u0627\u0644\u062d\u064a\u0627\u0629 \u0627\u0644\u064a\u0648\u0645\u064a\u0629 \u0644\u0644\u0645\u062f\u064a\u0646\u0629\u060c \u0648\u0623\u0643\u062f\u062a \u0639\u0644\u0649 \u0642\u064a\u0645\u0629 \u0627\u0644\u0633\u0648\u0642 \u0627\u0644\u0645\u0631\u0643\u0632\u064a \u0641\u064a \u062a\u0627\u0631\u0627\u063a\u0648\u0646\u0627 \u0628\u0627\u0639\u062a\u0628\u0627\u0631\u0647 &#8220;\u0645\u0631\u062c\u0639\u0627\u064b&#8221;.<\/p>\n\n\n\n<figure class=\"wp-block-audio\"><audio controls src=\"https:\/\/files.radiociutat.com\/rctgn\/wp-content\/uploads\/2026\/03\/Montse-Adan-aNiversari-Mercat.mp3\"><\/audio><\/figure>\n\n\n\n<h2 class=\"wp-block-heading\" id=\"h-presentacio-del-projecte-cuina-a-la-placa\">\u0639\u0631\u0636 \u0645\u0634\u0631\u0648\u0639 &#8220;Cuina a la Pla\u00e7a&#8221;<\/h2>\n\n\n\n<p>\u0641\u064a \u0625\u0637\u0627\u0631 \u0647\u0630\u0627 \u0627\u0644\u0627\u062d\u062a\u0641\u0627\u0644\u060c \u062a\u0645 \u0623\u064a\u0636\u0627\u064b \u062a\u0642\u062f\u064a\u0645 \u0645\u0634\u0631\u0648\u0639 <strong>\u201cCuina a la Pla\u00e7a\u201d<\/strong> (\u0627\u0644\u0645\u0637\u0628\u062e \u0641\u064a \u0627\u0644\u0633\u0627\u062d\u0629)\u060c \u0648\u0647\u0648 \u0633\u0644\u0633\u0644\u0629 \u0645\u0631\u0626\u064a\u0629 \u0648\u0645\u0633\u0645\u0648\u0639\u0629 \u0633\u062a\u062c\u0645\u0639 \u0637\u0647\u0627\u0629 \u0645\u0634\u0647\u0648\u0631\u064a\u0646 \u0645\u0639 \u0623\u0635\u062d\u0627\u0628 \u0627\u0644\u0623\u0643\u0634\u0627\u0643 \u0641\u064a \u0623\u0633\u0648\u0627\u0642 \u0627\u0644\u0645\u062f\u064a\u0646\u0629 \u0644\u0625\u0639\u062f\u0627\u062f \u0648\u0635\u0641\u0627\u062a \u0628\u0645\u0646\u062a\u062c\u0627\u062a \u0645\u062d\u0644\u064a\u0629. \u0641\u064a \u0627\u0644\u0628\u062f\u0627\u064a\u0629\u060c \u0633\u062a\u0634\u0647\u062f \u0627\u0644\u0645\u0628\u0627\u062f\u0631\u0629 \u0645\u0634\u0627\u0631\u0643\u0629 \u0627\u0644\u0637\u0627\u0647\u064a\u0629 \u0643\u0627\u0631\u0645\u064a \u0631\u0648\u0633\u0643\u0627\u064a\u064a\u062f\u0627 \u0648\u0633\u062a\u0633\u062a\u0645\u0631 \u062e\u0644\u0627\u0644 \u0627\u0644\u0639\u0627\u0645 \u0627\u0644\u0645\u0642\u0628\u0644 \u0628\u062a\u0633\u062c\u064a\u0644 \u0639\u0634\u0631 \u0648\u0635\u0641\u0627\u062a \u0641\u064a \u0641\u0636\u0627\u0621\u0627\u062a \u062a\u062c\u0627\u0631\u064a\u0629 \u0645\u062e\u062a\u0644\u0641\u0629 \u0628\u0627\u0644\u0645\u062f\u064a\u0646\u0629. \u0633\u064a\u062a\u0648\u062c \u0627\u0644\u0645\u0634\u0631\u0648\u0639 \u0641\u064a \u0645\u0627\u0631\u0633 2027 \u0628\u0627\u0644\u062a\u0632\u0627\u0645\u0646 \u0645\u0639 \u0627\u0644\u0630\u0643\u0631\u0649 \u0627\u0644\u0639\u0627\u0634\u0631\u0629 \u0644\u0644\u0633\u0648\u0642 \u0627\u0644\u0645\u0631\u0643\u0632\u064a.<\/p>\n\n\n\n<h2 class=\"wp-block-heading\" id=\"h-sortejos-i-activitats-fins-a-finals-de-marc\">\u0633\u062d\u0648\u0628\u0627\u062a \u0648\u0623\u0646\u0634\u0637\u0629 \u062d\u062a\u0649 \u0646\u0647\u0627\u064a\u0629 \u0645\u0627\u0631\u0633<\/h2>\n\n\n\n<p>\u064a\u0643\u062a\u0645\u0644 \u0627\u0644\u0627\u062d\u062a\u0641\u0627\u0644 \u0628\u0645\u062e\u062a\u0644\u0641 \u0627\u0644\u0633\u062d\u0648\u0628\u0627\u062a \u0648\u0627\u0644\u0623\u0646\u0634\u0637\u0629 \u0627\u0644\u062a\u0631\u0648\u064a\u062c\u064a\u0629 \u0641\u064a \u0627\u0644\u0633\u0648\u0642\u064a\u0646 \u062d\u062a\u0649 \u0646\u0647\u0627\u064a\u0629 \u0645\u0627\u0631\u0633.<\/p>\n","protected":false},"excerpt":{"rendered":"<p>\u0627\u062d\u062a\u0641\u0644\u062a \u0623\u0633\u0648\u0627\u0642 \u062a\u0627\u0631\u0627\u063a\u0648\u0646\u0627 \u064a\u0648\u0645 \u0627\u0644\u0627\u062b\u0646\u064a\u0646 16 \u0645\u0627\u0631\u0633 \u0628\u0630\u0643\u0631\u0649 \u0633\u0646\u0648\u064a\u0629 \u0645\u0632\u062f\u0648\u062c\u0629 \u0645\u0646 \u062e\u0644\u0627\u0644 \u0645\u0628\u0627\u062f\u0631\u0627\u062a \u0645\u062a\u0646\u0648\u0639\u0629 \u0645\u0648\u062c\u0647\u0629 \u0644\u0644\u0645\u0648\u0627\u0637\u0646\u064a\u0646. \u064a\u062d\u064a\u064a \u0627\u0644\u0633\u0648\u0642 \u0627\u0644\u0645\u0631\u0643\u0632\u064a \u0630\u0643\u0631\u0649 \u0645\u0631\u0648\u0631 \u062a\u0633\u0639 \u0633\u0646\u0648\u0627\u062a \u0639\u0644\u0649 \u062a\u0631\u0645\u064a\u0645 \u0627\u0644\u0645\u0628\u0646\u0649\u060c \u0628\u064a\u0646\u0645\u0627 \u064a\u062d\u062a\u0641\u0644 \u0633\u0648\u0642 \u062a\u0648\u0631\u064a\u0641\u0648\u0631\u062a\u0627 \u0628\u0627\u0644\u0630\u0643\u0631\u0649 \u0627\u0644\u0631\u0627\u0628\u0639\u0629 \u0648\u0627\u0644\u0623\u0631\u0628\u0639\u064a\u0646 \u0644\u0627\u0641\u062a\u062a\u0627\u062d\u0647 \u0641\u064a \u0639\u0627\u0645 1982. \u062d\u0641\u0644 \u0645\u0624\u0633\u0633\u064a \u0648\u0645\u0634\u0627\u0631\u0643\u0629 \u0634\u0639\u0628\u064a\u0629 \u0623\u0642\u064a\u0645 \u0627\u0644\u062d\u0641\u0644 \u0627\u0644\u0645\u0624\u0633\u0633\u064a \u0641\u064a \u0627\u0644\u0633\u0648\u0642 \u0627\u0644\u0645\u0631\u0643\u0632\u064a \u0645\u0639 \u0625\u0637\u0641\u0627\u0621 \u0631\u0645\u0632\u064a \u0644\u0644\u0634\u0645\u0648\u0639 \u0628\u062d\u0636\u0648\u0631 \u0645\u0645\u062b\u0644\u064a\u0646 \u0639\u0646 \u0627\u0644\u0645\u0631\u0641\u0642\u064a\u0646 [&hellip;]<\/p>\n","protected":false},"author":84,"featured_media":370187,"comment_status":"closed","ping_status":"closed","sticky":false,"template":"","format":"standard","meta":{"footnotes":""},"categories":[13791],"tags":[14068,19,13861],"class_list":["post-370200","post","type-post","status-publish","format-standard","has-post-thumbnail","hentry","category-13791","tag-aniversari","tag-tarragona","tag-13861"],"yoast_head":"<!-- This site is optimized with the Yoast SEO Premium plugin v27.4 (Yoast SEO v27.5) - https:\/\/yoast.com\/product\/yoast-seo-premium-wordpress\/ -->\n<title>\u0630\u0643\u0631\u0649 \u0633\u0646\u0648\u064a\u0629 \u0645\u0632\u062f\u0648\u062c\u0629 \u0641\u064a \u0623\u0633\u0648\u0627\u0642 \u062a\u0627\u0631\u0627\u063a\u0648\u0646\u0627 - R\u00e0dio Ciutat de Tarragona<\/title>\n<meta name=\"robots\" content=\"index, follow, max-snippet:-1, max-image-preview:large, max-video-preview:-1\" \/>\n<link rel=\"canonical\" href=\"https:\/\/radiociutat.com\/ar\/%d8%a2%d8%ae%d8%b1-%d8%a7%d9%84%d8%a3%d8%ae%d8%a8%d8%a7%d8%b1\/%d8%aa%d9%82%d8%a7%d8%b1%d9%8a%d8%b1\/%d8%b0%d9%83%d8%b1%d9%89-%d8%b3%d9%86%d9%88%d9%8a%d8%a9-%d9%85%d8%b2%d8%af%d9%88%d8%ac%d8%a9-%d9%81%d9%8a-%d8%a3%d8%b3%d9%88%d8%a7%d9%82-%d8%aa%d8%a7%d8%b1%d8%a7%d8%ba%d9%88%d9%86%d8%a7\/\" \/>\n<meta property=\"og:locale\" content=\"ar_AR\" \/>\n<meta property=\"og:type\" content=\"article\" \/>\n<meta property=\"og:title\" content=\"\u0630\u0643\u0631\u0649 \u0633\u0646\u0648\u064a\u0629 \u0645\u0632\u062f\u0648\u062c\u0629 \u0641\u064a \u0623\u0633\u0648\u0627\u0642 \u062a\u0627\u0631\u0627\u063a\u0648\u0646\u0627\" \/>\n<meta property=\"og:description\" content=\"\u0627\u062d\u062a\u0641\u0644\u062a \u0623\u0633\u0648\u0627\u0642 \u062a\u0627\u0631\u0627\u063a\u0648\u0646\u0627 \u064a\u0648\u0645 \u0627\u0644\u0627\u062b\u0646\u064a\u0646 16 \u0645\u0627\u0631\u0633 \u0628\u0630\u0643\u0631\u0649 \u0633\u0646\u0648\u064a\u0629 \u0645\u0632\u062f\u0648\u062c\u0629 \u0645\u0646 \u062e\u0644\u0627\u0644 \u0645\u0628\u0627\u062f\u0631\u0627\u062a \u0645\u062a\u0646\u0648\u0639\u0629 \u0645\u0648\u062c\u0647\u0629 \u0644\u0644\u0645\u0648\u0627\u0637\u0646\u064a\u0646. \u064a\u062d\u064a\u064a \u0627\u0644\u0633\u0648\u0642 \u0627\u0644\u0645\u0631\u0643\u0632\u064a \u0630\u0643\u0631\u0649 \u0645\u0631\u0648\u0631 \u062a\u0633\u0639 \u0633\u0646\u0648\u0627\u062a \u0639\u0644\u0649 \u062a\u0631\u0645\u064a\u0645 \u0627\u0644\u0645\u0628\u0646\u0649\u060c \u0628\u064a\u0646\u0645\u0627 \u064a\u062d\u062a\u0641\u0644 \u0633\u0648\u0642 \u062a\u0648\u0631\u064a\u0641\u0648\u0631\u062a\u0627 \u0628\u0627\u0644\u0630\u0643\u0631\u0649 \u0627\u0644\u0631\u0627\u0628\u0639\u0629 \u0648\u0627\u0644\u0623\u0631\u0628\u0639\u064a\u0646 \u0644\u0627\u0641\u062a\u062a\u0627\u062d\u0647 \u0641\u064a \u0639\u0627\u0645 1982. \u062d\u0641\u0644 \u0645\u0624\u0633\u0633\u064a \u0648\u0645\u0634\u0627\u0631\u0643\u0629 \u0634\u0639\u0628\u064a\u0629 \u0623\u0642\u064a\u0645 \u0627\u0644\u062d\u0641\u0644 \u0627\u0644\u0645\u0624\u0633\u0633\u064a \u0641\u064a \u0627\u0644\u0633\u0648\u0642 \u0627\u0644\u0645\u0631\u0643\u0632\u064a \u0645\u0639 \u0625\u0637\u0641\u0627\u0621 \u0631\u0645\u0632\u064a \u0644\u0644\u0634\u0645\u0648\u0639 \u0628\u062d\u0636\u0648\u0631 \u0645\u0645\u062b\u0644\u064a\u0646 \u0639\u0646 \u0627\u0644\u0645\u0631\u0641\u0642\u064a\u0646 [&hellip;]\" \/>\n<meta property=\"og:url\" content=\"https:\/\/radiociutat.com\/ar\/%d8%a2%d8%ae%d8%b1-%d8%a7%d9%84%d8%a3%d8%ae%d8%a8%d8%a7%d8%b1\/%d8%aa%d9%82%d8%a7%d8%b1%d9%8a%d8%b1\/%d8%b0%d9%83%d8%b1%d9%89-%d8%b3%d9%86%d9%88%d9%8a%d8%a9-%d9%85%d8%b2%d8%af%d9%88%d8%ac%d8%a9-%d9%81%d9%8a-%d8%a3%d8%b3%d9%88%d8%a7%d9%82-%d8%aa%d8%a7%d8%b1%d8%a7%d8%ba%d9%88%d9%86%d8%a7\/\" \/>\n<meta property=\"og:site_name\" content=\"R\u00e0dio Ciutat de Tarragona\" \/>\n<meta property=\"article:publisher\" content=\"https:\/\/www.facebook.com\/rctgn\" \/>\n<meta property=\"article:published_time\" content=\"2026-03-16T12:28:46+00:00\" \/>\n<meta property=\"og:image\" content=\"https:\/\/files.radiociutat.com\/rctgn\/wp-content\/uploads\/2026\/03\/Aniversari-Mercats.jpeg\" \/>\n\t<meta property=\"og:image:width\" content=\"1170\" \/>\n\t<meta property=\"og:image:height\" content=\"646\" \/>\n\t<meta property=\"og:image:type\" content=\"image\/jpeg\" \/>\n<meta name=\"author\" content=\"Adri\u00e0 Duch\" \/>\n<meta name=\"twitter:card\" content=\"summary_large_image\" \/>\n<meta name=\"twitter:creator\" content=\"@RCTgn\" \/>\n<meta name=\"twitter:site\" content=\"@RCTgn\" \/>\n<meta name=\"twitter:label1\" content=\"\u0643\u064f\u062a\u0628 \u0628\u0648\u0627\u0633\u0637\u0629\" \/>\n\t<meta name=\"twitter:data1\" content=\"Adri\u00e0 Duch\" \/>\n<script type=\"application\/ld+json\" class=\"yoast-schema-graph\">{\"@context\":\"https:\\\/\\\/schema.org\",\"@graph\":[{\"@type\":\"Article\",\"@id\":\"https:\\\/\\\/radiociutat.com\\\/ar\\\/%d8%a2%d8%ae%d8%b1-%d8%a7%d9%84%d8%a3%d8%ae%d8%a8%d8%a7%d8%b1\\\/%d8%aa%d9%82%d8%a7%d8%b1%d9%8a%d8%b1\\\/%d8%b0%d9%83%d8%b1%d9%89-%d8%b3%d9%86%d9%88%d9%8a%d8%a9-%d9%85%d8%b2%d8%af%d9%88%d8%ac%d8%a9-%d9%81%d9%8a-%d8%a3%d8%b3%d9%88%d8%a7%d9%82-%d8%aa%d8%a7%d8%b1%d8%a7%d8%ba%d9%88%d9%86%d8%a7\\\/#article\",\"isPartOf\":{\"@id\":\"https:\\\/\\\/radiociutat.com\\\/ar\\\/%d8%a2%d8%ae%d8%b1-%d8%a7%d9%84%d8%a3%d8%ae%d8%a8%d8%a7%d8%b1\\\/%d8%aa%d9%82%d8%a7%d8%b1%d9%8a%d8%b1\\\/%d8%b0%d9%83%d8%b1%d9%89-%d8%b3%d9%86%d9%88%d9%8a%d8%a9-%d9%85%d8%b2%d8%af%d9%88%d8%ac%d8%a9-%d9%81%d9%8a-%d8%a3%d8%b3%d9%88%d8%a7%d9%82-%d8%aa%d8%a7%d8%b1%d8%a7%d8%ba%d9%88%d9%86%d8%a7\\\/\"},\"author\":{\"name\":\"Adri\u00e0 Duch\",\"@id\":\"https:\\\/\\\/radiociutat.com\\\/ar\\\/#\\\/schema\\\/person\\\/daeecbc4942e3432e8d8b8663bf7d714\"},\"headline\":\"\u0630\u0643\u0631\u0649 \u0633\u0646\u0648\u064a\u0629 \u0645\u0632\u062f\u0648\u062c\u0629 \u0641\u064a \u0623\u0633\u0648\u0627\u0642 \u062a\u0627\u0631\u0627\u063a\u0648\u0646\u0627\",\"datePublished\":\"2026-03-16T12:28:46+00:00\",\"mainEntityOfPage\":{\"@id\":\"https:\\\/\\\/radiociutat.com\\\/ar\\\/%d8%a2%d8%ae%d8%b1-%d8%a7%d9%84%d8%a3%d8%ae%d8%a8%d8%a7%d8%b1\\\/%d8%aa%d9%82%d8%a7%d8%b1%d9%8a%d8%b1\\\/%d8%b0%d9%83%d8%b1%d9%89-%d8%b3%d9%86%d9%88%d9%8a%d8%a9-%d9%85%d8%b2%d8%af%d9%88%d8%ac%d8%a9-%d9%81%d9%8a-%d8%a3%d8%b3%d9%88%d8%a7%d9%82-%d8%aa%d8%a7%d8%b1%d8%a7%d8%ba%d9%88%d9%86%d8%a7\\\/\"},\"wordCount\":10,\"image\":{\"@id\":\"https:\\\/\\\/radiociutat.com\\\/ar\\\/%d8%a2%d8%ae%d8%b1-%d8%a7%d9%84%d8%a3%d8%ae%d8%a8%d8%a7%d8%b1\\\/%d8%aa%d9%82%d8%a7%d8%b1%d9%8a%d8%b1\\\/%d8%b0%d9%83%d8%b1%d9%89-%d8%b3%d9%86%d9%88%d9%8a%d8%a9-%d9%85%d8%b2%d8%af%d9%88%d8%ac%d8%a9-%d9%81%d9%8a-%d8%a3%d8%b3%d9%88%d8%a7%d9%82-%d8%aa%d8%a7%d8%b1%d8%a7%d8%ba%d9%88%d9%86%d8%a7\\\/#primaryimage\"},\"thumbnailUrl\":\"https:\\\/\\\/files.radiociutat.com\\\/rctgn\\\/wp-content\\\/uploads\\\/2026\\\/03\\\/Aniversari-Mercats.jpeg\",\"keywords\":[\"aniversari\",\"Tarragona\",\"\u0623\u0633\u0648\u0627\u0642\"],\"articleSection\":[\"\u062a\u0642\u0627\u0631\u064a\u0631 NOTICIES\"],\"inLanguage\":\"ar\"},{\"@type\":\"WebPage\",\"@id\":\"https:\\\/\\\/radiociutat.com\\\/ar\\\/%d8%a2%d8%ae%d8%b1-%d8%a7%d9%84%d8%a3%d8%ae%d8%a8%d8%a7%d8%b1\\\/%d8%aa%d9%82%d8%a7%d8%b1%d9%8a%d8%b1\\\/%d8%b0%d9%83%d8%b1%d9%89-%d8%b3%d9%86%d9%88%d9%8a%d8%a9-%d9%85%d8%b2%d8%af%d9%88%d8%ac%d8%a9-%d9%81%d9%8a-%d8%a3%d8%b3%d9%88%d8%a7%d9%82-%d8%aa%d8%a7%d8%b1%d8%a7%d8%ba%d9%88%d9%86%d8%a7\\\/\",\"url\":\"https:\\\/\\\/radiociutat.com\\\/ar\\\/%d8%a2%d8%ae%d8%b1-%d8%a7%d9%84%d8%a3%d8%ae%d8%a8%d8%a7%d8%b1\\\/%d8%aa%d9%82%d8%a7%d8%b1%d9%8a%d8%b1\\\/%d8%b0%d9%83%d8%b1%d9%89-%d8%b3%d9%86%d9%88%d9%8a%d8%a9-%d9%85%d8%b2%d8%af%d9%88%d8%ac%d8%a9-%d9%81%d9%8a-%d8%a3%d8%b3%d9%88%d8%a7%d9%82-%d8%aa%d8%a7%d8%b1%d8%a7%d8%ba%d9%88%d9%86%d8%a7\\\/\",\"name\":\"\u0630\u0643\u0631\u0649 \u0633\u0646\u0648\u064a\u0629 \u0645\u0632\u062f\u0648\u062c\u0629 \u0641\u064a \u0623\u0633\u0648\u0627\u0642 \u062a\u0627\u0631\u0627\u063a\u0648\u0646\u0627 - R\u00e0dio Ciutat de Tarragona\",\"isPartOf\":{\"@id\":\"https:\\\/\\\/radiociutat.com\\\/ar\\\/#website\"},\"primaryImageOfPage\":{\"@id\":\"https:\\\/\\\/radiociutat.com\\\/ar\\\/%d8%a2%d8%ae%d8%b1-%d8%a7%d9%84%d8%a3%d8%ae%d8%a8%d8%a7%d8%b1\\\/%d8%aa%d9%82%d8%a7%d8%b1%d9%8a%d8%b1\\\/%d8%b0%d9%83%d8%b1%d9%89-%d8%b3%d9%86%d9%88%d9%8a%d8%a9-%d9%85%d8%b2%d8%af%d9%88%d8%ac%d8%a9-%d9%81%d9%8a-%d8%a3%d8%b3%d9%88%d8%a7%d9%82-%d8%aa%d8%a7%d8%b1%d8%a7%d8%ba%d9%88%d9%86%d8%a7\\\/#primaryimage\"},\"image\":{\"@id\":\"https:\\\/\\\/radiociutat.com\\\/ar\\\/%d8%a2%d8%ae%d8%b1-%d8%a7%d9%84%d8%a3%d8%ae%d8%a8%d8%a7%d8%b1\\\/%d8%aa%d9%82%d8%a7%d8%b1%d9%8a%d8%b1\\\/%d8%b0%d9%83%d8%b1%d9%89-%d8%b3%d9%86%d9%88%d9%8a%d8%a9-%d9%85%d8%b2%d8%af%d9%88%d8%ac%d8%a9-%d9%81%d9%8a-%d8%a3%d8%b3%d9%88%d8%a7%d9%82-%d8%aa%d8%a7%d8%b1%d8%a7%d8%ba%d9%88%d9%86%d8%a7\\\/#primaryimage\"},\"thumbnailUrl\":\"https:\\\/\\\/files.radiociutat.com\\\/rctgn\\\/wp-content\\\/uploads\\\/2026\\\/03\\\/Aniversari-Mercats.jpeg\",\"datePublished\":\"2026-03-16T12:28:46+00:00\",\"author\":{\"@id\":\"https:\\\/\\\/radiociutat.com\\\/ar\\\/#\\\/schema\\\/person\\\/daeecbc4942e3432e8d8b8663bf7d714\"},\"breadcrumb\":{\"@id\":\"https:\\\/\\\/radiociutat.com\\\/ar\\\/%d8%a2%d8%ae%d8%b1-%d8%a7%d9%84%d8%a3%d8%ae%d8%a8%d8%a7%d8%b1\\\/%d8%aa%d9%82%d8%a7%d8%b1%d9%8a%d8%b1\\\/%d8%b0%d9%83%d8%b1%d9%89-%d8%b3%d9%86%d9%88%d9%8a%d8%a9-%d9%85%d8%b2%d8%af%d9%88%d8%ac%d8%a9-%d9%81%d9%8a-%d8%a3%d8%b3%d9%88%d8%a7%d9%82-%d8%aa%d8%a7%d8%b1%d8%a7%d8%ba%d9%88%d9%86%d8%a7\\\/#breadcrumb\"},\"inLanguage\":\"ar\",\"potentialAction\":[{\"@type\":\"ReadAction\",\"target\":[\"https:\\\/\\\/radiociutat.com\\\/ar\\\/%d8%a2%d8%ae%d8%b1-%d8%a7%d9%84%d8%a3%d8%ae%d8%a8%d8%a7%d8%b1\\\/%d8%aa%d9%82%d8%a7%d8%b1%d9%8a%d8%b1\\\/%d8%b0%d9%83%d8%b1%d9%89-%d8%b3%d9%86%d9%88%d9%8a%d8%a9-%d9%85%d8%b2%d8%af%d9%88%d8%ac%d8%a9-%d9%81%d9%8a-%d8%a3%d8%b3%d9%88%d8%a7%d9%82-%d8%aa%d8%a7%d8%b1%d8%a7%d8%ba%d9%88%d9%86%d8%a7\\\/\"]}]},{\"@type\":\"ImageObject\",\"inLanguage\":\"ar\",\"@id\":\"https:\\\/\\\/radiociutat.com\\\/ar\\\/%d8%a2%d8%ae%d8%b1-%d8%a7%d9%84%d8%a3%d8%ae%d8%a8%d8%a7%d8%b1\\\/%d8%aa%d9%82%d8%a7%d8%b1%d9%8a%d8%b1\\\/%d8%b0%d9%83%d8%b1%d9%89-%d8%b3%d9%86%d9%88%d9%8a%d8%a9-%d9%85%d8%b2%d8%af%d9%88%d8%ac%d8%a9-%d9%81%d9%8a-%d8%a3%d8%b3%d9%88%d8%a7%d9%82-%d8%aa%d8%a7%d8%b1%d8%a7%d8%ba%d9%88%d9%86%d8%a7\\\/#primaryimage\",\"url\":\"https:\\\/\\\/files.radiociutat.com\\\/rctgn\\\/wp-content\\\/uploads\\\/2026\\\/03\\\/Aniversari-Mercats.jpeg\",\"contentUrl\":\"https:\\\/\\\/files.radiociutat.com\\\/rctgn\\\/wp-content\\\/uploads\\\/2026\\\/03\\\/Aniversari-Mercats.jpeg\",\"width\":1170,\"height\":646},{\"@type\":\"BreadcrumbList\",\"@id\":\"https:\\\/\\\/radiociutat.com\\\/ar\\\/%d8%a2%d8%ae%d8%b1-%d8%a7%d9%84%d8%a3%d8%ae%d8%a8%d8%a7%d8%b1\\\/%d8%aa%d9%82%d8%a7%d8%b1%d9%8a%d8%b1\\\/%d8%b0%d9%83%d8%b1%d9%89-%d8%b3%d9%86%d9%88%d9%8a%d8%a9-%d9%85%d8%b2%d8%af%d9%88%d8%ac%d8%a9-%d9%81%d9%8a-%d8%a3%d8%b3%d9%88%d8%a7%d9%82-%d8%aa%d8%a7%d8%b1%d8%a7%d8%ba%d9%88%d9%86%d8%a7\\\/#breadcrumb\",\"itemListElement\":[{\"@type\":\"ListItem\",\"position\":1,\"name\":\"Inici\",\"item\":\"https:\\\/\\\/radiociutat.com\\\/ar\\\/\"},{\"@type\":\"ListItem\",\"position\":2,\"name\":\"\u0630\u0643\u0631\u0649 \u0633\u0646\u0648\u064a\u0629 \u0645\u0632\u062f\u0648\u062c\u0629 \u0641\u064a \u0623\u0633\u0648\u0627\u0642 \u062a\u0627\u0631\u0627\u063a\u0648\u0646\u0627\"}]},{\"@type\":\"WebSite\",\"@id\":\"https:\\\/\\\/radiociutat.com\\\/ar\\\/#website\",\"url\":\"https:\\\/\\\/radiociutat.com\\\/ar\\\/\",\"name\":\"R\u00e0dio Ciutat de Tarragona\",\"description\":\"R\u00e0dio Ciutat de Tarragona - RCTgn.cat R\u00e0dio Online\",\"potentialAction\":[{\"@type\":\"SearchAction\",\"target\":{\"@type\":\"EntryPoint\",\"urlTemplate\":\"https:\\\/\\\/radiociutat.com\\\/ar\\\/?s={search_term_string}\"},\"query-input\":{\"@type\":\"PropertyValueSpecification\",\"valueRequired\":true,\"valueName\":\"search_term_string\"}}],\"inLanguage\":\"ar\"},{\"@type\":\"Person\",\"@id\":\"https:\\\/\\\/radiociutat.com\\\/ar\\\/#\\\/schema\\\/person\\\/daeecbc4942e3432e8d8b8663bf7d714\",\"name\":\"Adri\u00e0 Duch\",\"sameAs\":[\"https:\\\/\\\/radiociutat.com\\\/wp-content\\\/uploads\\\/2024\\\/02\\\/ADRIA-DUCH.png\"],\"url\":\"https:\\\/\\\/radiociutat.com\\\/ar\\\/author\\\/adria-duch\\\/\"}]}<\/script>\n<!-- \/ Yoast SEO Premium plugin. -->","yoast_head_json":{"title":"\u0630\u0643\u0631\u0649 \u0633\u0646\u0648\u064a\u0629 \u0645\u0632\u062f\u0648\u062c\u0629 \u0641\u064a \u0623\u0633\u0648\u0627\u0642 \u062a\u0627\u0631\u0627\u063a\u0648\u0646\u0627 - R\u00e0dio Ciutat de Tarragona","robots":{"index":"index","follow":"follow","max-snippet":"max-snippet:-1","max-image-preview":"max-image-preview:large","max-video-preview":"max-video-preview:-1"},"canonical":"https:\/\/radiociutat.com\/ar\/%d8%a2%d8%ae%d8%b1-%d8%a7%d9%84%d8%a3%d8%ae%d8%a8%d8%a7%d8%b1\/%d8%aa%d9%82%d8%a7%d8%b1%d9%8a%d8%b1\/%d8%b0%d9%83%d8%b1%d9%89-%d8%b3%d9%86%d9%88%d9%8a%d8%a9-%d9%85%d8%b2%d8%af%d9%88%d8%ac%d8%a9-%d9%81%d9%8a-%d8%a3%d8%b3%d9%88%d8%a7%d9%82-%d8%aa%d8%a7%d8%b1%d8%a7%d8%ba%d9%88%d9%86%d8%a7\/","og_locale":"ar_AR","og_type":"article","og_title":"\u0630\u0643\u0631\u0649 \u0633\u0646\u0648\u064a\u0629 \u0645\u0632\u062f\u0648\u062c\u0629 \u0641\u064a \u0623\u0633\u0648\u0627\u0642 \u062a\u0627\u0631\u0627\u063a\u0648\u0646\u0627","og_description":"\u0627\u062d\u062a\u0641\u0644\u062a \u0623\u0633\u0648\u0627\u0642 \u062a\u0627\u0631\u0627\u063a\u0648\u0646\u0627 \u064a\u0648\u0645 \u0627\u0644\u0627\u062b\u0646\u064a\u0646 16 \u0645\u0627\u0631\u0633 \u0628\u0630\u0643\u0631\u0649 \u0633\u0646\u0648\u064a\u0629 \u0645\u0632\u062f\u0648\u062c\u0629 \u0645\u0646 \u062e\u0644\u0627\u0644 \u0645\u0628\u0627\u062f\u0631\u0627\u062a \u0645\u062a\u0646\u0648\u0639\u0629 \u0645\u0648\u062c\u0647\u0629 \u0644\u0644\u0645\u0648\u0627\u0637\u0646\u064a\u0646. \u064a\u062d\u064a\u064a \u0627\u0644\u0633\u0648\u0642 \u0627\u0644\u0645\u0631\u0643\u0632\u064a \u0630\u0643\u0631\u0649 \u0645\u0631\u0648\u0631 \u062a\u0633\u0639 \u0633\u0646\u0648\u0627\u062a \u0639\u0644\u0649 \u062a\u0631\u0645\u064a\u0645 \u0627\u0644\u0645\u0628\u0646\u0649\u060c \u0628\u064a\u0646\u0645\u0627 \u064a\u062d\u062a\u0641\u0644 \u0633\u0648\u0642 \u062a\u0648\u0631\u064a\u0641\u0648\u0631\u062a\u0627 \u0628\u0627\u0644\u0630\u0643\u0631\u0649 \u0627\u0644\u0631\u0627\u0628\u0639\u0629 \u0648\u0627\u0644\u0623\u0631\u0628\u0639\u064a\u0646 \u0644\u0627\u0641\u062a\u062a\u0627\u062d\u0647 \u0641\u064a \u0639\u0627\u0645 1982. \u062d\u0641\u0644 \u0645\u0624\u0633\u0633\u064a \u0648\u0645\u0634\u0627\u0631\u0643\u0629 \u0634\u0639\u0628\u064a\u0629 \u0623\u0642\u064a\u0645 \u0627\u0644\u062d\u0641\u0644 \u0627\u0644\u0645\u0624\u0633\u0633\u064a \u0641\u064a \u0627\u0644\u0633\u0648\u0642 \u0627\u0644\u0645\u0631\u0643\u0632\u064a \u0645\u0639 \u0625\u0637\u0641\u0627\u0621 \u0631\u0645\u0632\u064a \u0644\u0644\u0634\u0645\u0648\u0639 \u0628\u062d\u0636\u0648\u0631 \u0645\u0645\u062b\u0644\u064a\u0646 \u0639\u0646 \u0627\u0644\u0645\u0631\u0641\u0642\u064a\u0646 [&hellip;]","og_url":"https:\/\/radiociutat.com\/ar\/%d8%a2%d8%ae%d8%b1-%d8%a7%d9%84%d8%a3%d8%ae%d8%a8%d8%a7%d8%b1\/%d8%aa%d9%82%d8%a7%d8%b1%d9%8a%d8%b1\/%d8%b0%d9%83%d8%b1%d9%89-%d8%b3%d9%86%d9%88%d9%8a%d8%a9-%d9%85%d8%b2%d8%af%d9%88%d8%ac%d8%a9-%d9%81%d9%8a-%d8%a3%d8%b3%d9%88%d8%a7%d9%82-%d8%aa%d8%a7%d8%b1%d8%a7%d8%ba%d9%88%d9%86%d8%a7\/","og_site_name":"R\u00e0dio Ciutat de Tarragona","article_publisher":"https:\/\/www.facebook.com\/rctgn","article_published_time":"2026-03-16T12:28:46+00:00","og_image":[{"width":1170,"height":646,"url":"https:\/\/files.radiociutat.com\/rctgn\/wp-content\/uploads\/2026\/03\/Aniversari-Mercats.jpeg","type":"image\/jpeg"}],"author":"Adri\u00e0 Duch","twitter_card":"summary_large_image","twitter_creator":"@RCTgn","twitter_site":"@RCTgn","twitter_misc":{"\u0643\u064f\u062a\u0628 \u0628\u0648\u0627\u0633\u0637\u0629":"Adri\u00e0 Duch"},"schema":{"@context":"https:\/\/schema.org","@graph":[{"@type":"Article","@id":"https:\/\/radiociutat.com\/ar\/%d8%a2%d8%ae%d8%b1-%d8%a7%d9%84%d8%a3%d8%ae%d8%a8%d8%a7%d8%b1\/%d8%aa%d9%82%d8%a7%d8%b1%d9%8a%d8%b1\/%d8%b0%d9%83%d8%b1%d9%89-%d8%b3%d9%86%d9%88%d9%8a%d8%a9-%d9%85%d8%b2%d8%af%d9%88%d8%ac%d8%a9-%d9%81%d9%8a-%d8%a3%d8%b3%d9%88%d8%a7%d9%82-%d8%aa%d8%a7%d8%b1%d8%a7%d8%ba%d9%88%d9%86%d8%a7\/#article","isPartOf":{"@id":"https:\/\/radiociutat.com\/ar\/%d8%a2%d8%ae%d8%b1-%d8%a7%d9%84%d8%a3%d8%ae%d8%a8%d8%a7%d8%b1\/%d8%aa%d9%82%d8%a7%d8%b1%d9%8a%d8%b1\/%d8%b0%d9%83%d8%b1%d9%89-%d8%b3%d9%86%d9%88%d9%8a%d8%a9-%d9%85%d8%b2%d8%af%d9%88%d8%ac%d8%a9-%d9%81%d9%8a-%d8%a3%d8%b3%d9%88%d8%a7%d9%82-%d8%aa%d8%a7%d8%b1%d8%a7%d8%ba%d9%88%d9%86%d8%a7\/"},"author":{"name":"Adri\u00e0 Duch","@id":"https:\/\/radiociutat.com\/ar\/#\/schema\/person\/daeecbc4942e3432e8d8b8663bf7d714"},"headline":"\u0630\u0643\u0631\u0649 \u0633\u0646\u0648\u064a\u0629 \u0645\u0632\u062f\u0648\u062c\u0629 \u0641\u064a \u0623\u0633\u0648\u0627\u0642 \u062a\u0627\u0631\u0627\u063a\u0648\u0646\u0627","datePublished":"2026-03-16T12:28:46+00:00","mainEntityOfPage":{"@id":"https:\/\/radiociutat.com\/ar\/%d8%a2%d8%ae%d8%b1-%d8%a7%d9%84%d8%a3%d8%ae%d8%a8%d8%a7%d8%b1\/%d8%aa%d9%82%d8%a7%d8%b1%d9%8a%d8%b1\/%d8%b0%d9%83%d8%b1%d9%89-%d8%b3%d9%86%d9%88%d9%8a%d8%a9-%d9%85%d8%b2%d8%af%d9%88%d8%ac%d8%a9-%d9%81%d9%8a-%d8%a3%d8%b3%d9%88%d8%a7%d9%82-%d8%aa%d8%a7%d8%b1%d8%a7%d8%ba%d9%88%d9%86%d8%a7\/"},"wordCount":10,"image":{"@id":"https:\/\/radiociutat.com\/ar\/%d8%a2%d8%ae%d8%b1-%d8%a7%d9%84%d8%a3%d8%ae%d8%a8%d8%a7%d8%b1\/%d8%aa%d9%82%d8%a7%d8%b1%d9%8a%d8%b1\/%d8%b0%d9%83%d8%b1%d9%89-%d8%b3%d9%86%d9%88%d9%8a%d8%a9-%d9%85%d8%b2%d8%af%d9%88%d8%ac%d8%a9-%d9%81%d9%8a-%d8%a3%d8%b3%d9%88%d8%a7%d9%82-%d8%aa%d8%a7%d8%b1%d8%a7%d8%ba%d9%88%d9%86%d8%a7\/#primaryimage"},"thumbnailUrl":"https:\/\/files.radiociutat.com\/rctgn\/wp-content\/uploads\/2026\/03\/Aniversari-Mercats.jpeg","keywords":["aniversari","Tarragona","\u0623\u0633\u0648\u0627\u0642"],"articleSection":["\u062a\u0642\u0627\u0631\u064a\u0631 NOTICIES"],"inLanguage":"ar"},{"@type":"WebPage","@id":"https:\/\/radiociutat.com\/ar\/%d8%a2%d8%ae%d8%b1-%d8%a7%d9%84%d8%a3%d8%ae%d8%a8%d8%a7%d8%b1\/%d8%aa%d9%82%d8%a7%d8%b1%d9%8a%d8%b1\/%d8%b0%d9%83%d8%b1%d9%89-%d8%b3%d9%86%d9%88%d9%8a%d8%a9-%d9%85%d8%b2%d8%af%d9%88%d8%ac%d8%a9-%d9%81%d9%8a-%d8%a3%d8%b3%d9%88%d8%a7%d9%82-%d8%aa%d8%a7%d8%b1%d8%a7%d8%ba%d9%88%d9%86%d8%a7\/","url":"https:\/\/radiociutat.com\/ar\/%d8%a2%d8%ae%d8%b1-%d8%a7%d9%84%d8%a3%d8%ae%d8%a8%d8%a7%d8%b1\/%d8%aa%d9%82%d8%a7%d8%b1%d9%8a%d8%b1\/%d8%b0%d9%83%d8%b1%d9%89-%d8%b3%d9%86%d9%88%d9%8a%d8%a9-%d9%85%d8%b2%d8%af%d9%88%d8%ac%d8%a9-%d9%81%d9%8a-%d8%a3%d8%b3%d9%88%d8%a7%d9%82-%d8%aa%d8%a7%d8%b1%d8%a7%d8%ba%d9%88%d9%86%d8%a7\/","name":"\u0630\u0643\u0631\u0649 \u0633\u0646\u0648\u064a\u0629 \u0645\u0632\u062f\u0648\u062c\u0629 \u0641\u064a \u0623\u0633\u0648\u0627\u0642 \u062a\u0627\u0631\u0627\u063a\u0648\u0646\u0627 - R\u00e0dio Ciutat de Tarragona","isPartOf":{"@id":"https:\/\/radiociutat.com\/ar\/#website"},"primaryImageOfPage":{"@id":"https:\/\/radiociutat.com\/ar\/%d8%a2%d8%ae%d8%b1-%d8%a7%d9%84%d8%a3%d8%ae%d8%a8%d8%a7%d8%b1\/%d8%aa%d9%82%d8%a7%d8%b1%d9%8a%d8%b1\/%d8%b0%d9%83%d8%b1%d9%89-%d8%b3%d9%86%d9%88%d9%8a%d8%a9-%d9%85%d8%b2%d8%af%d9%88%d8%ac%d8%a9-%d9%81%d9%8a-%d8%a3%d8%b3%d9%88%d8%a7%d9%82-%d8%aa%d8%a7%d8%b1%d8%a7%d8%ba%d9%88%d9%86%d8%a7\/#primaryimage"},"image":{"@id":"https:\/\/radiociutat.com\/ar\/%d8%a2%d8%ae%d8%b1-%d8%a7%d9%84%d8%a3%d8%ae%d8%a8%d8%a7%d8%b1\/%d8%aa%d9%82%d8%a7%d8%b1%d9%8a%d8%b1\/%d8%b0%d9%83%d8%b1%d9%89-%d8%b3%d9%86%d9%88%d9%8a%d8%a9-%d9%85%d8%b2%d8%af%d9%88%d8%ac%d8%a9-%d9%81%d9%8a-%d8%a3%d8%b3%d9%88%d8%a7%d9%82-%d8%aa%d8%a7%d8%b1%d8%a7%d8%ba%d9%88%d9%86%d8%a7\/#primaryimage"},"thumbnailUrl":"https:\/\/files.radiociutat.com\/rctgn\/wp-content\/uploads\/2026\/03\/Aniversari-Mercats.jpeg","datePublished":"2026-03-16T12:28:46+00:00","author":{"@id":"https:\/\/radiociutat.com\/ar\/#\/schema\/person\/daeecbc4942e3432e8d8b8663bf7d714"},"breadcrumb":{"@id":"https:\/\/radiociutat.com\/ar\/%d8%a2%d8%ae%d8%b1-%d8%a7%d9%84%d8%a3%d8%ae%d8%a8%d8%a7%d8%b1\/%d8%aa%d9%82%d8%a7%d8%b1%d9%8a%d8%b1\/%d8%b0%d9%83%d8%b1%d9%89-%d8%b3%d9%86%d9%88%d9%8a%d8%a9-%d9%85%d8%b2%d8%af%d9%88%d8%ac%d8%a9-%d9%81%d9%8a-%d8%a3%d8%b3%d9%88%d8%a7%d9%82-%d8%aa%d8%a7%d8%b1%d8%a7%d8%ba%d9%88%d9%86%d8%a7\/#breadcrumb"},"inLanguage":"ar","potentialAction":[{"@type":"ReadAction","target":["https:\/\/radiociutat.com\/ar\/%d8%a2%d8%ae%d8%b1-%d8%a7%d9%84%d8%a3%d8%ae%d8%a8%d8%a7%d8%b1\/%d8%aa%d9%82%d8%a7%d8%b1%d9%8a%d8%b1\/%d8%b0%d9%83%d8%b1%d9%89-%d8%b3%d9%86%d9%88%d9%8a%d8%a9-%d9%85%d8%b2%d8%af%d9%88%d8%ac%d8%a9-%d9%81%d9%8a-%d8%a3%d8%b3%d9%88%d8%a7%d9%82-%d8%aa%d8%a7%d8%b1%d8%a7%d8%ba%d9%88%d9%86%d8%a7\/"]}]},{"@type":"ImageObject","inLanguage":"ar","@id":"https:\/\/radiociutat.com\/ar\/%d8%a2%d8%ae%d8%b1-%d8%a7%d9%84%d8%a3%d8%ae%d8%a8%d8%a7%d8%b1\/%d8%aa%d9%82%d8%a7%d8%b1%d9%8a%d8%b1\/%d8%b0%d9%83%d8%b1%d9%89-%d8%b3%d9%86%d9%88%d9%8a%d8%a9-%d9%85%d8%b2%d8%af%d9%88%d8%ac%d8%a9-%d9%81%d9%8a-%d8%a3%d8%b3%d9%88%d8%a7%d9%82-%d8%aa%d8%a7%d8%b1%d8%a7%d8%ba%d9%88%d9%86%d8%a7\/#primaryimage","url":"https:\/\/files.radiociutat.com\/rctgn\/wp-content\/uploads\/2026\/03\/Aniversari-Mercats.jpeg","contentUrl":"https:\/\/files.radiociutat.com\/rctgn\/wp-content\/uploads\/2026\/03\/Aniversari-Mercats.jpeg","width":1170,"height":646},{"@type":"BreadcrumbList","@id":"https:\/\/radiociutat.com\/ar\/%d8%a2%d8%ae%d8%b1-%d8%a7%d9%84%d8%a3%d8%ae%d8%a8%d8%a7%d8%b1\/%d8%aa%d9%82%d8%a7%d8%b1%d9%8a%d8%b1\/%d8%b0%d9%83%d8%b1%d9%89-%d8%b3%d9%86%d9%88%d9%8a%d8%a9-%d9%85%d8%b2%d8%af%d9%88%d8%ac%d8%a9-%d9%81%d9%8a-%d8%a3%d8%b3%d9%88%d8%a7%d9%82-%d8%aa%d8%a7%d8%b1%d8%a7%d8%ba%d9%88%d9%86%d8%a7\/#breadcrumb","itemListElement":[{"@type":"ListItem","position":1,"name":"Inici","item":"https:\/\/radiociutat.com\/ar\/"},{"@type":"ListItem","position":2,"name":"\u0630\u0643\u0631\u0649 \u0633\u0646\u0648\u064a\u0629 \u0645\u0632\u062f\u0648\u062c\u0629 \u0641\u064a \u0623\u0633\u0648\u0627\u0642 \u062a\u0627\u0631\u0627\u063a\u0648\u0646\u0627"}]},{"@type":"WebSite","@id":"https:\/\/radiociutat.com\/ar\/#website","url":"https:\/\/radiociutat.com\/ar\/","name":"R\u00e0dio Ciutat de Tarragona","description":"R\u00e0dio Ciutat de Tarragona - RCTgn.cat R\u00e0dio Online","potentialAction":[{"@type":"SearchAction","target":{"@type":"EntryPoint","urlTemplate":"https:\/\/radiociutat.com\/ar\/?s={search_term_string}"},"query-input":{"@type":"PropertyValueSpecification","valueRequired":true,"valueName":"search_term_string"}}],"inLanguage":"ar"},{"@type":"Person","@id":"https:\/\/radiociutat.com\/ar\/#\/schema\/person\/daeecbc4942e3432e8d8b8663bf7d714","name":"Adri\u00e0 Duch","sameAs":["https:\/\/radiociutat.com\/wp-content\/uploads\/2024\/02\/ADRIA-DUCH.png"],"url":"https:\/\/radiociutat.com\/ar\/author\/adria-duch\/"}]}},"_links":{"self":[{"href":"https:\/\/radiociutat.com\/ar\/wp-json\/wp\/v2\/posts\/370200","targetHints":{"allow":["GET"]}}],"collection":[{"href":"https:\/\/radiociutat.com\/ar\/wp-json\/wp\/v2\/posts"}],"about":[{"href":"https:\/\/radiociutat.com\/ar\/wp-json\/wp\/v2\/types\/post"}],"author":[{"embeddable":true,"href":"https:\/\/radiociutat.com\/ar\/wp-json\/wp\/v2\/users\/84"}],"replies":[{"embeddable":true,"href":"https:\/\/radiociutat.com\/ar\/wp-json\/wp\/v2\/comments?post=370200"}],"version-history":[{"count":0,"href":"https:\/\/radiociutat.com\/ar\/wp-json\/wp\/v2\/posts\/370200\/revisions"}],"wp:featuredmedia":[{"embeddable":true,"href":"https:\/\/radiociutat.com\/ar\/wp-json\/wp\/v2\/media\/370187"}],"wp:attachment":[{"href":"https:\/\/radiociutat.com\/ar\/wp-json\/wp\/v2\/media?parent=370200"}],"wp:term":[{"taxonomy":"category","embeddable":true,"href":"https:\/\/radiociutat.com\/ar\/wp-json\/wp\/v2\/categories?post=370200"},{"taxonomy":"post_tag","embeddable":true,"href":"https:\/\/radiociutat.com\/ar\/wp-json\/wp\/v2\/tags?post=370200"}],"curies":[{"name":"wp","href":"https:\/\/api.w.org\/{rel}","templated":true}]}}