{"id":369855,"date":"2026-03-11T13:42:47","date_gmt":"2026-03-11T12:42:47","guid":{"rendered":"https:\/\/radiociutat.com\/programes-podcast\/%d8%aa%d8%a7%d8%b1%d8%a7%d8%ba%d9%88%d9%86%d8%a7-%d8%af%d9%8a%d9%84%d9%8a-%d9%81%d8%a7%d9%86%d9%8a%d8%b3%d8%a7-%d9%85%d8%a7%d8%b1%d8%aa%d9%8a%d9%86-%d9%88%d9%84%d9%8a%d8%a7-%d9%83%d8%a7%d9%84%d9%8a\/"},"modified":"2026-03-11T13:42:47","modified_gmt":"2026-03-11T12:42:47","slug":"%d8%aa%d8%a7%d8%b1%d8%a7%d8%ba%d9%88%d9%86%d8%a7-%d8%af%d9%8a%d9%84%d9%8a-%d9%81%d8%a7%d9%86%d9%8a%d8%b3%d8%a7-%d9%85%d8%a7%d8%b1%d8%aa%d9%8a%d9%86-%d9%88%d9%84%d9%8a%d8%a7-%d9%83%d8%a7%d9%84%d9%8a","status":"publish","type":"post","link":"https:\/\/radiociutat.com\/ar\/%d8%aa%d8%a7%d8%b1%d8%a7%d8%ba%d9%88%d9%86%d8%a7-%d8%af%d9%8a%d9%84%d9%8a-%d8%b1%d8%a7%d8%af%d9%8a%d9%88-%d9%85%d8%af%d9%8a%d9%86%d8%a9-%d8%aa%d8%a7%d8%b1%d8%a7%d8%ba%d9%88%d9%86%d8%a7\/%d8%aa%d8%a7%d8%b1%d8%a7%d8%ba%d9%88%d9%86%d8%a7-%d8%af%d9%8a%d9%84%d9%8a-%d9%81%d8%a7%d9%86%d9%8a%d8%b3%d8%a7-%d9%85%d8%a7%d8%b1%d8%aa%d9%8a%d9%86-%d9%88%d9%84%d9%8a%d8%a7-%d9%83%d8%a7%d9%84%d9%8a\/","title":{"rendered":"\u062a\u0627\u0631\u0627\u063a\u0648\u0646\u0627 \u062f\u064a\u0644\u064a | \u0641\u0627\u0646\u064a\u0633\u0627 \u0645\u0627\u0631\u062a\u064a\u0646 \u0648\u0644\u064a\u0627 \u0643\u0627\u0644\u064a\u060c \u0646\u062c\u0645\u062a\u0627 \u0627\u0644\u0646\u0633\u062e\u0629 \u0627\u0644\u062e\u0627\u0645\u0633\u0629 \u0645\u0646 \u0645\u0647\u0631\u062c\u0627\u0646 TETA"},"content":{"rendered":"\n<p>\u0644\u062f\u064a\u0646\u0627 \u0628\u0627\u0644\u0641\u0639\u0644 \u0643\u0644 \u062a\u0641\u0627\u0635\u064a\u0644 \u0645\u0647\u0631\u062c\u0627\u0646 TETA \u0644\u0647\u0630\u0627 \u0627\u0644\u0639\u0627\u0645. \u064a\u0635\u0644 \u0627\u0644\u0645\u0647\u0631\u062c\u0627\u0646 \u0625\u0644\u0649 \u0646\u0633\u062e\u062a\u0647 \u0627\u0644\u062e\u0627\u0645\u0633\u0629 \u0628\u0647\u062f\u0641 \u0627\u0644\u062a\u0623\u0643\u064a\u062f \u0639\u0644\u0649 \u0643\u0648\u0646\u0647 \u0623\u0643\u062b\u0631 \u0628\u0643\u062b\u064a\u0631 \u0645\u0646 \u0645\u062c\u0631\u062f \u0645\u0647\u0631\u062c\u0627\u0646\u060c \u0648\u0644\u064a\u0635\u0628\u062d \u0645\u0634\u0631\u0648\u0639\u0627\u064b \u0644\u0644\u0645\u062f\u064a\u0646\u0629. \u0633\u062a\u0642\u0627\u0645 \u0627\u0644\u0641\u0639\u0627\u0644\u064a\u0629 \u064a\u0648\u0645\u064a 29 \u064830 \u0645\u0627\u064a\u0648 \u0641\u064a \u0645\u0633\u0631\u062d \u0643\u0627\u0645\u0628 \u062f\u064a \u0645\u0627\u0631\u062a (Auditori del Camp de Mart). \u0648\u0645\u0646 \u0623\u0628\u0631\u0632 \u0627\u0644\u0639\u0631\u0648\u0636 \u0641\u064a \u0647\u0630\u0647 \u0627\u0644\u0646\u0633\u062e\u0629 \u0639\u0631\u0636 \u0641\u0627\u0646\u064a\u0633\u0627 \u0645\u0627\u0631\u062a\u064a\u0646 \u0648\u0644\u064a\u0627 \u0643\u0627\u0644\u064a.<\/p>\n\n\n\n<h3 class=\"wp-block-heading\"><a href=\"https:\/\/radiociutat.com\/ultimes-noticies-tarragona\/la-nova-edicio-de-la-primavera-literaria-ja-compta-amb-mes-duna-cinquantena-dactivitats\/\"><strong><em>\u0645\u0647\u0631\u062c\u0627\u0646 \u0627\u0644\u0631\u0628\u064a\u0639 \u0627\u0644\u0623\u062f\u0628\u064a 2026 \u064a\u0636\u0645 \u0628\u0627\u0644\u0641\u0639\u0644 \u0623\u0643\u062b\u0631 \u0645\u0646 \u062e\u0645\u0633\u064a\u0646 \u0646\u0634\u0627\u0637\u0627\u064b<\/em><\/strong><\/a><\/h3>\n\n\n\n<p>\u062a\u0639\u0631\u0641\u0646\u0627 \u0623\u064a\u0636\u0627\u064b \u0639\u0644\u0649 \u0628\u0631\u0646\u0627\u0645\u062c \u0627\u0644\u0631\u0628\u064a\u0639 \u0627\u0644\u0623\u062f\u0628\u064a \u0644\u0647\u0630\u0627 \u0627\u0644\u0639\u0627\u0645 \u0641\u064a \u062a\u0627\u0631\u0627\u063a\u0648\u0646\u0627\u060c \u0648\u0627\u0644\u0630\u064a \u064a\u0636\u0645 \u062d\u0648\u0627\u0644\u064a \u062e\u0645\u0633\u064a\u0646 \u0646\u0634\u0627\u0637\u0627\u064b\u060c \u0628\u0627\u0644\u0625\u0636\u0627\u0641\u0629 \u0625\u0644\u0649 \u0627\u0644\u0623\u0646\u0634\u0637\u0629 \u0627\u0644\u062a\u064a \u0633\u062a\u062a\u0645 \u0625\u0636\u0627\u0641\u062a\u0647\u0627 \u0641\u064a \u0627\u0644\u0623\u0634\u0647\u0631 \u0627\u0644\u0645\u0642\u0628\u0644\u0629\u060c \u062d\u064a\u062b \u0623\u0646\u0647 \u0643\u0645\u0627 \u0641\u064a \u0627\u0644\u0646\u0633\u062e \u0627\u0644\u0633\u0627\u0628\u0642\u0629\u060c \u064a\u0639\u062a\u0628\u0631 \u0628\u0631\u0646\u0627\u0645\u062c\u0627\u064b \u0645\u0641\u062a\u0648\u062d\u0627\u064b. \u0633\u062a\u0643\u0648\u0646 \u0647\u0630\u0647 \u0646\u0633\u062e\u0629 \u062e\u0627\u0635\u0629 \u0644\u0623\u0646\u0647\u0627 \u062a\u062a\u0632\u0627\u0645\u0646 \u0645\u0639 \u0627\u0644\u0630\u0643\u0631\u0649 \u0627\u0644\u062a\u0633\u0639\u064a\u0646 \u0644\u0645\u064a\u0644\u0627\u062f \u0627\u0644\u0643\u0627\u062a\u0628\u0629 \u0623\u0648\u0644\u063a\u0627 \u0634\u064a\u0631\u064a\u0646\u0627\u0643\u0633.<\/p>\n\n\n\n<h3 class=\"wp-block-heading\" id=\"h-l-ajuntament-de-tarragona-impulsa-la-fp-dual-amb-un-acord-amb-vuit-instituts-del-territori\"><em><a href=\"https:\/\/radiociutat.com\/ultimes-noticies-tarragona\/croniques-actualitat\/lajuntament-de-tarragona-impulsa-la-fp-dual-amb-un-acord-amb-vuit-instituts-del-territori\/\"><strong>\u0628\u0644\u062f\u064a\u0629 \u062a\u0627\u0631\u0627\u063a\u0648\u0646\u0627 \u062a\u0639\u0632\u0632 \u0627\u0644\u062a\u0643\u0648\u064a\u0646 \u0627\u0644\u0645\u0647\u0646\u064a \u0627\u0644\u0645\u0632\u062f\u0648\u062c \u0628\u0627\u062a\u0641\u0627\u0642\u064a\u0629 \u0645\u0639 \u062b\u0645\u0627\u0646\u064a\u0629 \u0645\u0639\u0627\u0647\u062f \u0641\u064a \u0627\u0644\u0645\u0646\u0637\u0642\u0629<\/strong><\/a><\/em><\/h3>\n\n\n\n<p>\u0627\u0633\u062a\u0636\u0627\u0641\u062a \u0628\u0644\u062f\u064a\u0629 \u062a\u0627\u0631\u0627\u063a\u0648\u0646\u0627 \u062a\u0648\u0642\u064a\u0639 \u0627\u062a\u0641\u0627\u0642\u064a\u0629 \u0644\u062a\u0639\u0632\u064a\u0632 \u0627\u0644\u062a\u0643\u0648\u064a\u0646 \u0627\u0644\u0645\u0647\u0646\u064a \u0627\u0644\u0645\u0632\u062f\u0648\u062c \u0645\u0639 \u0639\u062f\u0629 \u0645\u0639\u0627\u0647\u062f \u0641\u064a \u0627\u0644\u0645\u0646\u0637\u0642\u0629\u060c \u0628\u0647\u062f\u0641 \u062a\u0639\u0632\u064a\u0632 \u0627\u0644\u0631\u0648\u0627\u0628\u0637 \u0628\u064a\u0646 \u0627\u0644\u062a\u0643\u0648\u064a\u0646 \u0627\u0644\u0623\u0643\u0627\u062f\u064a\u0645\u064a \u0648\u0639\u0627\u0644\u0645 \u0627\u0644\u0639\u0645\u0644.<\/p>\n\n\n\n<h3 class=\"wp-block-heading\" id=\"h-paneque-veu-indispensable-la-mat-entre-arago-i-tarragona\"><a href=\"https:\/\/radiociutat.com\/ultimes-noticies-tarragona\/croniques-actualitat\/paneque-veu-indispensable-la-mat-entre-arago-i-tarragona-tot-i-que-les-allegacions-poden-millorar-el-projecte\/\"><em><strong>\u0628\u0627\u0646\u064a\u0643\u064a \u062a\u0631\u0649 \u0623\u0646 \u062e\u0637 \u0627\u0644\u062c\u0647\u062f \u0627\u0644\u0639\u0627\u0644\u064a \u062c\u062f\u0627\u064b (MAT) \u0628\u064a\u0646 \u0623\u0631\u0627\u063a\u0648\u0646 \u0648\u062a\u0627\u0631\u0627\u063a\u0648\u0646\u0627 &#8220;\u0636\u0631\u0648\u0631\u064a&#8221;<\/strong><\/em><\/a><\/h3>\n\n\n\n<p>\u0648\u0635\u0641\u062a \u0645\u0633\u062a\u0634\u0627\u0631\u0629 \u0627\u0644\u0625\u0642\u0644\u064a\u0645 \u0648\u0627\u0644\u0627\u0633\u062a\u062f\u0627\u0645\u0629\u060c \u0633\u064a\u0644\u0641\u064a\u0627 \u0628\u0627\u0646\u064a\u0643\u064a\u060c \u062e\u0637 \u0627\u0644\u062c\u0647\u062f \u0627\u0644\u0639\u0627\u0644\u064a \u062c\u062f\u0627\u064b \u0628\u064a\u0646 \u0623\u0631\u0627\u063a\u0648\u0646 \u0648\u062a\u0627\u0631\u0627\u063a\u0648\u0646\u0627 \u0628\u0623\u0646\u0647 &#8220;\u0636\u0631\u0648\u0631\u064a&#8221;. \u0648\u0645\u0639 \u0630\u0644\u0643\u060c \u0623\u0636\u0627\u0641\u062a \u0623\u0646 \u0623\u0643\u062b\u0631 \u0645\u0646 14,400 \u0627\u0639\u062a\u0631\u0627\u0636 \u0642\u062f\u0645\u062a\u0647\u0627 \u0627\u0644\u0647\u064a\u0626\u0627\u062a \u0648\u0627\u0644\u0645\u0646\u0635\u0627\u062a \u0648\u0627\u0644\u0628\u0644\u062f\u064a\u0627\u062a \u0648\u0627\u0644\u0623\u0641\u0631\u0627\u062f \u0627\u0644\u0645\u062a\u0636\u0631\u0631\u064a\u0646 &#8220;\u064a\u0645\u0643\u0646 \u0623\u0646 \u062a\u062d\u0633\u0646 \u0627\u0644\u0645\u0634\u0631\u0648\u0639&#8221;.<\/p>\n\n\n\n<h3 class=\"wp-block-heading\" id=\"h-tarragona-celebra-la-5a-edicio-de-l-easter-egg-hunt\"><a href=\"https:\/\/radiociutat.com\/ultimes-noticies-tarragona\/tarragona-celebra-la-5a-edicio-de-leaster-egg-hunt\/\"><em><strong>\u062a\u0627\u0631\u0627\u063a\u0648\u0646\u0627 \u062a\u062d\u062a\u0641\u0644 \u0628\u0627\u0644\u0646\u0633\u062e\u0629 \u0627\u0644\u062e\u0627\u0645\u0633\u0629 \u0645\u0646 \u0641\u0639\u0627\u0644\u064a\u0629 \u0627\u0644\u0628\u062d\u062b \u0639\u0646 \u0628\u064a\u0636 \u0627\u0644\u0641\u0635\u062d (Easter Egg Hunt)<\/strong><\/em><\/a><\/h3>\n\n\n\n<p>\u062a\u0633\u062a\u0639\u062f \u0645\u062f\u064a\u0646\u0629 \u062a\u0627\u0631\u0627\u063a\u0648\u0646\u0627 \u0644\u062a\u0639\u064a\u0634 \u0646\u0633\u062e\u0629 \u062c\u062f\u064a\u062f\u0629 \u0645\u0646 \u0641\u0639\u0627\u0644\u064a\u0629 Easter Egg Hunt. \u0647\u0630\u0647 \u0645\u0628\u0627\u062f\u0631\u0629 \u0639\u0627\u0626\u0644\u064a\u0629 \u062a\u062d\u062a\u0641\u0644 \u0647\u0630\u0627 \u0627\u0644\u0639\u0627\u0645 \u0628\u0646\u0633\u062e\u062a\u0647\u0627 \u0627\u0644\u062e\u0627\u0645\u0633\u0629 \u0648\u062a\u062c\u0645\u0639 \u0628\u064a\u0646 \u0627\u0644\u062a\u062c\u0627\u0631\u0629 \u0648\u0627\u0644\u0623\u0646\u0634\u0637\u0629 \u0627\u0644\u0645\u062e\u0635\u0635\u0629 \u0644\u0644\u0623\u0637\u0641\u0627\u0644 \u0648\u062a\u0642\u0627\u0644\u064a\u062f \u0639\u064a\u062f \u0627\u0644\u0641\u0635\u062d.<\/p>\n","protected":false},"excerpt":{"rendered":"<p>\u0644\u062f\u064a\u0646\u0627 \u0628\u0627\u0644\u0641\u0639\u0644 \u0643\u0644 \u062a\u0641\u0627\u0635\u064a\u0644 \u0645\u0647\u0631\u062c\u0627\u0646 TETA \u0644\u0647\u0630\u0627 \u0627\u0644\u0639\u0627\u0645. \u064a\u0635\u0644 \u0627\u0644\u0645\u0647\u0631\u062c\u0627\u0646 \u0625\u0644\u0649 \u0646\u0633\u062e\u062a\u0647 \u0627\u0644\u062e\u0627\u0645\u0633\u0629 \u0628\u0647\u062f\u0641 \u0627\u0644\u062a\u0623\u0643\u064a\u062f \u0639\u0644\u0649 \u0643\u0648\u0646\u0647 \u0623\u0643\u062b\u0631 \u0628\u0643\u062b\u064a\u0631 \u0645\u0646 \u0645\u062c\u0631\u062f \u0645\u0647\u0631\u062c\u0627\u0646\u060c \u0648\u0644\u064a\u0635\u0628\u062d \u0645\u0634\u0631\u0648\u0639\u0627\u064b \u0644\u0644\u0645\u062f\u064a\u0646\u0629. \u0633\u062a\u0642\u0627\u0645 \u0627\u0644\u0641\u0639\u0627\u0644\u064a\u0629 \u064a\u0648\u0645\u064a 29 \u064830 \u0645\u0627\u064a\u0648 \u0641\u064a \u0645\u0633\u0631\u062d \u0643\u0627\u0645\u0628 \u062f\u064a \u0645\u0627\u0631\u062a (Auditori del Camp de Mart). \u0648\u0645\u0646 \u0623\u0628\u0631\u0632 \u0627\u0644\u0639\u0631\u0648\u0636 \u0641\u064a \u0647\u0630\u0647 \u0627\u0644\u0646\u0633\u062e\u0629 \u0639\u0631\u0636 \u0641\u0627\u0646\u064a\u0633\u0627 \u0645\u0627\u0631\u062a\u064a\u0646 \u0648\u0644\u064a\u0627 \u0643\u0627\u0644\u064a. \u0645\u0647\u0631\u062c\u0627\u0646 \u0627\u0644\u0631\u0628\u064a\u0639 \u0627\u0644\u0623\u062f\u0628\u064a [&hellip;]<\/p>\n","protected":false},"author":33,"featured_media":368927,"comment_status":"closed","ping_status":"closed","sticky":false,"template":"","format":"standard","meta":{"footnotes":""},"categories":[13789],"tags":[128,13944,13951,260,19,218,13952,13790],"class_list":["post-369855","post","type-post","status-publish","format-standard","has-post-thumbnail","hentry","category-13789","tag-actualitat","tag-festival-teta","tag-lia-kali","tag-noticies","tag-tarragona","tag-tgn","tag-vanesa-martin-2","tag-13790"],"yoast_head":"<!-- This site is optimized with the Yoast SEO Premium plugin v27.4 (Yoast SEO v27.5) - https:\/\/yoast.com\/product\/yoast-seo-premium-wordpress\/ -->\n<title>\u062a\u0627\u0631\u0627\u063a\u0648\u0646\u0627 \u062f\u064a\u0644\u064a | \u0641\u0627\u0646\u064a\u0633\u0627 \u0645\u0627\u0631\u062a\u064a\u0646 \u0648\u0644\u064a\u0627 \u0643\u0627\u0644\u064a\u060c \u0646\u062c\u0645\u062a\u0627 \u0627\u0644\u0646\u0633\u062e\u0629 \u0627\u0644\u062e\u0627\u0645\u0633\u0629 \u0645\u0646 \u0645\u0647\u0631\u062c\u0627\u0646 TETA - R\u00e0dio Ciutat de Tarragona<\/title>\n<meta name=\"robots\" content=\"index, follow, max-snippet:-1, max-image-preview:large, max-video-preview:-1\" \/>\n<link rel=\"canonical\" href=\"https:\/\/radiociutat.com\/ar\/%d8%aa%d8%a7%d8%b1%d8%a7%d8%ba%d9%88%d9%86%d8%a7-%d8%af%d9%8a%d9%84%d9%8a-%d8%b1%d8%a7%d8%af%d9%8a%d9%88-%d9%85%d8%af%d9%8a%d9%86%d8%a9-%d8%aa%d8%a7%d8%b1%d8%a7%d8%ba%d9%88%d9%86%d8%a7\/%d8%aa%d8%a7%d8%b1%d8%a7%d8%ba%d9%88%d9%86%d8%a7-%d8%af%d9%8a%d9%84%d9%8a-%d9%81%d8%a7%d9%86%d9%8a%d8%b3%d8%a7-%d9%85%d8%a7%d8%b1%d8%aa%d9%8a%d9%86-%d9%88%d9%84%d9%8a%d8%a7-%d9%83%d8%a7%d9%84%d9%8a\/\" \/>\n<meta property=\"og:locale\" content=\"ar_AR\" \/>\n<meta property=\"og:type\" content=\"article\" \/>\n<meta property=\"og:title\" content=\"\u062a\u0627\u0631\u0627\u063a\u0648\u0646\u0627 \u062f\u064a\u0644\u064a | \u0641\u0627\u0646\u064a\u0633\u0627 \u0645\u0627\u0631\u062a\u064a\u0646 \u0648\u0644\u064a\u0627 \u0643\u0627\u0644\u064a\u060c \u0646\u062c\u0645\u062a\u0627 \u0627\u0644\u0646\u0633\u062e\u0629 \u0627\u0644\u062e\u0627\u0645\u0633\u0629 \u0645\u0646 \u0645\u0647\u0631\u062c\u0627\u0646 TETA\" \/>\n<meta property=\"og:description\" content=\"\u0644\u062f\u064a\u0646\u0627 \u0628\u0627\u0644\u0641\u0639\u0644 \u0643\u0644 \u062a\u0641\u0627\u0635\u064a\u0644 \u0645\u0647\u0631\u062c\u0627\u0646 TETA \u0644\u0647\u0630\u0627 \u0627\u0644\u0639\u0627\u0645. \u064a\u0635\u0644 \u0627\u0644\u0645\u0647\u0631\u062c\u0627\u0646 \u0625\u0644\u0649 \u0646\u0633\u062e\u062a\u0647 \u0627\u0644\u062e\u0627\u0645\u0633\u0629 \u0628\u0647\u062f\u0641 \u0627\u0644\u062a\u0623\u0643\u064a\u062f \u0639\u0644\u0649 \u0643\u0648\u0646\u0647 \u0623\u0643\u062b\u0631 \u0628\u0643\u062b\u064a\u0631 \u0645\u0646 \u0645\u062c\u0631\u062f \u0645\u0647\u0631\u062c\u0627\u0646\u060c \u0648\u0644\u064a\u0635\u0628\u062d \u0645\u0634\u0631\u0648\u0639\u0627\u064b \u0644\u0644\u0645\u062f\u064a\u0646\u0629. \u0633\u062a\u0642\u0627\u0645 \u0627\u0644\u0641\u0639\u0627\u0644\u064a\u0629 \u064a\u0648\u0645\u064a 29 \u064830 \u0645\u0627\u064a\u0648 \u0641\u064a \u0645\u0633\u0631\u062d \u0643\u0627\u0645\u0628 \u062f\u064a \u0645\u0627\u0631\u062a (Auditori del Camp de Mart). \u0648\u0645\u0646 \u0623\u0628\u0631\u0632 \u0627\u0644\u0639\u0631\u0648\u0636 \u0641\u064a \u0647\u0630\u0647 \u0627\u0644\u0646\u0633\u062e\u0629 \u0639\u0631\u0636 \u0641\u0627\u0646\u064a\u0633\u0627 \u0645\u0627\u0631\u062a\u064a\u0646 \u0648\u0644\u064a\u0627 \u0643\u0627\u0644\u064a. \u0645\u0647\u0631\u062c\u0627\u0646 \u0627\u0644\u0631\u0628\u064a\u0639 \u0627\u0644\u0623\u062f\u0628\u064a [&hellip;]\" \/>\n<meta property=\"og:url\" content=\"https:\/\/radiociutat.com\/ar\/%d8%aa%d8%a7%d8%b1%d8%a7%d8%ba%d9%88%d9%86%d8%a7-%d8%af%d9%8a%d9%84%d9%8a-%d8%b1%d8%a7%d8%af%d9%8a%d9%88-%d9%85%d8%af%d9%8a%d9%86%d8%a9-%d8%aa%d8%a7%d8%b1%d8%a7%d8%ba%d9%88%d9%86%d8%a7\/%d8%aa%d8%a7%d8%b1%d8%a7%d8%ba%d9%88%d9%86%d8%a7-%d8%af%d9%8a%d9%84%d9%8a-%d9%81%d8%a7%d9%86%d9%8a%d8%b3%d8%a7-%d9%85%d8%a7%d8%b1%d8%aa%d9%8a%d9%86-%d9%88%d9%84%d9%8a%d8%a7-%d9%83%d8%a7%d9%84%d9%8a\/\" \/>\n<meta property=\"og:site_name\" content=\"R\u00e0dio Ciutat de Tarragona\" \/>\n<meta property=\"article:publisher\" content=\"https:\/\/www.facebook.com\/rctgn\" \/>\n<meta property=\"article:published_time\" content=\"2026-03-11T12:42:47+00:00\" \/>\n<meta property=\"og:image\" content=\"https:\/\/files.radiociutat.com\/rctgn\/wp-content\/uploads\/2021\/03\/LOGO-RCTGN-RADIO-CIUTAT-DE-TARRAGONA-TRANSPARENTE-TARRAGONA-2020-3000X3000-Redes1-copia.png\" \/>\n\t<meta property=\"og:image:width\" content=\"3000\" \/>\n\t<meta property=\"og:image:height\" content=\"3000\" \/>\n\t<meta property=\"og:image:type\" content=\"image\/png\" \/>\n<meta name=\"author\" content=\"Adri\u00e0 Tella\" \/>\n<meta name=\"twitter:card\" content=\"summary_large_image\" \/>\n<meta name=\"twitter:creator\" content=\"@RCTgn\" \/>\n<meta name=\"twitter:site\" content=\"@RCTgn\" \/>\n<meta name=\"twitter:label1\" content=\"\u0643\u064f\u062a\u0628 \u0628\u0648\u0627\u0633\u0637\u0629\" \/>\n\t<meta name=\"twitter:data1\" content=\"Adri\u00e0 Tella\" \/>\n<script type=\"application\/ld+json\" class=\"yoast-schema-graph\">{\"@context\":\"https:\\\/\\\/schema.org\",\"@graph\":[{\"@type\":\"Article\",\"@id\":\"https:\\\/\\\/radiociutat.com\\\/ar\\\/%d8%aa%d8%a7%d8%b1%d8%a7%d8%ba%d9%88%d9%86%d8%a7-%d8%af%d9%8a%d9%84%d9%8a-%d8%b1%d8%a7%d8%af%d9%8a%d9%88-%d9%85%d8%af%d9%8a%d9%86%d8%a9-%d8%aa%d8%a7%d8%b1%d8%a7%d8%ba%d9%88%d9%86%d8%a7\\\/%d8%aa%d8%a7%d8%b1%d8%a7%d8%ba%d9%88%d9%86%d8%a7-%d8%af%d9%8a%d9%84%d9%8a-%d9%81%d8%a7%d9%86%d9%8a%d8%b3%d8%a7-%d9%85%d8%a7%d8%b1%d8%aa%d9%8a%d9%86-%d9%88%d9%84%d9%8a%d8%a7-%d9%83%d8%a7%d9%84%d9%8a\\\/#article\",\"isPartOf\":{\"@id\":\"https:\\\/\\\/radiociutat.com\\\/ar\\\/%d8%aa%d8%a7%d8%b1%d8%a7%d8%ba%d9%88%d9%86%d8%a7-%d8%af%d9%8a%d9%84%d9%8a-%d8%b1%d8%a7%d8%af%d9%8a%d9%88-%d9%85%d8%af%d9%8a%d9%86%d8%a9-%d8%aa%d8%a7%d8%b1%d8%a7%d8%ba%d9%88%d9%86%d8%a7\\\/%d8%aa%d8%a7%d8%b1%d8%a7%d8%ba%d9%88%d9%86%d8%a7-%d8%af%d9%8a%d9%84%d9%8a-%d9%81%d8%a7%d9%86%d9%8a%d8%b3%d8%a7-%d9%85%d8%a7%d8%b1%d8%aa%d9%8a%d9%86-%d9%88%d9%84%d9%8a%d8%a7-%d9%83%d8%a7%d9%84%d9%8a\\\/\"},\"author\":{\"name\":\"Adri\u00e0 Tella\",\"@id\":\"https:\\\/\\\/radiociutat.com\\\/ar\\\/#\\\/schema\\\/person\\\/3086c6cfd718c2c9cb3329ff2a2ed197\"},\"headline\":\"\u062a\u0627\u0631\u0627\u063a\u0648\u0646\u0627 \u062f\u064a\u0644\u064a | \u0641\u0627\u0646\u064a\u0633\u0627 \u0645\u0627\u0631\u062a\u064a\u0646 \u0648\u0644\u064a\u0627 \u0643\u0627\u0644\u064a\u060c \u0646\u062c\u0645\u062a\u0627 \u0627\u0644\u0646\u0633\u062e\u0629 \u0627\u0644\u062e\u0627\u0645\u0633\u0629 \u0645\u0646 \u0645\u0647\u0631\u062c\u0627\u0646 TETA\",\"datePublished\":\"2026-03-11T12:42:47+00:00\",\"mainEntityOfPage\":{\"@id\":\"https:\\\/\\\/radiociutat.com\\\/ar\\\/%d8%aa%d8%a7%d8%b1%d8%a7%d8%ba%d9%88%d9%86%d8%a7-%d8%af%d9%8a%d9%84%d9%8a-%d8%b1%d8%a7%d8%af%d9%8a%d9%88-%d9%85%d8%af%d9%8a%d9%86%d8%a9-%d8%aa%d8%a7%d8%b1%d8%a7%d8%ba%d9%88%d9%86%d8%a7\\\/%d8%aa%d8%a7%d8%b1%d8%a7%d8%ba%d9%88%d9%86%d8%a7-%d8%af%d9%8a%d9%84%d9%8a-%d9%81%d8%a7%d9%86%d9%8a%d8%b3%d8%a7-%d9%85%d8%a7%d8%b1%d8%aa%d9%8a%d9%86-%d9%88%d9%84%d9%8a%d8%a7-%d9%83%d8%a7%d9%84%d9%8a\\\/\"},\"wordCount\":14,\"image\":{\"@id\":\"https:\\\/\\\/radiociutat.com\\\/ar\\\/%d8%aa%d8%a7%d8%b1%d8%a7%d8%ba%d9%88%d9%86%d8%a7-%d8%af%d9%8a%d9%84%d9%8a-%d8%b1%d8%a7%d8%af%d9%8a%d9%88-%d9%85%d8%af%d9%8a%d9%86%d8%a9-%d8%aa%d8%a7%d8%b1%d8%a7%d8%ba%d9%88%d9%86%d8%a7\\\/%d8%aa%d8%a7%d8%b1%d8%a7%d8%ba%d9%88%d9%86%d8%a7-%d8%af%d9%8a%d9%84%d9%8a-%d9%81%d8%a7%d9%86%d9%8a%d8%b3%d8%a7-%d9%85%d8%a7%d8%b1%d8%aa%d9%8a%d9%86-%d9%88%d9%84%d9%8a%d8%a7-%d9%83%d8%a7%d9%84%d9%8a\\\/#primaryimage\"},\"thumbnailUrl\":\"https:\\\/\\\/files.radiociutat.com\\\/rctgn\\\/wp-content\\\/uploads\\\/2026\\\/03\\\/Festival-TETA-2026-e1773233127540.jpg\",\"keywords\":[\"Actualitat\",\"Festival Teta\",\"Lia Kali\",\"not\u00edcies\",\"Tarragona\",\"TGN\",\"Vanesa Martin\",\"\u062f\u064a\u0644\u064a\"],\"articleSection\":[\"\u062a\u0627\u0631\u0627\u063a\u0648\u0646\u0627 \u062f\u064a\u0644\u064a - \u0631\u0627\u062f\u064a\u0648 \u0645\u062f\u064a\u0646\u0629 \u062a\u0627\u0631\u0627\u063a\u0648\u0646\u0627\"],\"inLanguage\":\"ar\"},{\"@type\":\"WebPage\",\"@id\":\"https:\\\/\\\/radiociutat.com\\\/ar\\\/%d8%aa%d8%a7%d8%b1%d8%a7%d8%ba%d9%88%d9%86%d8%a7-%d8%af%d9%8a%d9%84%d9%8a-%d8%b1%d8%a7%d8%af%d9%8a%d9%88-%d9%85%d8%af%d9%8a%d9%86%d8%a9-%d8%aa%d8%a7%d8%b1%d8%a7%d8%ba%d9%88%d9%86%d8%a7\\\/%d8%aa%d8%a7%d8%b1%d8%a7%d8%ba%d9%88%d9%86%d8%a7-%d8%af%d9%8a%d9%84%d9%8a-%d9%81%d8%a7%d9%86%d9%8a%d8%b3%d8%a7-%d9%85%d8%a7%d8%b1%d8%aa%d9%8a%d9%86-%d9%88%d9%84%d9%8a%d8%a7-%d9%83%d8%a7%d9%84%d9%8a\\\/\",\"url\":\"https:\\\/\\\/radiociutat.com\\\/ar\\\/%d8%aa%d8%a7%d8%b1%d8%a7%d8%ba%d9%88%d9%86%d8%a7-%d8%af%d9%8a%d9%84%d9%8a-%d8%b1%d8%a7%d8%af%d9%8a%d9%88-%d9%85%d8%af%d9%8a%d9%86%d8%a9-%d8%aa%d8%a7%d8%b1%d8%a7%d8%ba%d9%88%d9%86%d8%a7\\\/%d8%aa%d8%a7%d8%b1%d8%a7%d8%ba%d9%88%d9%86%d8%a7-%d8%af%d9%8a%d9%84%d9%8a-%d9%81%d8%a7%d9%86%d9%8a%d8%b3%d8%a7-%d9%85%d8%a7%d8%b1%d8%aa%d9%8a%d9%86-%d9%88%d9%84%d9%8a%d8%a7-%d9%83%d8%a7%d9%84%d9%8a\\\/\",\"name\":\"\u062a\u0627\u0631\u0627\u063a\u0648\u0646\u0627 \u062f\u064a\u0644\u064a | \u0641\u0627\u0646\u064a\u0633\u0627 \u0645\u0627\u0631\u062a\u064a\u0646 \u0648\u0644\u064a\u0627 \u0643\u0627\u0644\u064a\u060c \u0646\u062c\u0645\u062a\u0627 \u0627\u0644\u0646\u0633\u062e\u0629 \u0627\u0644\u062e\u0627\u0645\u0633\u0629 \u0645\u0646 \u0645\u0647\u0631\u062c\u0627\u0646 TETA - R\u00e0dio Ciutat de Tarragona\",\"isPartOf\":{\"@id\":\"https:\\\/\\\/radiociutat.com\\\/ar\\\/#website\"},\"primaryImageOfPage\":{\"@id\":\"https:\\\/\\\/radiociutat.com\\\/ar\\\/%d8%aa%d8%a7%d8%b1%d8%a7%d8%ba%d9%88%d9%86%d8%a7-%d8%af%d9%8a%d9%84%d9%8a-%d8%b1%d8%a7%d8%af%d9%8a%d9%88-%d9%85%d8%af%d9%8a%d9%86%d8%a9-%d8%aa%d8%a7%d8%b1%d8%a7%d8%ba%d9%88%d9%86%d8%a7\\\/%d8%aa%d8%a7%d8%b1%d8%a7%d8%ba%d9%88%d9%86%d8%a7-%d8%af%d9%8a%d9%84%d9%8a-%d9%81%d8%a7%d9%86%d9%8a%d8%b3%d8%a7-%d9%85%d8%a7%d8%b1%d8%aa%d9%8a%d9%86-%d9%88%d9%84%d9%8a%d8%a7-%d9%83%d8%a7%d9%84%d9%8a\\\/#primaryimage\"},\"image\":{\"@id\":\"https:\\\/\\\/radiociutat.com\\\/ar\\\/%d8%aa%d8%a7%d8%b1%d8%a7%d8%ba%d9%88%d9%86%d8%a7-%d8%af%d9%8a%d9%84%d9%8a-%d8%b1%d8%a7%d8%af%d9%8a%d9%88-%d9%85%d8%af%d9%8a%d9%86%d8%a9-%d8%aa%d8%a7%d8%b1%d8%a7%d8%ba%d9%88%d9%86%d8%a7\\\/%d8%aa%d8%a7%d8%b1%d8%a7%d8%ba%d9%88%d9%86%d8%a7-%d8%af%d9%8a%d9%84%d9%8a-%d9%81%d8%a7%d9%86%d9%8a%d8%b3%d8%a7-%d9%85%d8%a7%d8%b1%d8%aa%d9%8a%d9%86-%d9%88%d9%84%d9%8a%d8%a7-%d9%83%d8%a7%d9%84%d9%8a\\\/#primaryimage\"},\"thumbnailUrl\":\"https:\\\/\\\/files.radiociutat.com\\\/rctgn\\\/wp-content\\\/uploads\\\/2026\\\/03\\\/Festival-TETA-2026-e1773233127540.jpg\",\"datePublished\":\"2026-03-11T12:42:47+00:00\",\"author\":{\"@id\":\"https:\\\/\\\/radiociutat.com\\\/ar\\\/#\\\/schema\\\/person\\\/3086c6cfd718c2c9cb3329ff2a2ed197\"},\"breadcrumb\":{\"@id\":\"https:\\\/\\\/radiociutat.com\\\/ar\\\/%d8%aa%d8%a7%d8%b1%d8%a7%d8%ba%d9%88%d9%86%d8%a7-%d8%af%d9%8a%d9%84%d9%8a-%d8%b1%d8%a7%d8%af%d9%8a%d9%88-%d9%85%d8%af%d9%8a%d9%86%d8%a9-%d8%aa%d8%a7%d8%b1%d8%a7%d8%ba%d9%88%d9%86%d8%a7\\\/%d8%aa%d8%a7%d8%b1%d8%a7%d8%ba%d9%88%d9%86%d8%a7-%d8%af%d9%8a%d9%84%d9%8a-%d9%81%d8%a7%d9%86%d9%8a%d8%b3%d8%a7-%d9%85%d8%a7%d8%b1%d8%aa%d9%8a%d9%86-%d9%88%d9%84%d9%8a%d8%a7-%d9%83%d8%a7%d9%84%d9%8a\\\/#breadcrumb\"},\"inLanguage\":\"ar\",\"potentialAction\":[{\"@type\":\"ReadAction\",\"target\":[\"https:\\\/\\\/radiociutat.com\\\/ar\\\/%d8%aa%d8%a7%d8%b1%d8%a7%d8%ba%d9%88%d9%86%d8%a7-%d8%af%d9%8a%d9%84%d9%8a-%d8%b1%d8%a7%d8%af%d9%8a%d9%88-%d9%85%d8%af%d9%8a%d9%86%d8%a9-%d8%aa%d8%a7%d8%b1%d8%a7%d8%ba%d9%88%d9%86%d8%a7\\\/%d8%aa%d8%a7%d8%b1%d8%a7%d8%ba%d9%88%d9%86%d8%a7-%d8%af%d9%8a%d9%84%d9%8a-%d9%81%d8%a7%d9%86%d9%8a%d8%b3%d8%a7-%d9%85%d8%a7%d8%b1%d8%aa%d9%8a%d9%86-%d9%88%d9%84%d9%8a%d8%a7-%d9%83%d8%a7%d9%84%d9%8a\\\/\"]}]},{\"@type\":\"ImageObject\",\"inLanguage\":\"ar\",\"@id\":\"https:\\\/\\\/radiociutat.com\\\/ar\\\/%d8%aa%d8%a7%d8%b1%d8%a7%d8%ba%d9%88%d9%86%d8%a7-%d8%af%d9%8a%d9%84%d9%8a-%d8%b1%d8%a7%d8%af%d9%8a%d9%88-%d9%85%d8%af%d9%8a%d9%86%d8%a9-%d8%aa%d8%a7%d8%b1%d8%a7%d8%ba%d9%88%d9%86%d8%a7\\\/%d8%aa%d8%a7%d8%b1%d8%a7%d8%ba%d9%88%d9%86%d8%a7-%d8%af%d9%8a%d9%84%d9%8a-%d9%81%d8%a7%d9%86%d9%8a%d8%b3%d8%a7-%d9%85%d8%a7%d8%b1%d8%aa%d9%8a%d9%86-%d9%88%d9%84%d9%8a%d8%a7-%d9%83%d8%a7%d9%84%d9%8a\\\/#primaryimage\",\"url\":\"https:\\\/\\\/files.radiociutat.com\\\/rctgn\\\/wp-content\\\/uploads\\\/2026\\\/03\\\/Festival-TETA-2026-e1773233127540.jpg\",\"contentUrl\":\"https:\\\/\\\/files.radiociutat.com\\\/rctgn\\\/wp-content\\\/uploads\\\/2026\\\/03\\\/Festival-TETA-2026-e1773233127540.jpg\",\"width\":1500,\"height\":1000},{\"@type\":\"BreadcrumbList\",\"@id\":\"https:\\\/\\\/radiociutat.com\\\/ar\\\/%d8%aa%d8%a7%d8%b1%d8%a7%d8%ba%d9%88%d9%86%d8%a7-%d8%af%d9%8a%d9%84%d9%8a-%d8%b1%d8%a7%d8%af%d9%8a%d9%88-%d9%85%d8%af%d9%8a%d9%86%d8%a9-%d8%aa%d8%a7%d8%b1%d8%a7%d8%ba%d9%88%d9%86%d8%a7\\\/%d8%aa%d8%a7%d8%b1%d8%a7%d8%ba%d9%88%d9%86%d8%a7-%d8%af%d9%8a%d9%84%d9%8a-%d9%81%d8%a7%d9%86%d9%8a%d8%b3%d8%a7-%d9%85%d8%a7%d8%b1%d8%aa%d9%8a%d9%86-%d9%88%d9%84%d9%8a%d8%a7-%d9%83%d8%a7%d9%84%d9%8a\\\/#breadcrumb\",\"itemListElement\":[{\"@type\":\"ListItem\",\"position\":1,\"name\":\"Inici\",\"item\":\"https:\\\/\\\/radiociutat.com\\\/ar\\\/\"},{\"@type\":\"ListItem\",\"position\":2,\"name\":\"\u062a\u0627\u0631\u0627\u063a\u0648\u0646\u0627 \u062f\u064a\u0644\u064a | \u0641\u0627\u0646\u064a\u0633\u0627 \u0645\u0627\u0631\u062a\u064a\u0646 \u0648\u0644\u064a\u0627 \u0643\u0627\u0644\u064a\u060c \u0646\u062c\u0645\u062a\u0627 \u0627\u0644\u0646\u0633\u062e\u0629 \u0627\u0644\u062e\u0627\u0645\u0633\u0629 \u0645\u0646 \u0645\u0647\u0631\u062c\u0627\u0646 TETA\"}]},{\"@type\":\"WebSite\",\"@id\":\"https:\\\/\\\/radiociutat.com\\\/ar\\\/#website\",\"url\":\"https:\\\/\\\/radiociutat.com\\\/ar\\\/\",\"name\":\"R\u00e0dio Ciutat de Tarragona\",\"description\":\"R\u00e0dio Ciutat de Tarragona - RCTgn.cat R\u00e0dio Online\",\"potentialAction\":[{\"@type\":\"SearchAction\",\"target\":{\"@type\":\"EntryPoint\",\"urlTemplate\":\"https:\\\/\\\/radiociutat.com\\\/ar\\\/?s={search_term_string}\"},\"query-input\":{\"@type\":\"PropertyValueSpecification\",\"valueRequired\":true,\"valueName\":\"search_term_string\"}}],\"inLanguage\":\"ar\"},{\"@type\":\"Person\",\"@id\":\"https:\\\/\\\/radiociutat.com\\\/ar\\\/#\\\/schema\\\/person\\\/3086c6cfd718c2c9cb3329ff2a2ed197\",\"name\":\"Adri\u00e0 Tella\",\"sameAs\":[\"https:\\\/\\\/radiociutat.com\\\/wp-content\\\/uploads\\\/2023\\\/09\\\/adri-tella-1-1-e1694013359760.png\"],\"url\":\"https:\\\/\\\/radiociutat.com\\\/ar\\\/author\\\/atella\\\/\"}]}<\/script>\n<!-- \/ Yoast SEO Premium plugin. -->","yoast_head_json":{"title":"\u062a\u0627\u0631\u0627\u063a\u0648\u0646\u0627 \u062f\u064a\u0644\u064a | \u0641\u0627\u0646\u064a\u0633\u0627 \u0645\u0627\u0631\u062a\u064a\u0646 \u0648\u0644\u064a\u0627 \u0643\u0627\u0644\u064a\u060c \u0646\u062c\u0645\u062a\u0627 \u0627\u0644\u0646\u0633\u062e\u0629 \u0627\u0644\u062e\u0627\u0645\u0633\u0629 \u0645\u0646 \u0645\u0647\u0631\u062c\u0627\u0646 TETA - R\u00e0dio Ciutat de Tarragona","robots":{"index":"index","follow":"follow","max-snippet":"max-snippet:-1","max-image-preview":"max-image-preview:large","max-video-preview":"max-video-preview:-1"},"canonical":"https:\/\/radiociutat.com\/ar\/%d8%aa%d8%a7%d8%b1%d8%a7%d8%ba%d9%88%d9%86%d8%a7-%d8%af%d9%8a%d9%84%d9%8a-%d8%b1%d8%a7%d8%af%d9%8a%d9%88-%d9%85%d8%af%d9%8a%d9%86%d8%a9-%d8%aa%d8%a7%d8%b1%d8%a7%d8%ba%d9%88%d9%86%d8%a7\/%d8%aa%d8%a7%d8%b1%d8%a7%d8%ba%d9%88%d9%86%d8%a7-%d8%af%d9%8a%d9%84%d9%8a-%d9%81%d8%a7%d9%86%d9%8a%d8%b3%d8%a7-%d9%85%d8%a7%d8%b1%d8%aa%d9%8a%d9%86-%d9%88%d9%84%d9%8a%d8%a7-%d9%83%d8%a7%d9%84%d9%8a\/","og_locale":"ar_AR","og_type":"article","og_title":"\u062a\u0627\u0631\u0627\u063a\u0648\u0646\u0627 \u062f\u064a\u0644\u064a | \u0641\u0627\u0646\u064a\u0633\u0627 \u0645\u0627\u0631\u062a\u064a\u0646 \u0648\u0644\u064a\u0627 \u0643\u0627\u0644\u064a\u060c \u0646\u062c\u0645\u062a\u0627 \u0627\u0644\u0646\u0633\u062e\u0629 \u0627\u0644\u062e\u0627\u0645\u0633\u0629 \u0645\u0646 \u0645\u0647\u0631\u062c\u0627\u0646 TETA","og_description":"\u0644\u062f\u064a\u0646\u0627 \u0628\u0627\u0644\u0641\u0639\u0644 \u0643\u0644 \u062a\u0641\u0627\u0635\u064a\u0644 \u0645\u0647\u0631\u062c\u0627\u0646 TETA \u0644\u0647\u0630\u0627 \u0627\u0644\u0639\u0627\u0645. \u064a\u0635\u0644 \u0627\u0644\u0645\u0647\u0631\u062c\u0627\u0646 \u0625\u0644\u0649 \u0646\u0633\u062e\u062a\u0647 \u0627\u0644\u062e\u0627\u0645\u0633\u0629 \u0628\u0647\u062f\u0641 \u0627\u0644\u062a\u0623\u0643\u064a\u062f \u0639\u0644\u0649 \u0643\u0648\u0646\u0647 \u0623\u0643\u062b\u0631 \u0628\u0643\u062b\u064a\u0631 \u0645\u0646 \u0645\u062c\u0631\u062f \u0645\u0647\u0631\u062c\u0627\u0646\u060c \u0648\u0644\u064a\u0635\u0628\u062d \u0645\u0634\u0631\u0648\u0639\u0627\u064b \u0644\u0644\u0645\u062f\u064a\u0646\u0629. \u0633\u062a\u0642\u0627\u0645 \u0627\u0644\u0641\u0639\u0627\u0644\u064a\u0629 \u064a\u0648\u0645\u064a 29 \u064830 \u0645\u0627\u064a\u0648 \u0641\u064a \u0645\u0633\u0631\u062d \u0643\u0627\u0645\u0628 \u062f\u064a \u0645\u0627\u0631\u062a (Auditori del Camp de Mart). \u0648\u0645\u0646 \u0623\u0628\u0631\u0632 \u0627\u0644\u0639\u0631\u0648\u0636 \u0641\u064a \u0647\u0630\u0647 \u0627\u0644\u0646\u0633\u062e\u0629 \u0639\u0631\u0636 \u0641\u0627\u0646\u064a\u0633\u0627 \u0645\u0627\u0631\u062a\u064a\u0646 \u0648\u0644\u064a\u0627 \u0643\u0627\u0644\u064a. \u0645\u0647\u0631\u062c\u0627\u0646 \u0627\u0644\u0631\u0628\u064a\u0639 \u0627\u0644\u0623\u062f\u0628\u064a [&hellip;]","og_url":"https:\/\/radiociutat.com\/ar\/%d8%aa%d8%a7%d8%b1%d8%a7%d8%ba%d9%88%d9%86%d8%a7-%d8%af%d9%8a%d9%84%d9%8a-%d8%b1%d8%a7%d8%af%d9%8a%d9%88-%d9%85%d8%af%d9%8a%d9%86%d8%a9-%d8%aa%d8%a7%d8%b1%d8%a7%d8%ba%d9%88%d9%86%d8%a7\/%d8%aa%d8%a7%d8%b1%d8%a7%d8%ba%d9%88%d9%86%d8%a7-%d8%af%d9%8a%d9%84%d9%8a-%d9%81%d8%a7%d9%86%d9%8a%d8%b3%d8%a7-%d9%85%d8%a7%d8%b1%d8%aa%d9%8a%d9%86-%d9%88%d9%84%d9%8a%d8%a7-%d9%83%d8%a7%d9%84%d9%8a\/","og_site_name":"R\u00e0dio Ciutat de Tarragona","article_publisher":"https:\/\/www.facebook.com\/rctgn","article_published_time":"2026-03-11T12:42:47+00:00","og_image":[{"width":3000,"height":3000,"url":"https:\/\/files.radiociutat.com\/rctgn\/wp-content\/uploads\/2021\/03\/LOGO-RCTGN-RADIO-CIUTAT-DE-TARRAGONA-TRANSPARENTE-TARRAGONA-2020-3000X3000-Redes1-copia.png","type":"image\/png"}],"author":"Adri\u00e0 Tella","twitter_card":"summary_large_image","twitter_creator":"@RCTgn","twitter_site":"@RCTgn","twitter_misc":{"\u0643\u064f\u062a\u0628 \u0628\u0648\u0627\u0633\u0637\u0629":"Adri\u00e0 Tella"},"schema":{"@context":"https:\/\/schema.org","@graph":[{"@type":"Article","@id":"https:\/\/radiociutat.com\/ar\/%d8%aa%d8%a7%d8%b1%d8%a7%d8%ba%d9%88%d9%86%d8%a7-%d8%af%d9%8a%d9%84%d9%8a-%d8%b1%d8%a7%d8%af%d9%8a%d9%88-%d9%85%d8%af%d9%8a%d9%86%d8%a9-%d8%aa%d8%a7%d8%b1%d8%a7%d8%ba%d9%88%d9%86%d8%a7\/%d8%aa%d8%a7%d8%b1%d8%a7%d8%ba%d9%88%d9%86%d8%a7-%d8%af%d9%8a%d9%84%d9%8a-%d9%81%d8%a7%d9%86%d9%8a%d8%b3%d8%a7-%d9%85%d8%a7%d8%b1%d8%aa%d9%8a%d9%86-%d9%88%d9%84%d9%8a%d8%a7-%d9%83%d8%a7%d9%84%d9%8a\/#article","isPartOf":{"@id":"https:\/\/radiociutat.com\/ar\/%d8%aa%d8%a7%d8%b1%d8%a7%d8%ba%d9%88%d9%86%d8%a7-%d8%af%d9%8a%d9%84%d9%8a-%d8%b1%d8%a7%d8%af%d9%8a%d9%88-%d9%85%d8%af%d9%8a%d9%86%d8%a9-%d8%aa%d8%a7%d8%b1%d8%a7%d8%ba%d9%88%d9%86%d8%a7\/%d8%aa%d8%a7%d8%b1%d8%a7%d8%ba%d9%88%d9%86%d8%a7-%d8%af%d9%8a%d9%84%d9%8a-%d9%81%d8%a7%d9%86%d9%8a%d8%b3%d8%a7-%d9%85%d8%a7%d8%b1%d8%aa%d9%8a%d9%86-%d9%88%d9%84%d9%8a%d8%a7-%d9%83%d8%a7%d9%84%d9%8a\/"},"author":{"name":"Adri\u00e0 Tella","@id":"https:\/\/radiociutat.com\/ar\/#\/schema\/person\/3086c6cfd718c2c9cb3329ff2a2ed197"},"headline":"\u062a\u0627\u0631\u0627\u063a\u0648\u0646\u0627 \u062f\u064a\u0644\u064a | \u0641\u0627\u0646\u064a\u0633\u0627 \u0645\u0627\u0631\u062a\u064a\u0646 \u0648\u0644\u064a\u0627 \u0643\u0627\u0644\u064a\u060c \u0646\u062c\u0645\u062a\u0627 \u0627\u0644\u0646\u0633\u062e\u0629 \u0627\u0644\u062e\u0627\u0645\u0633\u0629 \u0645\u0646 \u0645\u0647\u0631\u062c\u0627\u0646 TETA","datePublished":"2026-03-11T12:42:47+00:00","mainEntityOfPage":{"@id":"https:\/\/radiociutat.com\/ar\/%d8%aa%d8%a7%d8%b1%d8%a7%d8%ba%d9%88%d9%86%d8%a7-%d8%af%d9%8a%d9%84%d9%8a-%d8%b1%d8%a7%d8%af%d9%8a%d9%88-%d9%85%d8%af%d9%8a%d9%86%d8%a9-%d8%aa%d8%a7%d8%b1%d8%a7%d8%ba%d9%88%d9%86%d8%a7\/%d8%aa%d8%a7%d8%b1%d8%a7%d8%ba%d9%88%d9%86%d8%a7-%d8%af%d9%8a%d9%84%d9%8a-%d9%81%d8%a7%d9%86%d9%8a%d8%b3%d8%a7-%d9%85%d8%a7%d8%b1%d8%aa%d9%8a%d9%86-%d9%88%d9%84%d9%8a%d8%a7-%d9%83%d8%a7%d9%84%d9%8a\/"},"wordCount":14,"image":{"@id":"https:\/\/radiociutat.com\/ar\/%d8%aa%d8%a7%d8%b1%d8%a7%d8%ba%d9%88%d9%86%d8%a7-%d8%af%d9%8a%d9%84%d9%8a-%d8%b1%d8%a7%d8%af%d9%8a%d9%88-%d9%85%d8%af%d9%8a%d9%86%d8%a9-%d8%aa%d8%a7%d8%b1%d8%a7%d8%ba%d9%88%d9%86%d8%a7\/%d8%aa%d8%a7%d8%b1%d8%a7%d8%ba%d9%88%d9%86%d8%a7-%d8%af%d9%8a%d9%84%d9%8a-%d9%81%d8%a7%d9%86%d9%8a%d8%b3%d8%a7-%d9%85%d8%a7%d8%b1%d8%aa%d9%8a%d9%86-%d9%88%d9%84%d9%8a%d8%a7-%d9%83%d8%a7%d9%84%d9%8a\/#primaryimage"},"thumbnailUrl":"https:\/\/files.radiociutat.com\/rctgn\/wp-content\/uploads\/2026\/03\/Festival-TETA-2026-e1773233127540.jpg","keywords":["Actualitat","Festival Teta","Lia Kali","not\u00edcies","Tarragona","TGN","Vanesa Martin","\u062f\u064a\u0644\u064a"],"articleSection":["\u062a\u0627\u0631\u0627\u063a\u0648\u0646\u0627 \u062f\u064a\u0644\u064a - \u0631\u0627\u062f\u064a\u0648 \u0645\u062f\u064a\u0646\u0629 \u062a\u0627\u0631\u0627\u063a\u0648\u0646\u0627"],"inLanguage":"ar"},{"@type":"WebPage","@id":"https:\/\/radiociutat.com\/ar\/%d8%aa%d8%a7%d8%b1%d8%a7%d8%ba%d9%88%d9%86%d8%a7-%d8%af%d9%8a%d9%84%d9%8a-%d8%b1%d8%a7%d8%af%d9%8a%d9%88-%d9%85%d8%af%d9%8a%d9%86%d8%a9-%d8%aa%d8%a7%d8%b1%d8%a7%d8%ba%d9%88%d9%86%d8%a7\/%d8%aa%d8%a7%d8%b1%d8%a7%d8%ba%d9%88%d9%86%d8%a7-%d8%af%d9%8a%d9%84%d9%8a-%d9%81%d8%a7%d9%86%d9%8a%d8%b3%d8%a7-%d9%85%d8%a7%d8%b1%d8%aa%d9%8a%d9%86-%d9%88%d9%84%d9%8a%d8%a7-%d9%83%d8%a7%d9%84%d9%8a\/","url":"https:\/\/radiociutat.com\/ar\/%d8%aa%d8%a7%d8%b1%d8%a7%d8%ba%d9%88%d9%86%d8%a7-%d8%af%d9%8a%d9%84%d9%8a-%d8%b1%d8%a7%d8%af%d9%8a%d9%88-%d9%85%d8%af%d9%8a%d9%86%d8%a9-%d8%aa%d8%a7%d8%b1%d8%a7%d8%ba%d9%88%d9%86%d8%a7\/%d8%aa%d8%a7%d8%b1%d8%a7%d8%ba%d9%88%d9%86%d8%a7-%d8%af%d9%8a%d9%84%d9%8a-%d9%81%d8%a7%d9%86%d9%8a%d8%b3%d8%a7-%d9%85%d8%a7%d8%b1%d8%aa%d9%8a%d9%86-%d9%88%d9%84%d9%8a%d8%a7-%d9%83%d8%a7%d9%84%d9%8a\/","name":"\u062a\u0627\u0631\u0627\u063a\u0648\u0646\u0627 \u062f\u064a\u0644\u064a | \u0641\u0627\u0646\u064a\u0633\u0627 \u0645\u0627\u0631\u062a\u064a\u0646 \u0648\u0644\u064a\u0627 \u0643\u0627\u0644\u064a\u060c \u0646\u062c\u0645\u062a\u0627 \u0627\u0644\u0646\u0633\u062e\u0629 \u0627\u0644\u062e\u0627\u0645\u0633\u0629 \u0645\u0646 \u0645\u0647\u0631\u062c\u0627\u0646 TETA - R\u00e0dio Ciutat de Tarragona","isPartOf":{"@id":"https:\/\/radiociutat.com\/ar\/#website"},"primaryImageOfPage":{"@id":"https:\/\/radiociutat.com\/ar\/%d8%aa%d8%a7%d8%b1%d8%a7%d8%ba%d9%88%d9%86%d8%a7-%d8%af%d9%8a%d9%84%d9%8a-%d8%b1%d8%a7%d8%af%d9%8a%d9%88-%d9%85%d8%af%d9%8a%d9%86%d8%a9-%d8%aa%d8%a7%d8%b1%d8%a7%d8%ba%d9%88%d9%86%d8%a7\/%d8%aa%d8%a7%d8%b1%d8%a7%d8%ba%d9%88%d9%86%d8%a7-%d8%af%d9%8a%d9%84%d9%8a-%d9%81%d8%a7%d9%86%d9%8a%d8%b3%d8%a7-%d9%85%d8%a7%d8%b1%d8%aa%d9%8a%d9%86-%d9%88%d9%84%d9%8a%d8%a7-%d9%83%d8%a7%d9%84%d9%8a\/#primaryimage"},"image":{"@id":"https:\/\/radiociutat.com\/ar\/%d8%aa%d8%a7%d8%b1%d8%a7%d8%ba%d9%88%d9%86%d8%a7-%d8%af%d9%8a%d9%84%d9%8a-%d8%b1%d8%a7%d8%af%d9%8a%d9%88-%d9%85%d8%af%d9%8a%d9%86%d8%a9-%d8%aa%d8%a7%d8%b1%d8%a7%d8%ba%d9%88%d9%86%d8%a7\/%d8%aa%d8%a7%d8%b1%d8%a7%d8%ba%d9%88%d9%86%d8%a7-%d8%af%d9%8a%d9%84%d9%8a-%d9%81%d8%a7%d9%86%d9%8a%d8%b3%d8%a7-%d9%85%d8%a7%d8%b1%d8%aa%d9%8a%d9%86-%d9%88%d9%84%d9%8a%d8%a7-%d9%83%d8%a7%d9%84%d9%8a\/#primaryimage"},"thumbnailUrl":"https:\/\/files.radiociutat.com\/rctgn\/wp-content\/uploads\/2026\/03\/Festival-TETA-2026-e1773233127540.jpg","datePublished":"2026-03-11T12:42:47+00:00","author":{"@id":"https:\/\/radiociutat.com\/ar\/#\/schema\/person\/3086c6cfd718c2c9cb3329ff2a2ed197"},"breadcrumb":{"@id":"https:\/\/radiociutat.com\/ar\/%d8%aa%d8%a7%d8%b1%d8%a7%d8%ba%d9%88%d9%86%d8%a7-%d8%af%d9%8a%d9%84%d9%8a-%d8%b1%d8%a7%d8%af%d9%8a%d9%88-%d9%85%d8%af%d9%8a%d9%86%d8%a9-%d8%aa%d8%a7%d8%b1%d8%a7%d8%ba%d9%88%d9%86%d8%a7\/%d8%aa%d8%a7%d8%b1%d8%a7%d8%ba%d9%88%d9%86%d8%a7-%d8%af%d9%8a%d9%84%d9%8a-%d9%81%d8%a7%d9%86%d9%8a%d8%b3%d8%a7-%d9%85%d8%a7%d8%b1%d8%aa%d9%8a%d9%86-%d9%88%d9%84%d9%8a%d8%a7-%d9%83%d8%a7%d9%84%d9%8a\/#breadcrumb"},"inLanguage":"ar","potentialAction":[{"@type":"ReadAction","target":["https:\/\/radiociutat.com\/ar\/%d8%aa%d8%a7%d8%b1%d8%a7%d8%ba%d9%88%d9%86%d8%a7-%d8%af%d9%8a%d9%84%d9%8a-%d8%b1%d8%a7%d8%af%d9%8a%d9%88-%d9%85%d8%af%d9%8a%d9%86%d8%a9-%d8%aa%d8%a7%d8%b1%d8%a7%d8%ba%d9%88%d9%86%d8%a7\/%d8%aa%d8%a7%d8%b1%d8%a7%d8%ba%d9%88%d9%86%d8%a7-%d8%af%d9%8a%d9%84%d9%8a-%d9%81%d8%a7%d9%86%d9%8a%d8%b3%d8%a7-%d9%85%d8%a7%d8%b1%d8%aa%d9%8a%d9%86-%d9%88%d9%84%d9%8a%d8%a7-%d9%83%d8%a7%d9%84%d9%8a\/"]}]},{"@type":"ImageObject","inLanguage":"ar","@id":"https:\/\/radiociutat.com\/ar\/%d8%aa%d8%a7%d8%b1%d8%a7%d8%ba%d9%88%d9%86%d8%a7-%d8%af%d9%8a%d9%84%d9%8a-%d8%b1%d8%a7%d8%af%d9%8a%d9%88-%d9%85%d8%af%d9%8a%d9%86%d8%a9-%d8%aa%d8%a7%d8%b1%d8%a7%d8%ba%d9%88%d9%86%d8%a7\/%d8%aa%d8%a7%d8%b1%d8%a7%d8%ba%d9%88%d9%86%d8%a7-%d8%af%d9%8a%d9%84%d9%8a-%d9%81%d8%a7%d9%86%d9%8a%d8%b3%d8%a7-%d9%85%d8%a7%d8%b1%d8%aa%d9%8a%d9%86-%d9%88%d9%84%d9%8a%d8%a7-%d9%83%d8%a7%d9%84%d9%8a\/#primaryimage","url":"https:\/\/files.radiociutat.com\/rctgn\/wp-content\/uploads\/2026\/03\/Festival-TETA-2026-e1773233127540.jpg","contentUrl":"https:\/\/files.radiociutat.com\/rctgn\/wp-content\/uploads\/2026\/03\/Festival-TETA-2026-e1773233127540.jpg","width":1500,"height":1000},{"@type":"BreadcrumbList","@id":"https:\/\/radiociutat.com\/ar\/%d8%aa%d8%a7%d8%b1%d8%a7%d8%ba%d9%88%d9%86%d8%a7-%d8%af%d9%8a%d9%84%d9%8a-%d8%b1%d8%a7%d8%af%d9%8a%d9%88-%d9%85%d8%af%d9%8a%d9%86%d8%a9-%d8%aa%d8%a7%d8%b1%d8%a7%d8%ba%d9%88%d9%86%d8%a7\/%d8%aa%d8%a7%d8%b1%d8%a7%d8%ba%d9%88%d9%86%d8%a7-%d8%af%d9%8a%d9%84%d9%8a-%d9%81%d8%a7%d9%86%d9%8a%d8%b3%d8%a7-%d9%85%d8%a7%d8%b1%d8%aa%d9%8a%d9%86-%d9%88%d9%84%d9%8a%d8%a7-%d9%83%d8%a7%d9%84%d9%8a\/#breadcrumb","itemListElement":[{"@type":"ListItem","position":1,"name":"Inici","item":"https:\/\/radiociutat.com\/ar\/"},{"@type":"ListItem","position":2,"name":"\u062a\u0627\u0631\u0627\u063a\u0648\u0646\u0627 \u062f\u064a\u0644\u064a | \u0641\u0627\u0646\u064a\u0633\u0627 \u0645\u0627\u0631\u062a\u064a\u0646 \u0648\u0644\u064a\u0627 \u0643\u0627\u0644\u064a\u060c \u0646\u062c\u0645\u062a\u0627 \u0627\u0644\u0646\u0633\u062e\u0629 \u0627\u0644\u062e\u0627\u0645\u0633\u0629 \u0645\u0646 \u0645\u0647\u0631\u062c\u0627\u0646 TETA"}]},{"@type":"WebSite","@id":"https:\/\/radiociutat.com\/ar\/#website","url":"https:\/\/radiociutat.com\/ar\/","name":"R\u00e0dio Ciutat de Tarragona","description":"R\u00e0dio Ciutat de Tarragona - RCTgn.cat R\u00e0dio Online","potentialAction":[{"@type":"SearchAction","target":{"@type":"EntryPoint","urlTemplate":"https:\/\/radiociutat.com\/ar\/?s={search_term_string}"},"query-input":{"@type":"PropertyValueSpecification","valueRequired":true,"valueName":"search_term_string"}}],"inLanguage":"ar"},{"@type":"Person","@id":"https:\/\/radiociutat.com\/ar\/#\/schema\/person\/3086c6cfd718c2c9cb3329ff2a2ed197","name":"Adri\u00e0 Tella","sameAs":["https:\/\/radiociutat.com\/wp-content\/uploads\/2023\/09\/adri-tella-1-1-e1694013359760.png"],"url":"https:\/\/radiociutat.com\/ar\/author\/atella\/"}]}},"_links":{"self":[{"href":"https:\/\/radiociutat.com\/ar\/wp-json\/wp\/v2\/posts\/369855","targetHints":{"allow":["GET"]}}],"collection":[{"href":"https:\/\/radiociutat.com\/ar\/wp-json\/wp\/v2\/posts"}],"about":[{"href":"https:\/\/radiociutat.com\/ar\/wp-json\/wp\/v2\/types\/post"}],"author":[{"embeddable":true,"href":"https:\/\/radiociutat.com\/ar\/wp-json\/wp\/v2\/users\/33"}],"replies":[{"embeddable":true,"href":"https:\/\/radiociutat.com\/ar\/wp-json\/wp\/v2\/comments?post=369855"}],"version-history":[{"count":0,"href":"https:\/\/radiociutat.com\/ar\/wp-json\/wp\/v2\/posts\/369855\/revisions"}],"wp:featuredmedia":[{"embeddable":true,"href":"https:\/\/radiociutat.com\/ar\/wp-json\/wp\/v2\/media\/368927"}],"wp:attachment":[{"href":"https:\/\/radiociutat.com\/ar\/wp-json\/wp\/v2\/media?parent=369855"}],"wp:term":[{"taxonomy":"category","embeddable":true,"href":"https:\/\/radiociutat.com\/ar\/wp-json\/wp\/v2\/categories?post=369855"},{"taxonomy":"post_tag","embeddable":true,"href":"https:\/\/radiociutat.com\/ar\/wp-json\/wp\/v2\/tags?post=369855"}],"curies":[{"name":"wp","href":"https:\/\/api.w.org\/{rel}","templated":true}]}}