{"id":369670,"date":"2026-03-02T13:53:28","date_gmt":"2026-03-02T12:53:28","guid":{"rendered":"https:\/\/radiociutat.com\/programes-podcast\/%d8%aa%d8%a7%d8%b1%d8%a7%d8%ba%d9%88%d9%86%d8%a7-%d8%af%d9%8a%d9%84%d9%8a-%d8%a7%d9%84%d9%85%d9%83%d8%aa%d8%a8%d8%a9-%d8%a7%d9%84%d8%b9%d8%a7%d9%85%d8%a9-%d9%81%d9%8a-%d8%aa%d8%a7%d8%b1%d8%a7%d8%ba\/"},"modified":"2026-03-02T13:53:28","modified_gmt":"2026-03-02T12:53:28","slug":"%d8%aa%d8%a7%d8%b1%d8%a7%d8%ba%d9%88%d9%86%d8%a7-%d8%af%d9%8a%d9%84%d9%8a-%d8%a7%d9%84%d9%85%d9%83%d8%aa%d8%a8%d8%a9-%d8%a7%d9%84%d8%b9%d8%a7%d9%85%d8%a9-%d9%81%d9%8a-%d8%aa%d8%a7%d8%b1%d8%a7%d8%ba","status":"publish","type":"post","link":"https:\/\/radiociutat.com\/ar\/%d8%aa%d8%a7%d8%b1%d8%a7%d8%ba%d9%88%d9%86%d8%a7-%d8%af%d9%8a%d9%84%d9%8a-%d8%b1%d8%a7%d8%af%d9%8a%d9%88-%d9%85%d8%af%d9%8a%d9%86%d8%a9-%d8%aa%d8%a7%d8%b1%d8%a7%d8%ba%d9%88%d9%86%d8%a7\/%d8%aa%d8%a7%d8%b1%d8%a7%d8%ba%d9%88%d9%86%d8%a7-%d8%af%d9%8a%d9%84%d9%8a-%d8%a7%d9%84%d9%85%d9%83%d8%aa%d8%a8%d8%a9-%d8%a7%d9%84%d8%b9%d8%a7%d9%85%d8%a9-%d9%81%d9%8a-%d8%aa%d8%a7%d8%b1%d8%a7%d8%ba\/","title":{"rendered":"\u062a\u0627\u0631\u0627\u063a\u0648\u0646\u0627 \u062f\u064a\u0644\u064a | \u0627\u0644\u0645\u0643\u062a\u0628\u0629 \u0627\u0644\u0639\u0627\u0645\u0629 \u0641\u064a \u062a\u0627\u0631\u0627\u063a\u0648\u0646\u0627 \u062a\u0646\u062a\u0642\u0644 \u0625\u0644\u0649 \u0645\u0628\u0646\u0649 \u062a\u0627\u0628\u0627\u0643\u0627\u0644\u064a\u0631\u0627 \u0627\u0644\u0642\u062f\u064a\u0645"},"content":{"rendered":"\n<p><a href=\"https:\/\/radiociutat.com\/ultimes-noticies-tarragona\/el-ministeri-de-cultura-confirma-que-la-biblioteca-publica-de-lestat-es-traslladara-a-la-tabacalera\/\">El Ministeri de Cultura confirma que la Biblioteca P\u00fablica de l\u2019Estat es traslladar\u00e0 a la Tabacalera<\/a><\/p>\n\n\n\n<p><strong>El Ministeri de Cultura ha confirmat que la Biblioteca P\u00fablica de l\u2019Estat a Tarragona es traslladar\u00e0 a l\u2019edifici principal de l\u2019antiga Tabacalera de Tarragona. La nova seu ocupar\u00e0 10.000 metres quadrats a les antigues zones noble i d\u2019assecador, distribu\u00efts en tres plantes.<\/strong><\/p>\n\n\n\n<p>L\u2019acord s\u2019ha tancat despr\u00e9s d\u2019anys de negociacions entre el govern espanyol, l\u2019Ajuntament i la Generalitat, i permetr\u00e0 reubicar l\u2019actual equipament del carrer Fortuny en un espai m\u00e9s ampli i adaptat a criteris t\u00e8cnics, d\u2019\u00fas i accessibilitat. La proximitat amb el Conservatori refor\u00e7ar\u00e0 la voluntat de convertir la Tabacalera en un gran pol cultural.<\/p>\n\n\n\n<p>El primer pas ser\u00e0 la cessi\u00f3 de la finca per part de l\u2019Ajuntament. El Ministeri assumir\u00e0 la redacci\u00f3 del projecte, les obres de reforma integral i l\u2019equipament, amb una inversi\u00f3 m\u00ednima prevista de 20 milions d\u2019euros.<\/p>\n\n\n\n<p><a href=\"https:\/\/radiociutat.com\/ultimes-noticies-tarragona\/croniques-actualitat\/prop-dun-centenar-dautonoms-es-manifesten-a-tarragona-per-reclamar-mes-drets-laborals\/\">Prop d\u2019un centenar d\u2019aut\u00f2noms es manifesten a Tarragona per reclamar m\u00e9s drets laborals<\/a><\/p>\n\n\n\n<p><strong>Prop d\u2019un centenar d\u2019aut\u00f2noms s\u2019han manifestat aquest dilluns a Tarragona per reclamar m\u00e9s drets laborals, en el marc d\u2019una convocat\u00f2ria que ha tingut lloc a diverses ciutats de l\u2019Estat. Denuncien que la fiscalitat els perjudica i reclamen mesures com la suspensi\u00f3 de la quota durant baixes m\u00e8diques o drets com baixes per defunci\u00f3 de familiars.<\/strong><\/p>\n\n\n\n<p>Xavier Pallar\u00e8s, portaveu de la Plataforma pels Aut\u00f2noms de Tarragona, ha subratllat que, igual que mestres i metges, els aut\u00f2noms tamb\u00e9 lluiten i que les administracions han d\u2019aportar solucions. La marxa ha sortit del passeig de les Palmeres i ha recorregut m\u00e9s de dos quil\u00f2metres pel centre de Tarragona.<\/p>\n\n\n\n<p><a href=\"https:\/\/radiociutat.com\/ultimes-noticies-tarragona\/croniques-actualitat\/entra-en-funcionament-la-nova-subestacio-francoli-per-abastir-la-industria-petroquimica\/\">Entra en funcionament la nova subestaci\u00f3 Francol\u00ed per abastir la ind\u00fastria petroqu\u00edmica<\/a><\/p>\n\n\n\n<p><strong>Red El\u00e9ctrica ha posat en funcionament la nova subestaci\u00f3 Francol\u00ed, situada a Vilallonga del Camp, amb l\u2019objectiu d\u2019abastir d\u2019electricitat la ind\u00fastria petroqu\u00edmica de Tarragona i afavorir el seu desenvolupament i descarbonitzaci\u00f3.<\/strong><\/p>\n\n\n\n<p>La instal\u00b7laci\u00f3 disposa de tres punts de connexi\u00f3 per a empreses del pol\u00edgon nord amb elevats consums energ\u00e8tics i ha suposat una inversi\u00f3 de 6 milions d\u2019euros. El projecte preveu connectar-hi la futura l\u00ednia de molta alta tensi\u00f3 entre Arag\u00f3 i la Secuita, actualment en tramitaci\u00f3. La MAT ha generat oposici\u00f3 i acumula m\u00e9s de 14.000 al\u00b7legacions en contra.<\/p>\n\n\n\n<p><a href=\"https:\/\/radiociutat.com\/ultimes-noticies-tarragona\/croniques-actualitat\/el-moll-de-costa-celebra-40-anys-navegant-amb-lart\/\">El Moll de Costa celebra 40 anys navegant amb l\u2019art<\/a><\/p>\n\n\n\n<p><strong>El Port de Tarragona celebra els 40 anys de la reconversi\u00f3 del Moll de Costa en espai cultural amb l\u2019exposici\u00f3 <\/strong><strong><em>Navegant l\u2019art. Fons d\u2019Art del Port de Tarragona<\/em><\/strong><strong>, que s\u2019inaugura el 5 de mar\u00e7 al Refugi 1 i es podr\u00e0 visitar fins al 3 de maig. La mostra repassa quatre d\u00e8cades d\u2019activitat art\u00edstica als tinglados i refugis, transformats el 1986 en un punt de trobada cultural.<\/strong><\/p>\n\n\n\n<p>L\u2019exposici\u00f3 presenta 38 obres del Fons d\u2019Art, creat el 1988 i integrat actualment per 125 peces. Entre les destacades hi ha <em>La dist\u00e0ncia m\u00e9s curta<\/em>, de Perejaume, aix\u00ed com treballs de Joan Fontcuberta i Tom Carr. El president del Port, Santiago J. Castell\u00e0, ha reivindicat el Moll de Costa com un dels principals aparadors culturals del territori.<\/p>\n","protected":false},"excerpt":{"rendered":"<p>El Ministeri de Cultura confirma que la Biblioteca P\u00fablica de l\u2019Estat es traslladar\u00e0 a la Tabacalera El Ministeri de Cultura ha confirmat que la Biblioteca P\u00fablica de l\u2019Estat a Tarragona es traslladar\u00e0 a l\u2019edifici principal de l\u2019antiga Tabacalera de Tarragona. La nova seu ocupar\u00e0 10.000 metres quadrats a les antigues zones noble i d\u2019assecador, distribu\u00efts [&hellip;]<\/p>\n","protected":false},"author":84,"featured_media":240273,"comment_status":"closed","ping_status":"closed","sticky":false,"template":"","format":"standard","meta":{"footnotes":""},"categories":[13789],"tags":[19,13776],"class_list":["post-369670","post","type-post","status-publish","format-standard","has-post-thumbnail","hentry","category-13789","tag-tarragona","tag-13776"],"yoast_head":"<!-- This site is optimized with the Yoast SEO Premium plugin v27.4 (Yoast SEO v27.5) - https:\/\/yoast.com\/product\/yoast-seo-premium-wordpress\/ -->\n<title>\u062a\u0627\u0631\u0627\u063a\u0648\u0646\u0627 \u062f\u064a\u0644\u064a | \u0627\u0644\u0645\u0643\u062a\u0628\u0629 \u0627\u0644\u0639\u0627\u0645\u0629 \u0641\u064a \u062a\u0627\u0631\u0627\u063a\u0648\u0646\u0627 \u062a\u0646\u062a\u0642\u0644 \u0625\u0644\u0649 \u0645\u0628\u0646\u0649 \u062a\u0627\u0628\u0627\u0643\u0627\u0644\u064a\u0631\u0627 \u0627\u0644\u0642\u062f\u064a\u0645 - R\u00e0dio Ciutat de Tarragona<\/title>\n<meta name=\"robots\" content=\"index, follow, max-snippet:-1, max-image-preview:large, max-video-preview:-1\" \/>\n<link rel=\"canonical\" href=\"https:\/\/radiociutat.com\/ar\/%d8%aa%d8%a7%d8%b1%d8%a7%d8%ba%d9%88%d9%86%d8%a7-%d8%af%d9%8a%d9%84%d9%8a-%d8%b1%d8%a7%d8%af%d9%8a%d9%88-%d9%85%d8%af%d9%8a%d9%86%d8%a9-%d8%aa%d8%a7%d8%b1%d8%a7%d8%ba%d9%88%d9%86%d8%a7\/%d8%aa%d8%a7%d8%b1%d8%a7%d8%ba%d9%88%d9%86%d8%a7-%d8%af%d9%8a%d9%84%d9%8a-%d8%a7%d9%84%d9%85%d9%83%d8%aa%d8%a8%d8%a9-%d8%a7%d9%84%d8%b9%d8%a7%d9%85%d8%a9-%d9%81%d9%8a-%d8%aa%d8%a7%d8%b1%d8%a7%d8%ba\/\" \/>\n<meta property=\"og:locale\" content=\"ar_AR\" \/>\n<meta property=\"og:type\" content=\"article\" \/>\n<meta property=\"og:title\" content=\"\u062a\u0627\u0631\u0627\u063a\u0648\u0646\u0627 \u062f\u064a\u0644\u064a | \u0627\u0644\u0645\u0643\u062a\u0628\u0629 \u0627\u0644\u0639\u0627\u0645\u0629 \u0641\u064a \u062a\u0627\u0631\u0627\u063a\u0648\u0646\u0627 \u062a\u0646\u062a\u0642\u0644 \u0625\u0644\u0649 \u0645\u0628\u0646\u0649 \u062a\u0627\u0628\u0627\u0643\u0627\u0644\u064a\u0631\u0627 \u0627\u0644\u0642\u062f\u064a\u0645\" \/>\n<meta property=\"og:description\" content=\"El Ministeri de Cultura confirma que la Biblioteca P\u00fablica de l\u2019Estat es traslladar\u00e0 a la Tabacalera El Ministeri de Cultura ha confirmat que la Biblioteca P\u00fablica de l\u2019Estat a Tarragona es traslladar\u00e0 a l\u2019edifici principal de l\u2019antiga Tabacalera de Tarragona. La nova seu ocupar\u00e0 10.000 metres quadrats a les antigues zones noble i d\u2019assecador, distribu\u00efts [&hellip;]\" \/>\n<meta property=\"og:url\" content=\"https:\/\/radiociutat.com\/ar\/%d8%aa%d8%a7%d8%b1%d8%a7%d8%ba%d9%88%d9%86%d8%a7-%d8%af%d9%8a%d9%84%d9%8a-%d8%b1%d8%a7%d8%af%d9%8a%d9%88-%d9%85%d8%af%d9%8a%d9%86%d8%a9-%d8%aa%d8%a7%d8%b1%d8%a7%d8%ba%d9%88%d9%86%d8%a7\/%d8%aa%d8%a7%d8%b1%d8%a7%d8%ba%d9%88%d9%86%d8%a7-%d8%af%d9%8a%d9%84%d9%8a-%d8%a7%d9%84%d9%85%d9%83%d8%aa%d8%a8%d8%a9-%d8%a7%d9%84%d8%b9%d8%a7%d9%85%d8%a9-%d9%81%d9%8a-%d8%aa%d8%a7%d8%b1%d8%a7%d8%ba\/\" \/>\n<meta property=\"og:site_name\" content=\"R\u00e0dio Ciutat de Tarragona\" \/>\n<meta property=\"article:publisher\" content=\"https:\/\/www.facebook.com\/rctgn\" \/>\n<meta property=\"article:published_time\" content=\"2026-03-02T12:53:28+00:00\" \/>\n<meta property=\"og:image\" content=\"https:\/\/files.radiociutat.com\/rctgn\/wp-content\/uploads\/2021\/03\/LOGO-RCTGN-RADIO-CIUTAT-DE-TARRAGONA-TRANSPARENTE-TARRAGONA-2020-3000X3000-Redes1-copia.png\" \/>\n\t<meta property=\"og:image:width\" content=\"3000\" \/>\n\t<meta property=\"og:image:height\" content=\"3000\" \/>\n\t<meta property=\"og:image:type\" content=\"image\/png\" \/>\n<meta name=\"author\" content=\"Adri\u00e0 Duch\" \/>\n<meta name=\"twitter:card\" content=\"summary_large_image\" \/>\n<meta name=\"twitter:creator\" content=\"@RCTgn\" \/>\n<meta name=\"twitter:site\" content=\"@RCTgn\" \/>\n<meta name=\"twitter:label1\" content=\"\u0643\u064f\u062a\u0628 \u0628\u0648\u0627\u0633\u0637\u0629\" \/>\n\t<meta name=\"twitter:data1\" content=\"Adri\u00e0 Duch\" \/>\n\t<meta name=\"twitter:label2\" content=\"\u0648\u0642\u062a \u0627\u0644\u0642\u0631\u0627\u0621\u0629 \u0627\u0644\u0645\u064f\u0642\u062f\u0651\u0631\" \/>\n\t<meta name=\"twitter:data2\" content=\"3 \u062f\u0642\u0627\u0626\u0642\" \/>\n<script type=\"application\/ld+json\" class=\"yoast-schema-graph\">{\"@context\":\"https:\\\/\\\/schema.org\",\"@graph\":[{\"@type\":\"Article\",\"@id\":\"https:\\\/\\\/radiociutat.com\\\/ar\\\/%d8%aa%d8%a7%d8%b1%d8%a7%d8%ba%d9%88%d9%86%d8%a7-%d8%af%d9%8a%d9%84%d9%8a-%d8%b1%d8%a7%d8%af%d9%8a%d9%88-%d9%85%d8%af%d9%8a%d9%86%d8%a9-%d8%aa%d8%a7%d8%b1%d8%a7%d8%ba%d9%88%d9%86%d8%a7\\\/%d8%aa%d8%a7%d8%b1%d8%a7%d8%ba%d9%88%d9%86%d8%a7-%d8%af%d9%8a%d9%84%d9%8a-%d8%a7%d9%84%d9%85%d9%83%d8%aa%d8%a8%d8%a9-%d8%a7%d9%84%d8%b9%d8%a7%d9%85%d8%a9-%d9%81%d9%8a-%d8%aa%d8%a7%d8%b1%d8%a7%d8%ba\\\/#article\",\"isPartOf\":{\"@id\":\"https:\\\/\\\/radiociutat.com\\\/ar\\\/%d8%aa%d8%a7%d8%b1%d8%a7%d8%ba%d9%88%d9%86%d8%a7-%d8%af%d9%8a%d9%84%d9%8a-%d8%b1%d8%a7%d8%af%d9%8a%d9%88-%d9%85%d8%af%d9%8a%d9%86%d8%a9-%d8%aa%d8%a7%d8%b1%d8%a7%d8%ba%d9%88%d9%86%d8%a7\\\/%d8%aa%d8%a7%d8%b1%d8%a7%d8%ba%d9%88%d9%86%d8%a7-%d8%af%d9%8a%d9%84%d9%8a-%d8%a7%d9%84%d9%85%d9%83%d8%aa%d8%a8%d8%a9-%d8%a7%d9%84%d8%b9%d8%a7%d9%85%d8%a9-%d9%81%d9%8a-%d8%aa%d8%a7%d8%b1%d8%a7%d8%ba\\\/\"},\"author\":{\"name\":\"Adri\u00e0 Duch\",\"@id\":\"https:\\\/\\\/radiociutat.com\\\/ar\\\/#\\\/schema\\\/person\\\/daeecbc4942e3432e8d8b8663bf7d714\"},\"headline\":\"\u062a\u0627\u0631\u0627\u063a\u0648\u0646\u0627 \u062f\u064a\u0644\u064a | \u0627\u0644\u0645\u0643\u062a\u0628\u0629 \u0627\u0644\u0639\u0627\u0645\u0629 \u0641\u064a \u062a\u0627\u0631\u0627\u063a\u0648\u0646\u0627 \u062a\u0646\u062a\u0642\u0644 \u0625\u0644\u0649 \u0645\u0628\u0646\u0649 \u062a\u0627\u0628\u0627\u0643\u0627\u0644\u064a\u0631\u0627 \u0627\u0644\u0642\u062f\u064a\u0645\",\"datePublished\":\"2026-03-02T12:53:28+00:00\",\"mainEntityOfPage\":{\"@id\":\"https:\\\/\\\/radiociutat.com\\\/ar\\\/%d8%aa%d8%a7%d8%b1%d8%a7%d8%ba%d9%88%d9%86%d8%a7-%d8%af%d9%8a%d9%84%d9%8a-%d8%b1%d8%a7%d8%af%d9%8a%d9%88-%d9%85%d8%af%d9%8a%d9%86%d8%a9-%d8%aa%d8%a7%d8%b1%d8%a7%d8%ba%d9%88%d9%86%d8%a7\\\/%d8%aa%d8%a7%d8%b1%d8%a7%d8%ba%d9%88%d9%86%d8%a7-%d8%af%d9%8a%d9%84%d9%8a-%d8%a7%d9%84%d9%85%d9%83%d8%aa%d8%a8%d8%a9-%d8%a7%d9%84%d8%b9%d8%a7%d9%85%d8%a9-%d9%81%d9%8a-%d8%aa%d8%a7%d8%b1%d8%a7%d8%ba\\\/\"},\"wordCount\":554,\"image\":{\"@id\":\"https:\\\/\\\/radiociutat.com\\\/ar\\\/%d8%aa%d8%a7%d8%b1%d8%a7%d8%ba%d9%88%d9%86%d8%a7-%d8%af%d9%8a%d9%84%d9%8a-%d8%b1%d8%a7%d8%af%d9%8a%d9%88-%d9%85%d8%af%d9%8a%d9%86%d8%a9-%d8%aa%d8%a7%d8%b1%d8%a7%d8%ba%d9%88%d9%86%d8%a7\\\/%d8%aa%d8%a7%d8%b1%d8%a7%d8%ba%d9%88%d9%86%d8%a7-%d8%af%d9%8a%d9%84%d9%8a-%d8%a7%d9%84%d9%85%d9%83%d8%aa%d8%a8%d8%a9-%d8%a7%d9%84%d8%b9%d8%a7%d9%85%d8%a9-%d9%81%d9%8a-%d8%aa%d8%a7%d8%b1%d8%a7%d8%ba\\\/#primaryimage\"},\"thumbnailUrl\":\"https:\\\/\\\/files.radiociutat.com\\\/rctgn\\\/wp-content\\\/uploads\\\/2026\\\/03\\\/Tabacalera-012-scaled.jpg\",\"keywords\":[\"Tarragona\",\"\u062a\u0627\u0631\u0627\u063a\u0648\u0646\u0627 \u062f\u064a\u0644\u064a\"],\"articleSection\":[\"\u062a\u0627\u0631\u0627\u063a\u0648\u0646\u0627 \u062f\u064a\u0644\u064a - \u0631\u0627\u062f\u064a\u0648 \u0645\u062f\u064a\u0646\u0629 \u062a\u0627\u0631\u0627\u063a\u0648\u0646\u0627\"],\"inLanguage\":\"ar\"},{\"@type\":\"WebPage\",\"@id\":\"https:\\\/\\\/radiociutat.com\\\/ar\\\/%d8%aa%d8%a7%d8%b1%d8%a7%d8%ba%d9%88%d9%86%d8%a7-%d8%af%d9%8a%d9%84%d9%8a-%d8%b1%d8%a7%d8%af%d9%8a%d9%88-%d9%85%d8%af%d9%8a%d9%86%d8%a9-%d8%aa%d8%a7%d8%b1%d8%a7%d8%ba%d9%88%d9%86%d8%a7\\\/%d8%aa%d8%a7%d8%b1%d8%a7%d8%ba%d9%88%d9%86%d8%a7-%d8%af%d9%8a%d9%84%d9%8a-%d8%a7%d9%84%d9%85%d9%83%d8%aa%d8%a8%d8%a9-%d8%a7%d9%84%d8%b9%d8%a7%d9%85%d8%a9-%d9%81%d9%8a-%d8%aa%d8%a7%d8%b1%d8%a7%d8%ba\\\/\",\"url\":\"https:\\\/\\\/radiociutat.com\\\/ar\\\/%d8%aa%d8%a7%d8%b1%d8%a7%d8%ba%d9%88%d9%86%d8%a7-%d8%af%d9%8a%d9%84%d9%8a-%d8%b1%d8%a7%d8%af%d9%8a%d9%88-%d9%85%d8%af%d9%8a%d9%86%d8%a9-%d8%aa%d8%a7%d8%b1%d8%a7%d8%ba%d9%88%d9%86%d8%a7\\\/%d8%aa%d8%a7%d8%b1%d8%a7%d8%ba%d9%88%d9%86%d8%a7-%d8%af%d9%8a%d9%84%d9%8a-%d8%a7%d9%84%d9%85%d9%83%d8%aa%d8%a8%d8%a9-%d8%a7%d9%84%d8%b9%d8%a7%d9%85%d8%a9-%d9%81%d9%8a-%d8%aa%d8%a7%d8%b1%d8%a7%d8%ba\\\/\",\"name\":\"\u062a\u0627\u0631\u0627\u063a\u0648\u0646\u0627 \u062f\u064a\u0644\u064a | \u0627\u0644\u0645\u0643\u062a\u0628\u0629 \u0627\u0644\u0639\u0627\u0645\u0629 \u0641\u064a \u062a\u0627\u0631\u0627\u063a\u0648\u0646\u0627 \u062a\u0646\u062a\u0642\u0644 \u0625\u0644\u0649 \u0645\u0628\u0646\u0649 \u062a\u0627\u0628\u0627\u0643\u0627\u0644\u064a\u0631\u0627 \u0627\u0644\u0642\u062f\u064a\u0645 - R\u00e0dio Ciutat de Tarragona\",\"isPartOf\":{\"@id\":\"https:\\\/\\\/radiociutat.com\\\/ar\\\/#website\"},\"primaryImageOfPage\":{\"@id\":\"https:\\\/\\\/radiociutat.com\\\/ar\\\/%d8%aa%d8%a7%d8%b1%d8%a7%d8%ba%d9%88%d9%86%d8%a7-%d8%af%d9%8a%d9%84%d9%8a-%d8%b1%d8%a7%d8%af%d9%8a%d9%88-%d9%85%d8%af%d9%8a%d9%86%d8%a9-%d8%aa%d8%a7%d8%b1%d8%a7%d8%ba%d9%88%d9%86%d8%a7\\\/%d8%aa%d8%a7%d8%b1%d8%a7%d8%ba%d9%88%d9%86%d8%a7-%d8%af%d9%8a%d9%84%d9%8a-%d8%a7%d9%84%d9%85%d9%83%d8%aa%d8%a8%d8%a9-%d8%a7%d9%84%d8%b9%d8%a7%d9%85%d8%a9-%d9%81%d9%8a-%d8%aa%d8%a7%d8%b1%d8%a7%d8%ba\\\/#primaryimage\"},\"image\":{\"@id\":\"https:\\\/\\\/radiociutat.com\\\/ar\\\/%d8%aa%d8%a7%d8%b1%d8%a7%d8%ba%d9%88%d9%86%d8%a7-%d8%af%d9%8a%d9%84%d9%8a-%d8%b1%d8%a7%d8%af%d9%8a%d9%88-%d9%85%d8%af%d9%8a%d9%86%d8%a9-%d8%aa%d8%a7%d8%b1%d8%a7%d8%ba%d9%88%d9%86%d8%a7\\\/%d8%aa%d8%a7%d8%b1%d8%a7%d8%ba%d9%88%d9%86%d8%a7-%d8%af%d9%8a%d9%84%d9%8a-%d8%a7%d9%84%d9%85%d9%83%d8%aa%d8%a8%d8%a9-%d8%a7%d9%84%d8%b9%d8%a7%d9%85%d8%a9-%d9%81%d9%8a-%d8%aa%d8%a7%d8%b1%d8%a7%d8%ba\\\/#primaryimage\"},\"thumbnailUrl\":\"https:\\\/\\\/files.radiociutat.com\\\/rctgn\\\/wp-content\\\/uploads\\\/2026\\\/03\\\/Tabacalera-012-scaled.jpg\",\"datePublished\":\"2026-03-02T12:53:28+00:00\",\"author\":{\"@id\":\"https:\\\/\\\/radiociutat.com\\\/ar\\\/#\\\/schema\\\/person\\\/daeecbc4942e3432e8d8b8663bf7d714\"},\"breadcrumb\":{\"@id\":\"https:\\\/\\\/radiociutat.com\\\/ar\\\/%d8%aa%d8%a7%d8%b1%d8%a7%d8%ba%d9%88%d9%86%d8%a7-%d8%af%d9%8a%d9%84%d9%8a-%d8%b1%d8%a7%d8%af%d9%8a%d9%88-%d9%85%d8%af%d9%8a%d9%86%d8%a9-%d8%aa%d8%a7%d8%b1%d8%a7%d8%ba%d9%88%d9%86%d8%a7\\\/%d8%aa%d8%a7%d8%b1%d8%a7%d8%ba%d9%88%d9%86%d8%a7-%d8%af%d9%8a%d9%84%d9%8a-%d8%a7%d9%84%d9%85%d9%83%d8%aa%d8%a8%d8%a9-%d8%a7%d9%84%d8%b9%d8%a7%d9%85%d8%a9-%d9%81%d9%8a-%d8%aa%d8%a7%d8%b1%d8%a7%d8%ba\\\/#breadcrumb\"},\"inLanguage\":\"ar\",\"potentialAction\":[{\"@type\":\"ReadAction\",\"target\":[\"https:\\\/\\\/radiociutat.com\\\/ar\\\/%d8%aa%d8%a7%d8%b1%d8%a7%d8%ba%d9%88%d9%86%d8%a7-%d8%af%d9%8a%d9%84%d9%8a-%d8%b1%d8%a7%d8%af%d9%8a%d9%88-%d9%85%d8%af%d9%8a%d9%86%d8%a9-%d8%aa%d8%a7%d8%b1%d8%a7%d8%ba%d9%88%d9%86%d8%a7\\\/%d8%aa%d8%a7%d8%b1%d8%a7%d8%ba%d9%88%d9%86%d8%a7-%d8%af%d9%8a%d9%84%d9%8a-%d8%a7%d9%84%d9%85%d9%83%d8%aa%d8%a8%d8%a9-%d8%a7%d9%84%d8%b9%d8%a7%d9%85%d8%a9-%d9%81%d9%8a-%d8%aa%d8%a7%d8%b1%d8%a7%d8%ba\\\/\"]}]},{\"@type\":\"ImageObject\",\"inLanguage\":\"ar\",\"@id\":\"https:\\\/\\\/radiociutat.com\\\/ar\\\/%d8%aa%d8%a7%d8%b1%d8%a7%d8%ba%d9%88%d9%86%d8%a7-%d8%af%d9%8a%d9%84%d9%8a-%d8%b1%d8%a7%d8%af%d9%8a%d9%88-%d9%85%d8%af%d9%8a%d9%86%d8%a9-%d8%aa%d8%a7%d8%b1%d8%a7%d8%ba%d9%88%d9%86%d8%a7\\\/%d8%aa%d8%a7%d8%b1%d8%a7%d8%ba%d9%88%d9%86%d8%a7-%d8%af%d9%8a%d9%84%d9%8a-%d8%a7%d9%84%d9%85%d9%83%d8%aa%d8%a8%d8%a9-%d8%a7%d9%84%d8%b9%d8%a7%d9%85%d8%a9-%d9%81%d9%8a-%d8%aa%d8%a7%d8%b1%d8%a7%d8%ba\\\/#primaryimage\",\"url\":\"https:\\\/\\\/files.radiociutat.com\\\/rctgn\\\/wp-content\\\/uploads\\\/2026\\\/03\\\/Tabacalera-012-scaled.jpg\",\"contentUrl\":\"https:\\\/\\\/files.radiociutat.com\\\/rctgn\\\/wp-content\\\/uploads\\\/2026\\\/03\\\/Tabacalera-012-scaled.jpg\",\"width\":2560,\"height\":1920},{\"@type\":\"BreadcrumbList\",\"@id\":\"https:\\\/\\\/radiociutat.com\\\/ar\\\/%d8%aa%d8%a7%d8%b1%d8%a7%d8%ba%d9%88%d9%86%d8%a7-%d8%af%d9%8a%d9%84%d9%8a-%d8%b1%d8%a7%d8%af%d9%8a%d9%88-%d9%85%d8%af%d9%8a%d9%86%d8%a9-%d8%aa%d8%a7%d8%b1%d8%a7%d8%ba%d9%88%d9%86%d8%a7\\\/%d8%aa%d8%a7%d8%b1%d8%a7%d8%ba%d9%88%d9%86%d8%a7-%d8%af%d9%8a%d9%84%d9%8a-%d8%a7%d9%84%d9%85%d9%83%d8%aa%d8%a8%d8%a9-%d8%a7%d9%84%d8%b9%d8%a7%d9%85%d8%a9-%d9%81%d9%8a-%d8%aa%d8%a7%d8%b1%d8%a7%d8%ba\\\/#breadcrumb\",\"itemListElement\":[{\"@type\":\"ListItem\",\"position\":1,\"name\":\"Inici\",\"item\":\"https:\\\/\\\/radiociutat.com\\\/ar\\\/\"},{\"@type\":\"ListItem\",\"position\":2,\"name\":\"\u062a\u0627\u0631\u0627\u063a\u0648\u0646\u0627 \u062f\u064a\u0644\u064a | \u0627\u0644\u0645\u0643\u062a\u0628\u0629 \u0627\u0644\u0639\u0627\u0645\u0629 \u0641\u064a \u062a\u0627\u0631\u0627\u063a\u0648\u0646\u0627 \u062a\u0646\u062a\u0642\u0644 \u0625\u0644\u0649 \u0645\u0628\u0646\u0649 \u062a\u0627\u0628\u0627\u0643\u0627\u0644\u064a\u0631\u0627 \u0627\u0644\u0642\u062f\u064a\u0645\"}]},{\"@type\":\"WebSite\",\"@id\":\"https:\\\/\\\/radiociutat.com\\\/ar\\\/#website\",\"url\":\"https:\\\/\\\/radiociutat.com\\\/ar\\\/\",\"name\":\"R\u00e0dio Ciutat de Tarragona\",\"description\":\"R\u00e0dio Ciutat de Tarragona - RCTgn.cat R\u00e0dio Online\",\"potentialAction\":[{\"@type\":\"SearchAction\",\"target\":{\"@type\":\"EntryPoint\",\"urlTemplate\":\"https:\\\/\\\/radiociutat.com\\\/ar\\\/?s={search_term_string}\"},\"query-input\":{\"@type\":\"PropertyValueSpecification\",\"valueRequired\":true,\"valueName\":\"search_term_string\"}}],\"inLanguage\":\"ar\"},{\"@type\":\"Person\",\"@id\":\"https:\\\/\\\/radiociutat.com\\\/ar\\\/#\\\/schema\\\/person\\\/daeecbc4942e3432e8d8b8663bf7d714\",\"name\":\"Adri\u00e0 Duch\",\"sameAs\":[\"https:\\\/\\\/radiociutat.com\\\/wp-content\\\/uploads\\\/2024\\\/02\\\/ADRIA-DUCH.png\"],\"url\":\"https:\\\/\\\/radiociutat.com\\\/ar\\\/author\\\/adria-duch\\\/\"}]}<\/script>\n<!-- \/ Yoast SEO Premium plugin. -->","yoast_head_json":{"title":"\u062a\u0627\u0631\u0627\u063a\u0648\u0646\u0627 \u062f\u064a\u0644\u064a | \u0627\u0644\u0645\u0643\u062a\u0628\u0629 \u0627\u0644\u0639\u0627\u0645\u0629 \u0641\u064a \u062a\u0627\u0631\u0627\u063a\u0648\u0646\u0627 \u062a\u0646\u062a\u0642\u0644 \u0625\u0644\u0649 \u0645\u0628\u0646\u0649 \u062a\u0627\u0628\u0627\u0643\u0627\u0644\u064a\u0631\u0627 \u0627\u0644\u0642\u062f\u064a\u0645 - R\u00e0dio Ciutat de Tarragona","robots":{"index":"index","follow":"follow","max-snippet":"max-snippet:-1","max-image-preview":"max-image-preview:large","max-video-preview":"max-video-preview:-1"},"canonical":"https:\/\/radiociutat.com\/ar\/%d8%aa%d8%a7%d8%b1%d8%a7%d8%ba%d9%88%d9%86%d8%a7-%d8%af%d9%8a%d9%84%d9%8a-%d8%b1%d8%a7%d8%af%d9%8a%d9%88-%d9%85%d8%af%d9%8a%d9%86%d8%a9-%d8%aa%d8%a7%d8%b1%d8%a7%d8%ba%d9%88%d9%86%d8%a7\/%d8%aa%d8%a7%d8%b1%d8%a7%d8%ba%d9%88%d9%86%d8%a7-%d8%af%d9%8a%d9%84%d9%8a-%d8%a7%d9%84%d9%85%d9%83%d8%aa%d8%a8%d8%a9-%d8%a7%d9%84%d8%b9%d8%a7%d9%85%d8%a9-%d9%81%d9%8a-%d8%aa%d8%a7%d8%b1%d8%a7%d8%ba\/","og_locale":"ar_AR","og_type":"article","og_title":"\u062a\u0627\u0631\u0627\u063a\u0648\u0646\u0627 \u062f\u064a\u0644\u064a | \u0627\u0644\u0645\u0643\u062a\u0628\u0629 \u0627\u0644\u0639\u0627\u0645\u0629 \u0641\u064a \u062a\u0627\u0631\u0627\u063a\u0648\u0646\u0627 \u062a\u0646\u062a\u0642\u0644 \u0625\u0644\u0649 \u0645\u0628\u0646\u0649 \u062a\u0627\u0628\u0627\u0643\u0627\u0644\u064a\u0631\u0627 \u0627\u0644\u0642\u062f\u064a\u0645","og_description":"El Ministeri de Cultura confirma que la Biblioteca P\u00fablica de l\u2019Estat es traslladar\u00e0 a la Tabacalera El Ministeri de Cultura ha confirmat que la Biblioteca P\u00fablica de l\u2019Estat a Tarragona es traslladar\u00e0 a l\u2019edifici principal de l\u2019antiga Tabacalera de Tarragona. La nova seu ocupar\u00e0 10.000 metres quadrats a les antigues zones noble i d\u2019assecador, distribu\u00efts [&hellip;]","og_url":"https:\/\/radiociutat.com\/ar\/%d8%aa%d8%a7%d8%b1%d8%a7%d8%ba%d9%88%d9%86%d8%a7-%d8%af%d9%8a%d9%84%d9%8a-%d8%b1%d8%a7%d8%af%d9%8a%d9%88-%d9%85%d8%af%d9%8a%d9%86%d8%a9-%d8%aa%d8%a7%d8%b1%d8%a7%d8%ba%d9%88%d9%86%d8%a7\/%d8%aa%d8%a7%d8%b1%d8%a7%d8%ba%d9%88%d9%86%d8%a7-%d8%af%d9%8a%d9%84%d9%8a-%d8%a7%d9%84%d9%85%d9%83%d8%aa%d8%a8%d8%a9-%d8%a7%d9%84%d8%b9%d8%a7%d9%85%d8%a9-%d9%81%d9%8a-%d8%aa%d8%a7%d8%b1%d8%a7%d8%ba\/","og_site_name":"R\u00e0dio Ciutat de Tarragona","article_publisher":"https:\/\/www.facebook.com\/rctgn","article_published_time":"2026-03-02T12:53:28+00:00","og_image":[{"width":3000,"height":3000,"url":"https:\/\/files.radiociutat.com\/rctgn\/wp-content\/uploads\/2021\/03\/LOGO-RCTGN-RADIO-CIUTAT-DE-TARRAGONA-TRANSPARENTE-TARRAGONA-2020-3000X3000-Redes1-copia.png","type":"image\/png"}],"author":"Adri\u00e0 Duch","twitter_card":"summary_large_image","twitter_creator":"@RCTgn","twitter_site":"@RCTgn","twitter_misc":{"\u0643\u064f\u062a\u0628 \u0628\u0648\u0627\u0633\u0637\u0629":"Adri\u00e0 Duch","\u0648\u0642\u062a \u0627\u0644\u0642\u0631\u0627\u0621\u0629 \u0627\u0644\u0645\u064f\u0642\u062f\u0651\u0631":"3 \u062f\u0642\u0627\u0626\u0642"},"schema":{"@context":"https:\/\/schema.org","@graph":[{"@type":"Article","@id":"https:\/\/radiociutat.com\/ar\/%d8%aa%d8%a7%d8%b1%d8%a7%d8%ba%d9%88%d9%86%d8%a7-%d8%af%d9%8a%d9%84%d9%8a-%d8%b1%d8%a7%d8%af%d9%8a%d9%88-%d9%85%d8%af%d9%8a%d9%86%d8%a9-%d8%aa%d8%a7%d8%b1%d8%a7%d8%ba%d9%88%d9%86%d8%a7\/%d8%aa%d8%a7%d8%b1%d8%a7%d8%ba%d9%88%d9%86%d8%a7-%d8%af%d9%8a%d9%84%d9%8a-%d8%a7%d9%84%d9%85%d9%83%d8%aa%d8%a8%d8%a9-%d8%a7%d9%84%d8%b9%d8%a7%d9%85%d8%a9-%d9%81%d9%8a-%d8%aa%d8%a7%d8%b1%d8%a7%d8%ba\/#article","isPartOf":{"@id":"https:\/\/radiociutat.com\/ar\/%d8%aa%d8%a7%d8%b1%d8%a7%d8%ba%d9%88%d9%86%d8%a7-%d8%af%d9%8a%d9%84%d9%8a-%d8%b1%d8%a7%d8%af%d9%8a%d9%88-%d9%85%d8%af%d9%8a%d9%86%d8%a9-%d8%aa%d8%a7%d8%b1%d8%a7%d8%ba%d9%88%d9%86%d8%a7\/%d8%aa%d8%a7%d8%b1%d8%a7%d8%ba%d9%88%d9%86%d8%a7-%d8%af%d9%8a%d9%84%d9%8a-%d8%a7%d9%84%d9%85%d9%83%d8%aa%d8%a8%d8%a9-%d8%a7%d9%84%d8%b9%d8%a7%d9%85%d8%a9-%d9%81%d9%8a-%d8%aa%d8%a7%d8%b1%d8%a7%d8%ba\/"},"author":{"name":"Adri\u00e0 Duch","@id":"https:\/\/radiociutat.com\/ar\/#\/schema\/person\/daeecbc4942e3432e8d8b8663bf7d714"},"headline":"\u062a\u0627\u0631\u0627\u063a\u0648\u0646\u0627 \u062f\u064a\u0644\u064a | \u0627\u0644\u0645\u0643\u062a\u0628\u0629 \u0627\u0644\u0639\u0627\u0645\u0629 \u0641\u064a \u062a\u0627\u0631\u0627\u063a\u0648\u0646\u0627 \u062a\u0646\u062a\u0642\u0644 \u0625\u0644\u0649 \u0645\u0628\u0646\u0649 \u062a\u0627\u0628\u0627\u0643\u0627\u0644\u064a\u0631\u0627 \u0627\u0644\u0642\u062f\u064a\u0645","datePublished":"2026-03-02T12:53:28+00:00","mainEntityOfPage":{"@id":"https:\/\/radiociutat.com\/ar\/%d8%aa%d8%a7%d8%b1%d8%a7%d8%ba%d9%88%d9%86%d8%a7-%d8%af%d9%8a%d9%84%d9%8a-%d8%b1%d8%a7%d8%af%d9%8a%d9%88-%d9%85%d8%af%d9%8a%d9%86%d8%a9-%d8%aa%d8%a7%d8%b1%d8%a7%d8%ba%d9%88%d9%86%d8%a7\/%d8%aa%d8%a7%d8%b1%d8%a7%d8%ba%d9%88%d9%86%d8%a7-%d8%af%d9%8a%d9%84%d9%8a-%d8%a7%d9%84%d9%85%d9%83%d8%aa%d8%a8%d8%a9-%d8%a7%d9%84%d8%b9%d8%a7%d9%85%d8%a9-%d9%81%d9%8a-%d8%aa%d8%a7%d8%b1%d8%a7%d8%ba\/"},"wordCount":554,"image":{"@id":"https:\/\/radiociutat.com\/ar\/%d8%aa%d8%a7%d8%b1%d8%a7%d8%ba%d9%88%d9%86%d8%a7-%d8%af%d9%8a%d9%84%d9%8a-%d8%b1%d8%a7%d8%af%d9%8a%d9%88-%d9%85%d8%af%d9%8a%d9%86%d8%a9-%d8%aa%d8%a7%d8%b1%d8%a7%d8%ba%d9%88%d9%86%d8%a7\/%d8%aa%d8%a7%d8%b1%d8%a7%d8%ba%d9%88%d9%86%d8%a7-%d8%af%d9%8a%d9%84%d9%8a-%d8%a7%d9%84%d9%85%d9%83%d8%aa%d8%a8%d8%a9-%d8%a7%d9%84%d8%b9%d8%a7%d9%85%d8%a9-%d9%81%d9%8a-%d8%aa%d8%a7%d8%b1%d8%a7%d8%ba\/#primaryimage"},"thumbnailUrl":"https:\/\/files.radiociutat.com\/rctgn\/wp-content\/uploads\/2026\/03\/Tabacalera-012-scaled.jpg","keywords":["Tarragona","\u062a\u0627\u0631\u0627\u063a\u0648\u0646\u0627 \u062f\u064a\u0644\u064a"],"articleSection":["\u062a\u0627\u0631\u0627\u063a\u0648\u0646\u0627 \u062f\u064a\u0644\u064a - \u0631\u0627\u062f\u064a\u0648 \u0645\u062f\u064a\u0646\u0629 \u062a\u0627\u0631\u0627\u063a\u0648\u0646\u0627"],"inLanguage":"ar"},{"@type":"WebPage","@id":"https:\/\/radiociutat.com\/ar\/%d8%aa%d8%a7%d8%b1%d8%a7%d8%ba%d9%88%d9%86%d8%a7-%d8%af%d9%8a%d9%84%d9%8a-%d8%b1%d8%a7%d8%af%d9%8a%d9%88-%d9%85%d8%af%d9%8a%d9%86%d8%a9-%d8%aa%d8%a7%d8%b1%d8%a7%d8%ba%d9%88%d9%86%d8%a7\/%d8%aa%d8%a7%d8%b1%d8%a7%d8%ba%d9%88%d9%86%d8%a7-%d8%af%d9%8a%d9%84%d9%8a-%d8%a7%d9%84%d9%85%d9%83%d8%aa%d8%a8%d8%a9-%d8%a7%d9%84%d8%b9%d8%a7%d9%85%d8%a9-%d9%81%d9%8a-%d8%aa%d8%a7%d8%b1%d8%a7%d8%ba\/","url":"https:\/\/radiociutat.com\/ar\/%d8%aa%d8%a7%d8%b1%d8%a7%d8%ba%d9%88%d9%86%d8%a7-%d8%af%d9%8a%d9%84%d9%8a-%d8%b1%d8%a7%d8%af%d9%8a%d9%88-%d9%85%d8%af%d9%8a%d9%86%d8%a9-%d8%aa%d8%a7%d8%b1%d8%a7%d8%ba%d9%88%d9%86%d8%a7\/%d8%aa%d8%a7%d8%b1%d8%a7%d8%ba%d9%88%d9%86%d8%a7-%d8%af%d9%8a%d9%84%d9%8a-%d8%a7%d9%84%d9%85%d9%83%d8%aa%d8%a8%d8%a9-%d8%a7%d9%84%d8%b9%d8%a7%d9%85%d8%a9-%d9%81%d9%8a-%d8%aa%d8%a7%d8%b1%d8%a7%d8%ba\/","name":"\u062a\u0627\u0631\u0627\u063a\u0648\u0646\u0627 \u062f\u064a\u0644\u064a | \u0627\u0644\u0645\u0643\u062a\u0628\u0629 \u0627\u0644\u0639\u0627\u0645\u0629 \u0641\u064a \u062a\u0627\u0631\u0627\u063a\u0648\u0646\u0627 \u062a\u0646\u062a\u0642\u0644 \u0625\u0644\u0649 \u0645\u0628\u0646\u0649 \u062a\u0627\u0628\u0627\u0643\u0627\u0644\u064a\u0631\u0627 \u0627\u0644\u0642\u062f\u064a\u0645 - R\u00e0dio Ciutat de Tarragona","isPartOf":{"@id":"https:\/\/radiociutat.com\/ar\/#website"},"primaryImageOfPage":{"@id":"https:\/\/radiociutat.com\/ar\/%d8%aa%d8%a7%d8%b1%d8%a7%d8%ba%d9%88%d9%86%d8%a7-%d8%af%d9%8a%d9%84%d9%8a-%d8%b1%d8%a7%d8%af%d9%8a%d9%88-%d9%85%d8%af%d9%8a%d9%86%d8%a9-%d8%aa%d8%a7%d8%b1%d8%a7%d8%ba%d9%88%d9%86%d8%a7\/%d8%aa%d8%a7%d8%b1%d8%a7%d8%ba%d9%88%d9%86%d8%a7-%d8%af%d9%8a%d9%84%d9%8a-%d8%a7%d9%84%d9%85%d9%83%d8%aa%d8%a8%d8%a9-%d8%a7%d9%84%d8%b9%d8%a7%d9%85%d8%a9-%d9%81%d9%8a-%d8%aa%d8%a7%d8%b1%d8%a7%d8%ba\/#primaryimage"},"image":{"@id":"https:\/\/radiociutat.com\/ar\/%d8%aa%d8%a7%d8%b1%d8%a7%d8%ba%d9%88%d9%86%d8%a7-%d8%af%d9%8a%d9%84%d9%8a-%d8%b1%d8%a7%d8%af%d9%8a%d9%88-%d9%85%d8%af%d9%8a%d9%86%d8%a9-%d8%aa%d8%a7%d8%b1%d8%a7%d8%ba%d9%88%d9%86%d8%a7\/%d8%aa%d8%a7%d8%b1%d8%a7%d8%ba%d9%88%d9%86%d8%a7-%d8%af%d9%8a%d9%84%d9%8a-%d8%a7%d9%84%d9%85%d9%83%d8%aa%d8%a8%d8%a9-%d8%a7%d9%84%d8%b9%d8%a7%d9%85%d8%a9-%d9%81%d9%8a-%d8%aa%d8%a7%d8%b1%d8%a7%d8%ba\/#primaryimage"},"thumbnailUrl":"https:\/\/files.radiociutat.com\/rctgn\/wp-content\/uploads\/2026\/03\/Tabacalera-012-scaled.jpg","datePublished":"2026-03-02T12:53:28+00:00","author":{"@id":"https:\/\/radiociutat.com\/ar\/#\/schema\/person\/daeecbc4942e3432e8d8b8663bf7d714"},"breadcrumb":{"@id":"https:\/\/radiociutat.com\/ar\/%d8%aa%d8%a7%d8%b1%d8%a7%d8%ba%d9%88%d9%86%d8%a7-%d8%af%d9%8a%d9%84%d9%8a-%d8%b1%d8%a7%d8%af%d9%8a%d9%88-%d9%85%d8%af%d9%8a%d9%86%d8%a9-%d8%aa%d8%a7%d8%b1%d8%a7%d8%ba%d9%88%d9%86%d8%a7\/%d8%aa%d8%a7%d8%b1%d8%a7%d8%ba%d9%88%d9%86%d8%a7-%d8%af%d9%8a%d9%84%d9%8a-%d8%a7%d9%84%d9%85%d9%83%d8%aa%d8%a8%d8%a9-%d8%a7%d9%84%d8%b9%d8%a7%d9%85%d8%a9-%d9%81%d9%8a-%d8%aa%d8%a7%d8%b1%d8%a7%d8%ba\/#breadcrumb"},"inLanguage":"ar","potentialAction":[{"@type":"ReadAction","target":["https:\/\/radiociutat.com\/ar\/%d8%aa%d8%a7%d8%b1%d8%a7%d8%ba%d9%88%d9%86%d8%a7-%d8%af%d9%8a%d9%84%d9%8a-%d8%b1%d8%a7%d8%af%d9%8a%d9%88-%d9%85%d8%af%d9%8a%d9%86%d8%a9-%d8%aa%d8%a7%d8%b1%d8%a7%d8%ba%d9%88%d9%86%d8%a7\/%d8%aa%d8%a7%d8%b1%d8%a7%d8%ba%d9%88%d9%86%d8%a7-%d8%af%d9%8a%d9%84%d9%8a-%d8%a7%d9%84%d9%85%d9%83%d8%aa%d8%a8%d8%a9-%d8%a7%d9%84%d8%b9%d8%a7%d9%85%d8%a9-%d9%81%d9%8a-%d8%aa%d8%a7%d8%b1%d8%a7%d8%ba\/"]}]},{"@type":"ImageObject","inLanguage":"ar","@id":"https:\/\/radiociutat.com\/ar\/%d8%aa%d8%a7%d8%b1%d8%a7%d8%ba%d9%88%d9%86%d8%a7-%d8%af%d9%8a%d9%84%d9%8a-%d8%b1%d8%a7%d8%af%d9%8a%d9%88-%d9%85%d8%af%d9%8a%d9%86%d8%a9-%d8%aa%d8%a7%d8%b1%d8%a7%d8%ba%d9%88%d9%86%d8%a7\/%d8%aa%d8%a7%d8%b1%d8%a7%d8%ba%d9%88%d9%86%d8%a7-%d8%af%d9%8a%d9%84%d9%8a-%d8%a7%d9%84%d9%85%d9%83%d8%aa%d8%a8%d8%a9-%d8%a7%d9%84%d8%b9%d8%a7%d9%85%d8%a9-%d9%81%d9%8a-%d8%aa%d8%a7%d8%b1%d8%a7%d8%ba\/#primaryimage","url":"https:\/\/files.radiociutat.com\/rctgn\/wp-content\/uploads\/2026\/03\/Tabacalera-012-scaled.jpg","contentUrl":"https:\/\/files.radiociutat.com\/rctgn\/wp-content\/uploads\/2026\/03\/Tabacalera-012-scaled.jpg","width":2560,"height":1920},{"@type":"BreadcrumbList","@id":"https:\/\/radiociutat.com\/ar\/%d8%aa%d8%a7%d8%b1%d8%a7%d8%ba%d9%88%d9%86%d8%a7-%d8%af%d9%8a%d9%84%d9%8a-%d8%b1%d8%a7%d8%af%d9%8a%d9%88-%d9%85%d8%af%d9%8a%d9%86%d8%a9-%d8%aa%d8%a7%d8%b1%d8%a7%d8%ba%d9%88%d9%86%d8%a7\/%d8%aa%d8%a7%d8%b1%d8%a7%d8%ba%d9%88%d9%86%d8%a7-%d8%af%d9%8a%d9%84%d9%8a-%d8%a7%d9%84%d9%85%d9%83%d8%aa%d8%a8%d8%a9-%d8%a7%d9%84%d8%b9%d8%a7%d9%85%d8%a9-%d9%81%d9%8a-%d8%aa%d8%a7%d8%b1%d8%a7%d8%ba\/#breadcrumb","itemListElement":[{"@type":"ListItem","position":1,"name":"Inici","item":"https:\/\/radiociutat.com\/ar\/"},{"@type":"ListItem","position":2,"name":"\u062a\u0627\u0631\u0627\u063a\u0648\u0646\u0627 \u062f\u064a\u0644\u064a | \u0627\u0644\u0645\u0643\u062a\u0628\u0629 \u0627\u0644\u0639\u0627\u0645\u0629 \u0641\u064a \u062a\u0627\u0631\u0627\u063a\u0648\u0646\u0627 \u062a\u0646\u062a\u0642\u0644 \u0625\u0644\u0649 \u0645\u0628\u0646\u0649 \u062a\u0627\u0628\u0627\u0643\u0627\u0644\u064a\u0631\u0627 \u0627\u0644\u0642\u062f\u064a\u0645"}]},{"@type":"WebSite","@id":"https:\/\/radiociutat.com\/ar\/#website","url":"https:\/\/radiociutat.com\/ar\/","name":"R\u00e0dio Ciutat de Tarragona","description":"R\u00e0dio Ciutat de Tarragona - RCTgn.cat R\u00e0dio Online","potentialAction":[{"@type":"SearchAction","target":{"@type":"EntryPoint","urlTemplate":"https:\/\/radiociutat.com\/ar\/?s={search_term_string}"},"query-input":{"@type":"PropertyValueSpecification","valueRequired":true,"valueName":"search_term_string"}}],"inLanguage":"ar"},{"@type":"Person","@id":"https:\/\/radiociutat.com\/ar\/#\/schema\/person\/daeecbc4942e3432e8d8b8663bf7d714","name":"Adri\u00e0 Duch","sameAs":["https:\/\/radiociutat.com\/wp-content\/uploads\/2024\/02\/ADRIA-DUCH.png"],"url":"https:\/\/radiociutat.com\/ar\/author\/adria-duch\/"}]}},"_links":{"self":[{"href":"https:\/\/radiociutat.com\/ar\/wp-json\/wp\/v2\/posts\/369670","targetHints":{"allow":["GET"]}}],"collection":[{"href":"https:\/\/radiociutat.com\/ar\/wp-json\/wp\/v2\/posts"}],"about":[{"href":"https:\/\/radiociutat.com\/ar\/wp-json\/wp\/v2\/types\/post"}],"author":[{"embeddable":true,"href":"https:\/\/radiociutat.com\/ar\/wp-json\/wp\/v2\/users\/84"}],"replies":[{"embeddable":true,"href":"https:\/\/radiociutat.com\/ar\/wp-json\/wp\/v2\/comments?post=369670"}],"version-history":[{"count":0,"href":"https:\/\/radiociutat.com\/ar\/wp-json\/wp\/v2\/posts\/369670\/revisions"}],"wp:featuredmedia":[{"embeddable":true,"href":"https:\/\/radiociutat.com\/ar\/wp-json\/wp\/v2\/media\/240273"}],"wp:attachment":[{"href":"https:\/\/radiociutat.com\/ar\/wp-json\/wp\/v2\/media?parent=369670"}],"wp:term":[{"taxonomy":"category","embeddable":true,"href":"https:\/\/radiociutat.com\/ar\/wp-json\/wp\/v2\/categories?post=369670"},{"taxonomy":"post_tag","embeddable":true,"href":"https:\/\/radiociutat.com\/ar\/wp-json\/wp\/v2\/tags?post=369670"}],"curies":[{"name":"wp","href":"https:\/\/api.w.org\/{rel}","templated":true}]}}